{"id":402867,"date":"2012-08-02T22:36:23","date_gmt":"2012-08-03T02:36:23","guid":{"rendered":"http:\/\/diarioelpopular.com\/?p=402867"},"modified":"2012-08-02T22:36:23","modified_gmt":"2012-08-03T02:36:23","slug":"el-rostro-de-la-venganza","status":"publish","type":"post","link":"https:\/\/diarioelpopular.com\/index.php\/2012\/08\/02\/el-rostro-de-la-venganza\/","title":{"rendered":"\u201cEl Rostro de la Venganza\u201d"},"content":{"rendered":"<p align=\"center\"><a href=\"https:\/\/diarioelpopular.com\/wp-content\/uploads\/2012\/08\/web.501.jpg\"><img loading=\"lazy\" decoding=\"async\" class=\"aligncenter size-full wp-image-402869\" title=\"web.50\" src=\"https:\/\/diarioelpopular.com\/wp-content\/uploads\/2012\/08\/web.501.jpg\" alt=\"\" width=\"700\" height=\"420\" \/><\/a>La presentaci\u00f3n de la nueva telenovela de la cadena Telemundo, que se realiz\u00f3 el pasado martes en el Hotel Four Season de Miami, nos dej\u00f3 una muy buena impresi\u00f3n a los medios que esa noche estuvimos presentes. Hubo acci\u00f3n, emoci\u00f3n, muchos exteriores y muy buena qu\u00edmica entre los protagonistas, realmente sus personajes est\u00e1n escritos a la medida.<\/p>\n<p>Es una historia bien contada, con buenas actuaciones y no hay sobreactuaciones de \u00e9sas que siguen abundando en otras telenovelas, por eso podemos decir que tiene los mejores ingredientes para mantener cautivo al televidente y estamos seguros de que se consolidar\u00e1 en el inter\u00e9s del p\u00fablico.<\/p>\n<p>Por la Alfombra Roja desfil\u00f3 el elenco de la telenovela, adem\u00e1s esa noche tambi\u00e9n se encontraba el escritor de este \u00e9xito, el chileno Sebasti\u00e1n Arrau quien nos revel\u00f3:<\/p>\n<p align=\"center\"><strong><a href=\"https:\/\/diarioelpopular.com\/wp-content\/uploads\/2012\/08\/web.16.jpg\"><img loading=\"lazy\" decoding=\"async\" class=\"aligncenter size-full wp-image-402872\" title=\"web.16\" src=\"https:\/\/diarioelpopular.com\/wp-content\/uploads\/2012\/08\/web.16.jpg\" alt=\"\" width=\"700\" height=\"420\" \/><\/a>Sebasti\u00e1n Arrau \u2013 Aurelio Valc\u00e1rcel &#8211;<\/strong><\/p>\n<p>\u201cUna de las cosas que llam\u00f3 mucho la atenci\u00f3n de actores como Sa\u00fal Lisazo es este guion, yo me he encargado de que en cada capitulo pasen muchas cosas, que tenga una profundidad distinta. Los personajes no son buenos ni malos sino que tienen muchos matices, por eso cuando \u00a0present\u00e9 este proyecto estaba muy nervioso pero tenia confianza, imag\u00ednate, un ni\u00f1o de 10 a\u00f1os asesino, al que todos culpan pero que sigue siendo un ni\u00f1o. Yo estaba escribiendo guiones para la televisi\u00f3n en Chile y gracias a Ignacio Valenzuela, que escribi\u00f3 La casa de al Lado, fue que me relacion\u00e9 con la gente de Telemundo. Estoy muy contento y en cada capitulo les estar\u00e9 entregando lo mejor\u201d.<\/p>\n<p><strong>Maritza Rodr\u00edguez<\/strong> \u2013 Antonia Villarroel.<\/p>\n<p>\u201cYo te dir\u00eda que de la telenovela hay muchos detalles que uno se puede enamorar de un personaje en este caso Antonia me da la oportunidad para crecer como actriz por la combinaci\u00f3n entre mi personaje anterior y este. La historia del ni\u00f1o o sea de Diego que mas adelante se convierte en Martin, me pareci\u00f3 que yo pod\u00eda tener una voz hacia la comunidad ya que mi personaje lo alimenta mucho Martin, es tan bonito pero tan complicado este personaje y lo que hace Antonia con \u00e9l hasta a mi me ha hecho pensar y es \u00bfhasta que punto uno puedo ayudar? Es que a veces uno puede levantarse un d\u00eda y decir hoy yo que voy hacer por alguien tal cosa, es que siempre pensamos es en nosotros.\u00a0 Aqu\u00ed Antonia busca la justicia que a ella nunca se le dio en la vida\u201d.<\/p>\n<p align=\"center\"><strong><a href=\"https:\/\/diarioelpopular.com\/wp-content\/uploads\/2012\/08\/web.08.jpg\"><img loading=\"lazy\" decoding=\"async\" class=\"aligncenter size-full wp-image-402871\" title=\"web.08\" src=\"https:\/\/diarioelpopular.com\/wp-content\/uploads\/2012\/08\/web.08.jpg\" alt=\"\" width=\"700\" height=\"420\" \/><\/a>Sa\u00fal Lisazo &#8211; Elizabeth Guti\u00e9rrez<\/strong><\/p>\n<p><strong>Sa\u00fal Lisazo<\/strong> \u2013 Ezequiel Alvarado.<\/p>\n<p>\u201cEsta es una historia diferente a las telenovelas es mas una serie que una telenovela por eso me llamo la atenci\u00f3n, tiene tremenda acci\u00f3n y cuando termina un capitulo quieres ver el siguiente. Yo no le llamar\u00eda a este personaje de Ezequiel ni villano ni gal\u00e1n mas bien es un personaje con muchas cualidades y tambi\u00e9n tiene defectos como todo los seres humanos, lo \u00fanico probablemente es su temperamento fuerte quiz\u00e1s es la diferencia de los otros personajes que he realizado hasta el momento\u201d.<\/p>\n<p><strong>Felicia Mercado<\/strong> &#8211; Valeria Samaniego.<\/p>\n<p>\u201cMuy contenta de estar en Miami trabajando en esta novela con un equipo fabuloso. Mi personaje es el de Valeria, una mujer muy fr\u00eda, muy fr\u00edvola, muy mala, al punto de que cuando algo no le conviene para su familia o sus negocios es capaz de eliminar a quien sea, adem\u00e1s\u00a0 tengo un hijo que trato muy mal, todo lo contrario de lo que es Felicia. S\u00e9 que la gente ya esta acostumbrada a verme de villana, es algo que me encanta, pero si les puedo asegurar que va a ser una historia sensacional que no se podr\u00e1n perder\u201d.<\/p>\n<p><strong>Cynthia Olavarr\u00eda<\/strong> &#8211; Diana Mercader.<\/p>\n<p>\u201cUna telenovela que tiene todo para triunfar y es el pr\u00f3ximo \u00e9xito de Telemundo. El elenco es maravilloso pero ustedes se van a dar cuenta que cada capitulo los dejara pendientes, es que tiene un alto grado de tensi\u00f3n. Mi personaje me impact\u00f3 much\u00edsimo, soy la hermana melliza del ni\u00f1o monstruo, por lo tanto siempre estoy girando en torno a mi hermano, en como lo puedo ayudar, yo por el soy capaz de hacer cualquier cosa\u201d.<\/p>\n<p><strong>Paloma M\u00e1rquez<\/strong> \u2013 Natalia Garc\u00eda.<\/p>\n<p>\u201cSoy la pareja de Jos\u00e9 Guillermo Cortinez o sea el que hace el papel de\u00a0 Alex Maldonado y tenemos debido a la tragedia una sicolog\u00eda como que muy particular ya que todos los ni\u00f1os que estuvimos en esa gran tragedia tenemos problemas para seguir con la vida. Soy la mejor amiga del ni\u00f1o monstruo a quien ayudar\u00e9 a reivindicarse con la sociedad y a descubrir todos aquellos misterios que sucedieron hace 20 a\u00f1os\u201d.<\/p>\n<p><strong>Jonathan Islas<\/strong> \u2013 Luciano Alvarado.<\/p>\n<p>\u201cVengo de otro antag\u00f3nico y hacer la diferencia de personaje, aparte de dif\u00edcil, tienes que hacerlo realmente distinto. Es la primera vez que trabajo en Miami con Telemundo, estuve seis a\u00f1os en Colombia, un pa\u00eds muy bonito, y viv\u00ed en Bogot\u00e1. Llevamos un mes y medio aqu\u00ed y las cosas mas fuertes a\u00fan no las hemos grabado, pero el hecho de estar enamorado de la novia de tu pap\u00e1, ya es algo como muy fuerte\u201d.<\/p>\n<p><strong>Jorge Eduardo Garc\u00eda<\/strong> &#8211; Juanito Mercader.<\/p>\n<p>\u201cTengo dos papeles: primero soy Diego Mercader, el de David Chocarro de peque\u00f1o. El tiene las cosas muy bien guardadas, aparte de que su pap\u00e1 es un borracho que le pega, sus amigos lo molestan en la escuela y no tiene a nadie que lo quiera, \u00a0no m\u00e1s que su mam\u00e1 y su hermana. Y segundo a Juanito, el sobrino de David Chocarro, un ni\u00f1o muy alegre, bueno, inteligente pero que al final se vuelve muy malo. De este personaje lo que m\u00e1s me ha gustado es que soy totalmente diferente a mi anterior papel, de Lalo en \u2018Una Maid en Manhattan\u2019, pero en esta novela soy todo lo contrario. Hay una escena en la escuela en la que yo camino\u00a0 con una pistola y apunto a la c\u00e1mara, eso se me ha hecho algo impresionante porque casi todos los personajes que he tenido son de ni\u00f1o bueno, de angelito, pero aqu\u00ed soy un \u2018fregado\u2019 \u201d.<\/p>\n<p><strong>Roberto Mateos<\/strong>. Federico Samaniego.<\/p>\n<p>\u201cFederico Samaniego no est\u00e1 de acuerdo con que hayan dejado salir a Diego 20 a\u00f1os despu\u00e9s, lo que \u00e9l busca es la venganza pues le hab\u00edan prometido que le dar\u00edan a Diego cadena perpetua y va tras de quienes hayan matado a su hija. La historia da mucho para serie, digamos que es una serie un poquito larga, pero tiene muchas cosas muy buenas, est\u00e1 muy bien manejada, muy bien escrita y muy bien dirigida\u201d.<\/p>\n<p><strong>H\u00e9ctor Fuentes<\/strong>. Salvador.<\/p>\n<p>\u201cSoy un hombre muy malo, mafioso, de muy mala reputaci\u00f3n. Este un personaje distinto, es un gran reto y le agradezco a Telemundo que me ha dado la oportunidad de mostrar mi talento pues ya he hecho casi todas las facetas como actor, he hecho comedia en Perro Amor, en la Casa de al Lado fue un poco comedia con drama, en Relaciones Peligrosas fui el pap\u00e1 de un muchacho muy conflictivo y ahora soy un malvado. Estoy fascinado, esta es una sensacional novela, bien escrita y muy entretenida, s\u00e9 que la van a pasar bien\u201d.<\/p>\n<p><strong>Christian Carabias<\/strong>. Omar Mercader.<\/p>\n<p>\u201cSoy Omar el hermano menor de la familia Mercader. Tengo un hijo que es Juanito y yo tengo un hijo, en la vida real, de esa misma edad, de hecho aprovechamos esas experiencias para poderlas trasmitir y pon\u00e9rselas al personaje. El libreto es muy bueno y nos exige a todos a dar lo mejor de nosotros\u201d.<a href=\"https:\/\/diarioelpopular.com\/wp-content\/uploads\/2012\/08\/web.106.jpg\"><img loading=\"lazy\" decoding=\"async\" class=\"aligncenter size-full wp-image-402870\" title=\"web.106\" src=\"https:\/\/diarioelpopular.com\/wp-content\/uploads\/2012\/08\/web.106.jpg\" alt=\"\" width=\"700\" height=\"420\" \/><\/a><\/p>\n<p>\u201cEl Rostro de la Venganza\u201d, todos los d\u00edas comenzando a 10:30 pm\/9:30c por Telemundo.<\/p>\n<p><strong>Fotos Frank.<\/strong><\/p>\n","protected":false},"excerpt":{"rendered":"<p>La presentaci\u00f3n de la nueva telenovela de la cadena Telemundo, que se realiz\u00f3 el pasado martes en el Hotel Four Season de Miami, nos dej\u00f3 una muy buena impresi\u00f3n a los medios que esa noche estuvimos presentes. Hubo acci\u00f3n, emoci\u00f3n, muchos exteriores y muy buena qu\u00edmica entre los protagonistas, realmente sus personajes est\u00e1n escritos a la medida.<\/p>\n","protected":false},"author":1,"featured_media":402869,"comment_status":"open","ping_status":"open","sticky":false,"template":"","format":"standard","meta":{"footnotes":""},"categories":[80,81],"tags":[3269,83],"class_list":["post-402867","post","type-post","status-publish","format-standard","has-post-thumbnail","hentry","category-cine-2","category-columnistas","tag-azuero","tag-rossana"],"_links":{"self":[{"href":"https:\/\/diarioelpopular.com\/index.php\/wp-json\/wp\/v2\/posts\/402867","targetHints":{"allow":["GET"]}}],"collection":[{"href":"https:\/\/diarioelpopular.com\/index.php\/wp-json\/wp\/v2\/posts"}],"about":[{"href":"https:\/\/diarioelpopular.com\/index.php\/wp-json\/wp\/v2\/types\/post"}],"author":[{"embeddable":true,"href":"https:\/\/diarioelpopular.com\/index.php\/wp-json\/wp\/v2\/users\/1"}],"replies":[{"embeddable":true,"href":"https:\/\/diarioelpopular.com\/index.php\/wp-json\/wp\/v2\/comments?post=402867"}],"version-history":[{"count":0,"href":"https:\/\/diarioelpopular.com\/index.php\/wp-json\/wp\/v2\/posts\/402867\/revisions"}],"wp:featuredmedia":[{"embeddable":true,"href":"https:\/\/diarioelpopular.com\/index.php\/wp-json\/"}],"wp:attachment":[{"href":"https:\/\/diarioelpopular.com\/index.php\/wp-json\/wp\/v2\/media?parent=402867"}],"wp:term":[{"taxonomy":"category","embeddable":true,"href":"https:\/\/diarioelpopular.com\/index.php\/wp-json\/wp\/v2\/categories?post=402867"},{"taxonomy":"post_tag","embeddable":true,"href":"https:\/\/diarioelpopular.com\/index.php\/wp-json\/wp\/v2\/tags?post=402867"}],"curies":[{"name":"wp","href":"https:\/\/api.w.org\/{rel}","templated":true}]}}