{"id":402896,"date":"2012-08-02T22:54:47","date_gmt":"2012-08-03T02:54:47","guid":{"rendered":"http:\/\/diarioelpopular.com\/?p=402896"},"modified":"2012-08-02T22:54:47","modified_gmt":"2012-08-03T02:54:47","slug":"nadal-no-acudira-a-la-rogers-cup","status":"publish","type":"post","link":"https:\/\/diarioelpopular.com\/index.php\/2012\/08\/02\/nadal-no-acudira-a-la-rogers-cup\/","title":{"rendered":"Nadal no acudir\u00e1 a la Rogers Cup"},"content":{"rendered":"<div id=\"attachment_402897\" style=\"width: 710px\" class=\"wp-caption aligncenter\"><a href=\"https:\/\/diarioelpopular.com\/wp-content\/uploads\/2012\/08\/web.nadal_.jpg\"><img loading=\"lazy\" decoding=\"async\" aria-describedby=\"caption-attachment-402897\" class=\"size-full wp-image-402897\" title=\"web.nadal\" src=\"https:\/\/diarioelpopular.com\/wp-content\/uploads\/2012\/08\/web.nadal_.jpg\" alt=\"\" width=\"700\" height=\"420\" \/><\/a><p id=\"caption-attachment-402897\" class=\"wp-caption-text\">Nadal ya se ha resentido varias veces de la rodilla<\/p><\/div>\n<p><strong><em>TORONTO.-<\/em><\/strong> Tennis Canad\u00e1 anunci\u00f3 este jueves que el n\u00famero 3 del mundo, Rafael Nadal, se ha retirado de la Rogers Cup, que se celebra entre el pr\u00f3ximo 4 y 12 de agosto, debido a una lesi\u00f3n en su rodilla.<\/p>\n<p>&#8220;Venir a Toronto es siempre uno de los aspectos m\u00e1s destacados de mi temporada, as\u00ed que estoy muy decepcionado por no poder jugar all\u00ed este a\u00f1o&#8221;, dijo Nadal. &#8220;Pensaba ir a Toronto, y he hecho todo lo posible para estar listo, pero todav\u00eda necesito m\u00e1s tiempo para recuperarme&#8221;.<\/p>\n<p>Esta ser\u00e1 la primera vez desde su debut en 2004 que Nadal se pierda el Masters 1000 de Canad\u00e1.<\/p>\n<p>La misma lesi\u00f3n le oblig\u00f3 a renunciar los Juegos Ol\u00edmpicos de Londres que comenzaron la semana pasada.<\/p>\n<p>&#8220;Rafa es uno de los jugadores favoritos aqu\u00ed y siempre ha sido un gran apoyo para \u00a0nuestro campeonato&#8221;, dijo el director del Rogers Cup, Karl Hale. &#8220;Obviamente estamos decepcionados porque no pueda venir a Toronto este a\u00f1o, pero le deseamos una pronta recuperaci\u00f3n para que pueda regresar al Tour tan pronto como sea posible&#8221;.<\/p>\n<p>Por otra parte, los cabezas de serie del cuadro principal que comenzar\u00e1 a jugar a partir del pr\u00f3ximo jueves son David Ferrer (Espa\u00f1a), Gael Monfils (Francia) y Fernando Verdasco (Espa\u00f1a).<\/p>\n","protected":false},"excerpt":{"rendered":"<p>Tennis Canad\u00e1 anunci\u00f3 este jueves que el n\u00famero 3 del mundo, Rafael Nadal, se ha retirado de la Rogers Cup, que se celebra entre el pr\u00f3ximo 4 y 12 de agosto, debido a una lesi\u00f3n en su rodilla. <\/p>\n","protected":false},"author":1,"featured_media":402897,"comment_status":"open","ping_status":"open","sticky":false,"template":"","format":"standard","meta":{"footnotes":""},"categories":[21,28],"tags":[4310,426,4311,176],"class_list":["post-402896","post","type-post","status-publish","format-standard","has-post-thumbnail","hentry","category-canada","category-deportes","tag-cup","tag-nadal","tag-rogers","tag-tenis"],"_links":{"self":[{"href":"https:\/\/diarioelpopular.com\/index.php\/wp-json\/wp\/v2\/posts\/402896","targetHints":{"allow":["GET"]}}],"collection":[{"href":"https:\/\/diarioelpopular.com\/index.php\/wp-json\/wp\/v2\/posts"}],"about":[{"href":"https:\/\/diarioelpopular.com\/index.php\/wp-json\/wp\/v2\/types\/post"}],"author":[{"embeddable":true,"href":"https:\/\/diarioelpopular.com\/index.php\/wp-json\/wp\/v2\/users\/1"}],"replies":[{"embeddable":true,"href":"https:\/\/diarioelpopular.com\/index.php\/wp-json\/wp\/v2\/comments?post=402896"}],"version-history":[{"count":0,"href":"https:\/\/diarioelpopular.com\/index.php\/wp-json\/wp\/v2\/posts\/402896\/revisions"}],"wp:featuredmedia":[{"embeddable":true,"href":"https:\/\/diarioelpopular.com\/index.php\/wp-json\/"}],"wp:attachment":[{"href":"https:\/\/diarioelpopular.com\/index.php\/wp-json\/wp\/v2\/media?parent=402896"}],"wp:term":[{"taxonomy":"category","embeddable":true,"href":"https:\/\/diarioelpopular.com\/index.php\/wp-json\/wp\/v2\/categories?post=402896"},{"taxonomy":"post_tag","embeddable":true,"href":"https:\/\/diarioelpopular.com\/index.php\/wp-json\/wp\/v2\/tags?post=402896"}],"curies":[{"name":"wp","href":"https:\/\/api.w.org\/{rel}","templated":true}]}}