{"id":403093,"date":"2012-08-06T22:21:08","date_gmt":"2012-08-07T02:21:08","guid":{"rendered":"http:\/\/diarioelpopular.com\/?p=403093"},"modified":"2012-08-06T22:21:08","modified_gmt":"2012-08-07T02:21:08","slug":"alejandro-sanz-paulina-rubio-y-jorge-drexler-se-despiden-de-chavela-vargas","status":"publish","type":"post","link":"https:\/\/diarioelpopular.com\/index.php\/2012\/08\/06\/alejandro-sanz-paulina-rubio-y-jorge-drexler-se-despiden-de-chavela-vargas\/","title":{"rendered":"Alejandro Sanz, Paulina Rubio y Jorge Drexler se despiden de Chavela Vargas"},"content":{"rendered":"<div id=\"attachment_403094\" style=\"width: 710px\" class=\"wp-caption aligncenter\"><a href=\"https:\/\/diarioelpopular.com\/wp-content\/uploads\/2012\/08\/WEB.CHAVELA.jpg\"><img loading=\"lazy\" decoding=\"async\" aria-describedby=\"caption-attachment-403094\" class=\"size-full wp-image-403094\" title=\"WEB.CHAVELA\" src=\"https:\/\/diarioelpopular.com\/wp-content\/uploads\/2012\/08\/WEB.CHAVELA.jpg\" alt=\"\" width=\"700\" height=\"420\" \/><\/a><p id=\"caption-attachment-403094\" class=\"wp-caption-text\">CIUDAD DE M\u00c9XICO (M\u00c9XICO).- Fotograf\u00eda del f\u00e9retro de la cantante mexicana de origen costarricenseChavela Vargas en una funeraria de Ciudad de M\u00e9xico. Chavela Vargas muri\u00f3 este domingo a sus 93 a\u00f1os debido a una insuficiencia respiratoria aguda, a una bronconeumon\u00eda cr\u00f3nica y una falla renal cr\u00f3nica agudizada, seg\u00fan inform\u00f3 su m\u00e9dico, Jos\u00e9 Manuel N\u00fa\u00f1ez. La artista, cuyo nombre real es Isabel Vargas Lizano, estuvo hospitalizada desde la semana pasada y atendida por el equipo m\u00e9dico encabezado por N\u00fa\u00f1ez en el hospital Inovamed de Cuernavaca, capital del central estado de Morelos.<\/p><\/div>\n<p><strong><em>Madrid.-<\/em><\/strong> Los mexicanos Julieta Venegas, Paulina Rubio, Lila Downs, el uruguayo Jorge Drexler, el argentino Diego Torres, el colombiano Carlos Vives y los espa\u00f1oles Alejandro Sanz, Ismael Serrano y Dani Mart\u00edn son algunos de los artistas que con sus &#8220;tuits&#8221; rindieron este lunes homenaje a la cantante Chavela Vargas.<\/p>\n<p>&#8220;Noo, no me lo digan.. Ah ya se me torci\u00f3 el alma.. Adi\u00f3s chavela.. bonito viaje nos dejaste maestra.. Vuela Se\u00f1orona.. Y dile al mundo: ah\u00ed te quedas.. Hasta siempre Chavela.. Ya no me lo digan&#8221; ha &#8220;tuiteado&#8221; Alejandro Sanz.<\/p>\n<p>La mexicana Paulina Rubio, ha expresado su patriotismo en un &#8220;tuit&#8221; que dice: &#8220;\u00a1Chavela Vargas has venido a morir a tu M\u00e9xico! \u00a1Tu m\u00fasica sigue viva por siempre!&#8221;<br \/>\nPor su parte, el cantautor uruguayo, Jorge Drexler le ha dedicado a la artista estas palabras: &#8220;Vibr\u00f3 experto el fogonazo\/ Entre tus brazos abiertos\/ Lo cierto es que hiciste escuela!\/ Mi semiespinela brinda\/ Por la m\u00e1s linda: Chavela!&#8221;.<\/p>\n<p>El madrile\u00f1o Ismael Serrano ha escrito: &#8220;Se fue Chavela. T\u00f3mate esta botella conmigo. En el \u00faltimo trago nos vamos. Quiero ver a qu\u00e9 sabe tu olvido sin poner en mis ojos tus manos&#8221;,<\/p>\n<p>El cantante espa\u00f1ol Dani Mart\u00edn, l\u00edder de El Canto del Loco, proporciona un enlace a un v\u00eddeo que muestra fotos de Joaqu\u00edn Sabina y Chavela Vargas cantando &#8220;Noches de boda&#8221;, un tema del disco &#8220;19 d\u00edas y 500 noches&#8221;.<\/p>\n<p>La noticia tampoco ha sido indiferente para el colombiano Carlos Vives que ha dicho en su cuenta oficial, tras conocer el fallecimiento de la cantante: &#8220;Muri\u00f3 Chavela y con ella un pedazo de mi infancia&#8230;sus canciones se escapaban de un tocadiscos del cuarto de mis papas!&#8221;<\/p>\n<p>Horas m\u00e1s tarde, a\u00f1ad\u00eda: &#8220;Chavela era ese M\u00e9jico de todos, el que se qued\u00f3 conmigo siempre, el que me habita! Ay Chavela, Chavela, Chavela!!!&#8221;<\/p>\n<p>El venezolano Carlos Baute, ha querido dar &#8220;un dulce y respetuoso adi\u00f3s a una gran artista, que dio todo lo que quiso y vivi\u00f3 todo lo que pudo&#8221;.<\/p>\n<p>La mexicana Julieta Venegas ha escrito en Twitter: &#8220;Ay Chavela!!! T\u00fa no mueres porque vivir\u00e1s para siempre en nosotros. Tu voz y tu esp\u00edritu nos dan fuerza. Gracias. Descansa en paz&#8221;, y su compatriota Lila Downs recuerda: &#8220;Do\u00f1a Chavela Vargas, Te queremos mucho mujer brava!&#8221;<\/p>\n<p>El cantante argentino Diego Torres ha se\u00f1alado: &#8220;A los 93 a\u00f1os se apago la Gran Chavela Vargas un icono de la m\u00fasica Latinoamericana! Su legado es enorme y su huella quedara en el tiempo&#8221;.<\/p>\n","protected":false},"excerpt":{"rendered":"<p>Los mexicanos Julieta Venegas, Paulina Rubio, Lila Downs, el uruguayo Jorge Drexler, el argentino Diego Torres, el colombiano Carlos Vives y los espa\u00f1oles Alejandro Sanz, Ismael Serrano y Dani Mart\u00edn son algunos de los artistas que con sus &#8220;tuits&#8221; rindieron este lunes homenaje a la cantante Chavela Vargas.<\/p>\n","protected":false},"author":1,"featured_media":403094,"comment_status":"open","ping_status":"open","sticky":false,"template":"","format":"standard","meta":{"footnotes":""},"categories":[80,23],"tags":[2913,3328,1661,2915],"class_list":["post-403093","post","type-post","status-publish","format-standard","has-post-thumbnail","hentry","category-cine-2","category-latinoamerica","tag-chavela","tag-fallecimiento","tag-muerte","tag-vargas"],"_links":{"self":[{"href":"https:\/\/diarioelpopular.com\/index.php\/wp-json\/wp\/v2\/posts\/403093","targetHints":{"allow":["GET"]}}],"collection":[{"href":"https:\/\/diarioelpopular.com\/index.php\/wp-json\/wp\/v2\/posts"}],"about":[{"href":"https:\/\/diarioelpopular.com\/index.php\/wp-json\/wp\/v2\/types\/post"}],"author":[{"embeddable":true,"href":"https:\/\/diarioelpopular.com\/index.php\/wp-json\/wp\/v2\/users\/1"}],"replies":[{"embeddable":true,"href":"https:\/\/diarioelpopular.com\/index.php\/wp-json\/wp\/v2\/comments?post=403093"}],"version-history":[{"count":0,"href":"https:\/\/diarioelpopular.com\/index.php\/wp-json\/wp\/v2\/posts\/403093\/revisions"}],"wp:featuredmedia":[{"embeddable":true,"href":"https:\/\/diarioelpopular.com\/index.php\/wp-json\/"}],"wp:attachment":[{"href":"https:\/\/diarioelpopular.com\/index.php\/wp-json\/wp\/v2\/media?parent=403093"}],"wp:term":[{"taxonomy":"category","embeddable":true,"href":"https:\/\/diarioelpopular.com\/index.php\/wp-json\/wp\/v2\/categories?post=403093"},{"taxonomy":"post_tag","embeddable":true,"href":"https:\/\/diarioelpopular.com\/index.php\/wp-json\/wp\/v2\/tags?post=403093"}],"curies":[{"name":"wp","href":"https:\/\/api.w.org\/{rel}","templated":true}]}}