{"id":403102,"date":"2012-08-06T22:28:50","date_gmt":"2012-08-07T02:28:50","guid":{"rendered":"http:\/\/diarioelpopular.com\/?p=403102"},"modified":"2012-08-06T22:28:50","modified_gmt":"2012-08-07T02:28:50","slug":"zanetti-consuma-su-idilio-con-las-anillas","status":"publish","type":"post","link":"https:\/\/diarioelpopular.com\/index.php\/2012\/08\/06\/zanetti-consuma-su-idilio-con-las-anillas\/","title":{"rendered":"Zanetti consuma su idilio con las anillas"},"content":{"rendered":"<div id=\"attachment_403103\" style=\"width: 710px\" class=\"wp-caption aligncenter\"><a href=\"https:\/\/diarioelpopular.com\/wp-content\/uploads\/2012\/08\/WEB.ZANETTI.jpg\"><img loading=\"lazy\" decoding=\"async\" aria-describedby=\"caption-attachment-403103\" class=\"size-full wp-image-403103\" title=\"WEB.ZANETTI\" src=\"https:\/\/diarioelpopular.com\/wp-content\/uploads\/2012\/08\/WEB.ZANETTI.jpg\" alt=\"\" width=\"700\" height=\"420\" \/><\/a><p id=\"caption-attachment-403103\" class=\"wp-caption-text\">LONDRES (REINO UNIDO).- El gimnasta brasile\u00f1o Arthur Nabarrete Zanetti posa con su medalla de oro en el podio tras la final de anillas de los Juegos Ol\u00edmpicos de Londres 2012 en Londres, Reino Unido, este lunes 6 de agosto de 2012. Zanetti, de 22 a\u00f1os, ha ganado el oro y conseguido as\u00ed la primera medalla para la gimnasia iberoamericana en toda la historia ol\u00edmpica.<\/p><\/div>\n<p><strong><em>Londres.-<\/em><\/strong> Los gimnastas se dividen en dos grupos: los que odian las anillas y los que las aman. El brasile\u00f1o Arthur Zanetti, nuevo campe\u00f3n ol\u00edmpico de ese aparato y primer medallista iberoamericano de la historia de la gimnasia ol\u00edmpica, est\u00e1 en el segundo grupo.<\/p>\n<p>Tanto se ha especializado en esta disciplina que es la \u00fanica para la que logr\u00f3 la clasificaci\u00f3n en los Juegos de Londres. Totalmente centrado en este aparato en los \u00faltimos meses, las anillas, acostumbradas al desprecio de tantos otros gimnastas, le devolvieron hoy todo su cari\u00f1o con un oro incuestionable.<br \/>\nPrimer campe\u00f3n ol\u00edmpico brasile\u00f1o de gimnasia, primera medalla iberoamericana en este deporte, medallista 500 de latinoam\u00e9rica&#8230; el logro de este hombre de 156 cent\u00edmetros trasciende su victoria de este lunes. Y con los Juegos de 2016 en R\u00edo de Janeiro, Zanetti se suma a la lista de probables triunfadores en la gran cita en su propio pa\u00eds.<br \/>\nNacido hace 22 a\u00f1os en Sao Caetano do Sul, en la regi\u00f3n metropolitana de S\u00e3o Paulo, Arthur se aficion\u00f3 a la gimnasia a los siete a\u00f1os. Un profesor se dio cuenta de era m\u00e1s peque\u00f1o en estatura, pero tambi\u00e9n m\u00e1s r\u00e1pido y m\u00e1s \u00e1gil que sus compa\u00f1eros, y le recomend\u00f3 a su madre que le llevase a un club.<br \/>\nEn el SERC Santa Mar\u00eda, que todav\u00eda hoy defiende, empez\u00f3 el camino que concluy\u00f3 hoy sobre el podio del North Greenwich Arena de Londres.<br \/>\nActualmente estudia educaci\u00f3n f\u00edsica y vive en S\u00e3o Bernardo do Campo, otra ciudad de la periferia de S\u00e3o Paulo.<br \/>\nEl cuarto puesto en anillas en los Mundiales de 2009 fue su primer gran \u00e9xito internacional, seguido en 2010 por el oro en los Juegos Sudamericanos de Medell\u00edn (Colombia).<br \/>\nEn ese mismo a\u00f1o se someti\u00f3 una operaci\u00f3n en el hombro derecho que requiri\u00f3 cuatro meses de recuperaci\u00f3n.<br \/>\nEl a\u00f1o de su despegue fue 2011, en el que se proclam\u00f3 subcampe\u00f3n panamericano y mundial, adem\u00e1s de campe\u00f3n panamericano por equipos.<br \/>\nPensando en los Juegos Ol\u00edmpicos, en 2012 subi\u00f3 la dificultad de su ejercicio. Pero lo que verdaderamente le ense\u00f1\u00f3 a tratar de t\u00fa a t\u00fa a los mejores fueron los interminables viajes a Europa, donde se disputan la mayor\u00eda de las pruebas de la Copa del Mundo, la \u00fanica competici\u00f3n internacional que hay entre campeonatos continentales o mundiales.<br \/>\nAntes de los Juegos estuvo en las de Cottbus (Alemania), Osijek (Croacia), Maribor (Eslovenia) y Gante (B\u00e9lgica), en las que obtuvo un segundo y tres primeros puestos. Sus notas fueron en progresi\u00f3n, un camino ascendente que prolong\u00f3 hasta este lunes.<br \/>\nMarcos Gotto, el hombre que rompi\u00f3 hoy a llorar cuando apareci\u00f3 en las pantallas la nota de Zanetti, le entrena desde los ocho a\u00f1os. Cuando compiten fuera de Brasil, fotograf\u00eda las equipaciones que cree que le har\u00edan falta a su pupilo para mejorar y le encarga su fabricaci\u00f3n al padre del gimnasta, Zacharias.<br \/>\nZanetti da gran importancia a la preparaci\u00f3n psicol\u00f3gica. Hoy lo demostr\u00f3, al no amilanarse ante la imponente n\u00f3mina de finalistas en anillas: Chen Yibing, cuatro veces campe\u00f3n mundial de anillas y defensor del t\u00edtulo ol\u00edmpico; el italiano Matteo Morandi, tres veces ol\u00edmpico y subcampe\u00f3n europeo; el b\u00falgaro Iordan Iovtchev, seis veces ol\u00edmpico y m\u00faltiple medallista ol\u00edmpico y mundial&#8230;<br \/>\nEl brasile\u00f1o compiti\u00f3 el \u00faltimo y compiti\u00f3 mejor. El mejor no solo de hoy: el mejor de toda la historia de la gimnasia latinoamericana. Sus rivales le hicieron corro para aplaudirle: ninguno se alegr\u00f3 de perder, pero s\u00ed de que ganara Zanetti.<\/p>\n","protected":false},"excerpt":{"rendered":"<p>Los gimnastas se dividen en dos grupos: los que odian las anillas y los que las aman. El brasile\u00f1o Arthur Zanetti, nuevo campe\u00f3n ol\u00edmpico de ese aparato y primer medallista iberoamericano de la historia de la gimnasia ol\u00edmpica, est\u00e1 en el segundo grupo.<\/p>\n","protected":false},"author":1,"featured_media":403103,"comment_status":"open","ping_status":"open","sticky":false,"template":"","format":"standard","meta":{"footnotes":""},"categories":[28],"tags":[4297,2748,1473,4321],"class_list":["post-403102","post","type-post","status-publish","format-standard","has-post-thumbnail","hentry","category-deportes","tag-4297","tag-2748","tag-londres","tag-zanetti"],"_links":{"self":[{"href":"https:\/\/diarioelpopular.com\/index.php\/wp-json\/wp\/v2\/posts\/403102","targetHints":{"allow":["GET"]}}],"collection":[{"href":"https:\/\/diarioelpopular.com\/index.php\/wp-json\/wp\/v2\/posts"}],"about":[{"href":"https:\/\/diarioelpopular.com\/index.php\/wp-json\/wp\/v2\/types\/post"}],"author":[{"embeddable":true,"href":"https:\/\/diarioelpopular.com\/index.php\/wp-json\/wp\/v2\/users\/1"}],"replies":[{"embeddable":true,"href":"https:\/\/diarioelpopular.com\/index.php\/wp-json\/wp\/v2\/comments?post=403102"}],"version-history":[{"count":0,"href":"https:\/\/diarioelpopular.com\/index.php\/wp-json\/wp\/v2\/posts\/403102\/revisions"}],"wp:featuredmedia":[{"embeddable":true,"href":"https:\/\/diarioelpopular.com\/index.php\/wp-json\/"}],"wp:attachment":[{"href":"https:\/\/diarioelpopular.com\/index.php\/wp-json\/wp\/v2\/media?parent=403102"}],"wp:term":[{"taxonomy":"category","embeddable":true,"href":"https:\/\/diarioelpopular.com\/index.php\/wp-json\/wp\/v2\/categories?post=403102"},{"taxonomy":"post_tag","embeddable":true,"href":"https:\/\/diarioelpopular.com\/index.php\/wp-json\/wp\/v2\/tags?post=403102"}],"curies":[{"name":"wp","href":"https:\/\/api.w.org\/{rel}","templated":true}]}}