{"id":403322,"date":"2012-08-07T22:03:49","date_gmt":"2012-08-08T02:03:49","guid":{"rendered":"http:\/\/diarioelpopular.com\/?p=403322"},"modified":"2012-08-07T22:03:49","modified_gmt":"2012-08-08T02:03:49","slug":"hombre-rocia-con-combatible-a-su-amigo-de-camping-y-le-prende-fuego","status":"publish","type":"post","link":"https:\/\/diarioelpopular.com\/index.php\/2012\/08\/07\/hombre-rocia-con-combatible-a-su-amigo-de-camping-y-le-prende-fuego\/","title":{"rendered":"Hombre roc\u00eda con combatible a su amigo de \u201ccamping\u201d y le prende fuego"},"content":{"rendered":"<div id=\"attachment_403324\" style=\"width: 710px\" class=\"wp-caption aligncenter\"><a href=\"https:\/\/diarioelpopular.com\/wp-content\/uploads\/2012\/08\/WEB.1.NOTA-21.jpg\"><img loading=\"lazy\" decoding=\"async\" aria-describedby=\"caption-attachment-403324\" class=\"size-full wp-image-403324\" title=\"WEB.1.NOTA-2\" src=\"https:\/\/diarioelpopular.com\/wp-content\/uploads\/2012\/08\/WEB.1.NOTA-21.jpg\" alt=\"\" width=\"700\" height=\"420\" \/><\/a><p id=\"caption-attachment-403324\" class=\"wp-caption-text\">Luego de tomar unas cuantas cervezas y beber muchos tragos, dos hombre se tranzaron en una pelea por una botella de licor y al parecer uno de ellos le prendi\u00f3 fuego al otro luego de rociarlo con combustible.<\/p><\/div>\n<p><strong><em>VANCOUVER.-<\/em><\/strong> Un hombre de 56 a\u00f1os de edad permanece en estado cr\u00edtico en el hospital despu\u00e9s de haber sido rociado con combustible en una zona de \u201ccamping\u201d, donde su compa\u00f1ero intento matarlo prendi\u00e9ndole fuego, luego de compartir varios tragos y cervezas.<\/p>\n<p>La Polic\u00eda ha acusado de intento de asesinato al amigo de la v\u00edctima, un hombre de 34 a\u00f1os de edad quien ha dicho que todo fue un accidente.<\/p>\n<p>De acuerdo con la investigaci\u00f3n realizada hasta el momento los hombres que se conoc\u00edan y eran amigos, estaban discutiendo luego de haber bebido mucho licor en una tienda de campa\u00f1a que hab\u00edan instalado en un campo adyacente a la autopista 1.<\/p>\n<p>La v\u00edctima, que tiene quemaduras en m\u00e1s del 50 por ciento de su cuerpo, fue encontrado luego que se report\u00f3 un incendio en la zona de \u201ccamping\u201d localizada por el camino de Lillooet.<\/p>\n<p>El campamento estaba equipado con bolsas de dormir, una estufa de gas propano, una serie de bicicletas y sillas de la sala.<\/p>\n<p>La polic\u00eda dice que la investigaci\u00f3n de la pelea est\u00e1 en curso y puede haber sido provocada por los tragos.<\/p>\n<p>La v\u00edctima fue trasladada a la unidad de quemados del hospital del Norte de Vancouver, donde se esta recuperando de las graves quemaduras dejadas por el fuego.<\/p>\n<p>Seg\u00fan las autoridades el los especialistas pusieron al paciente en un coma inducido por medicamentos para poder salvarlo.<\/p>\n<p>Los m\u00e9dicos han informado que la victima del ataque con fuego probablemente va a vivir pero va a quedar con muchas cicatrices en su cuerpo.<\/p>\n<p>De acuerdo con los investigadores del caso, hubo dos testigos que han ayudado a la polic\u00eda en la investigaci\u00f3n. Uno dejo que los dos hombre estaban peleando por una botella de alcohol y que fueron los tragos lo que gener\u00f3 la lucha entre ambos.<\/p>\n<p>Los oficiales contaron adem\u00e1s que al parecer el sitio donde ocurri\u00f3 el incidente realmente era el hogar de uno de ellos, se cree que el de la victima, porque seg\u00fan se pudo establecer llevaba en la misma zona por m\u00e1s de un a\u00f1o.<\/p>\n<p>Se cree que los dos hombre realmente Vivian en las calles y fue ah\u00ed donde se conocieron, pero son detalles que hacen parte de la investigaci\u00f3n y que debe aclarar el agresor o la victima cuando pueda hablar.<\/p>\n<p>Seg\u00fan testigos realmente no eran unos turistas de \u201ccamping\u201d en la zona, porque se la pasaban recolectando botellas que luego cambiaban por licor.<\/p>\n<p>Muchos de los testigos afirmaron que la v\u00edctima era un bebedor social y que se la pasab tomando cerveza.<\/p>\n<p>Seg\u00fan las autoridades la existencia de estos dos hombres viviendo sobre la v\u00eda era un secreto a voces, pero que nadie dec\u00eda nada porque se trataba de personas sin un hogar.<\/p>\n<p>Los residentes de la zona dicen que el barrio es muy tranquilo y que ellos eran muy tranquilos hasta que se present\u00f3 la pelea.<\/p>\n","protected":false},"excerpt":{"rendered":"<p>Un hombre de 56 a\u00f1os de edad permanece en estado cr\u00edtico en el hospital despu\u00e9s de haber sido rociado con combustible en una zona de \u201ccamping\u201d, donde su compa\u00f1ero intento matarlo prendi\u00e9ndole fuego, luego de compartir varios tragos y cervezas.<\/p>\n","protected":false},"author":1,"featured_media":403324,"comment_status":"open","ping_status":"open","sticky":false,"template":"","format":"standard","meta":{"footnotes":""},"categories":[21],"tags":[4337,2794,4338,463],"class_list":["post-403322","post","type-post","status-publish","format-standard","has-post-thumbnail","hentry","category-canada","tag-amigo","tag-hombre","tag-quema","tag-vancouver"],"_links":{"self":[{"href":"https:\/\/diarioelpopular.com\/index.php\/wp-json\/wp\/v2\/posts\/403322","targetHints":{"allow":["GET"]}}],"collection":[{"href":"https:\/\/diarioelpopular.com\/index.php\/wp-json\/wp\/v2\/posts"}],"about":[{"href":"https:\/\/diarioelpopular.com\/index.php\/wp-json\/wp\/v2\/types\/post"}],"author":[{"embeddable":true,"href":"https:\/\/diarioelpopular.com\/index.php\/wp-json\/wp\/v2\/users\/1"}],"replies":[{"embeddable":true,"href":"https:\/\/diarioelpopular.com\/index.php\/wp-json\/wp\/v2\/comments?post=403322"}],"version-history":[{"count":0,"href":"https:\/\/diarioelpopular.com\/index.php\/wp-json\/wp\/v2\/posts\/403322\/revisions"}],"wp:featuredmedia":[{"embeddable":true,"href":"https:\/\/diarioelpopular.com\/index.php\/wp-json\/"}],"wp:attachment":[{"href":"https:\/\/diarioelpopular.com\/index.php\/wp-json\/wp\/v2\/media?parent=403322"}],"wp:term":[{"taxonomy":"category","embeddable":true,"href":"https:\/\/diarioelpopular.com\/index.php\/wp-json\/wp\/v2\/categories?post=403322"},{"taxonomy":"post_tag","embeddable":true,"href":"https:\/\/diarioelpopular.com\/index.php\/wp-json\/wp\/v2\/tags?post=403322"}],"curies":[{"name":"wp","href":"https:\/\/api.w.org\/{rel}","templated":true}]}}