{"id":403342,"date":"2012-08-07T22:16:45","date_gmt":"2012-08-08T02:16:45","guid":{"rendered":"http:\/\/diarioelpopular.com\/?p=403342"},"modified":"2012-08-07T22:16:45","modified_gmt":"2012-08-08T02:16:45","slug":"desciende-el-numero-de-usuarios-de-air-canada","status":"publish","type":"post","link":"https:\/\/diarioelpopular.com\/index.php\/2012\/08\/07\/desciende-el-numero-de-usuarios-de-air-canada\/","title":{"rendered":"Desciende el n\u00famero de usuarios de Air Canada"},"content":{"rendered":"<div id=\"attachment_403343\" style=\"width: 710px\" class=\"wp-caption aligncenter\"><a href=\"https:\/\/diarioelpopular.com\/wp-content\/uploads\/2012\/08\/WEB.1-BREV1.jpg\"><img loading=\"lazy\" decoding=\"async\" aria-describedby=\"caption-attachment-403343\" class=\"size-full wp-image-403343\" title=\"WEB.1-BREV\" src=\"https:\/\/diarioelpopular.com\/wp-content\/uploads\/2012\/08\/WEB.1-BREV1.jpg\" alt=\"\" width=\"700\" height=\"420\" \/><\/a><p id=\"caption-attachment-403343\" class=\"wp-caption-text\">Aviones de la compa\u00f1\u00eda WestJet<\/p><\/div>\n<p><strong><em>CANAD\u00c1.-<\/em><\/strong> La compa\u00f1\u00eda a\u00e9rea m\u00e1s importante del pa\u00eds, Air Canada, ha visto como aumentaba el porcentaje de asientos vac\u00edos en sus vuelos durante el mes pasado, en comparaci\u00f3n con los datos del a\u00f1o pasado por las mismas fechas.<\/p>\n<p>La compa\u00f1\u00eda, con sede en Montreal, inform\u00f3 el martes que su porcentaje de factor de carga en julio fue del 85,9 %, frente al 86,4 % \u00a0de hace un a\u00f1o.<\/p>\n<p>Por el contrario, su mayor rival, la compa\u00f1\u00eda WestJet Airlines, con sede en Calgary, mostr\u00f3 mejoras en todas las medidas clave de rendimiento durante el mes de julio en comparaci\u00f3n con julio de 2011.<\/p>\n<p>&#8220;Los resultados son cercanos al factor r\u00e9cord del a\u00f1o pasado, lo que pone de relieve nuestro continuo enfoque disciplinado para la gesti\u00f3n de la capacidad&#8221;, dijo el presidente y director ejecutivo de Air Canada, Calin Rovinescu.<\/p>\n<p>Air Canad\u00e1 inform\u00f3 de que el factor de carga en sus vuelos a EE.UU. y al otro lado del Atl\u00e1ntico se redujo a un 80,1% y 87,5 %, respectivamente, por debajo del 81,2 y 89,5 por ciento, del a\u00f1o pasado.<\/p>\n<p>Los vuelos nacionales han aumentado su factor de carga al 84 %, por encima del 83,1 % de hace un a\u00f1o, mientras que los vuelos a trav\u00e9s del Pac\u00edfico escalaron hasta el 91,5 %, por el 91,2 % del julio pasado.<\/p>\n<p>Mientras tanto, WestJet tuvo un factor de carga del 85.3 % durante el mes de julio, por encima del 81,6 % en julio de 2011. Adem\u00e1s, la aerol\u00ednea aument\u00f3 la capacidad en un dos por ciento en comparaci\u00f3n con las cifras de hace un a\u00f1o.<\/p>\n<p>El tr\u00e1fico en WestJet mejor\u00f3 un 6,6 por ciento en comparaci\u00f3n con julio de 2011.<\/p>\n<p>&#8220;La demanda sigue siendo fuerte y el impulso contin\u00faa en WestJet, con otro factor de carga r\u00e9cord tras un a\u00f1o de crecimiento&#8221;, coment\u00f3 el Presidente y director ejecutivo de WestJet, Gregg Saretsky.<\/p>\n<p>La compa\u00f1\u00eda regional Porter Airlines, por su parte, inform\u00f3 de que su factor de carga durante julio fue del 70,1 %, por encima del 66,8 % de hace un a\u00f1o.<\/p>\n<p>La capacidad de la aerol\u00ednea, con sede en el paseo mar\u00edtimo de Toronto, aument\u00f3 en un 12,9 % durante el pasado mes, mientras que el tr\u00e1fico aument\u00f3 en un 18,3 %.<\/p>\n<p>&#8220;La temporada de verano est\u00e1 cumpliendo nuestras expectativas con una fuerte demanda proyectada para los pr\u00f3ximos meses&#8221;, dijo Porter, presidente y director ejecutivo de Robert Deluce.<\/p>\n","protected":false},"excerpt":{"rendered":"<p>La compa\u00f1\u00eda a\u00e9rea m\u00e1s importante del pa\u00eds, Air Canada, ha visto como aumentaba el porcentaje de asientos vac\u00edos en sus vuelos durante el mes pasado, en comparaci\u00f3n con los datos del a\u00f1o pasado por las mismas fechas.<\/p>\n","protected":false},"author":1,"featured_media":403343,"comment_status":"open","ping_status":"open","sticky":false,"template":"","format":"standard","meta":{"footnotes":""},"categories":[21],"tags":[2479,77,4343,4344],"class_list":["post-403342","post","type-post","status-publish","format-standard","has-post-thumbnail","hentry","category-canada","tag-air","tag-canada-2","tag-desciende","tag-pasajeros"],"_links":{"self":[{"href":"https:\/\/diarioelpopular.com\/index.php\/wp-json\/wp\/v2\/posts\/403342","targetHints":{"allow":["GET"]}}],"collection":[{"href":"https:\/\/diarioelpopular.com\/index.php\/wp-json\/wp\/v2\/posts"}],"about":[{"href":"https:\/\/diarioelpopular.com\/index.php\/wp-json\/wp\/v2\/types\/post"}],"author":[{"embeddable":true,"href":"https:\/\/diarioelpopular.com\/index.php\/wp-json\/wp\/v2\/users\/1"}],"replies":[{"embeddable":true,"href":"https:\/\/diarioelpopular.com\/index.php\/wp-json\/wp\/v2\/comments?post=403342"}],"version-history":[{"count":0,"href":"https:\/\/diarioelpopular.com\/index.php\/wp-json\/wp\/v2\/posts\/403342\/revisions"}],"wp:featuredmedia":[{"embeddable":true,"href":"https:\/\/diarioelpopular.com\/index.php\/wp-json\/"}],"wp:attachment":[{"href":"https:\/\/diarioelpopular.com\/index.php\/wp-json\/wp\/v2\/media?parent=403342"}],"wp:term":[{"taxonomy":"category","embeddable":true,"href":"https:\/\/diarioelpopular.com\/index.php\/wp-json\/wp\/v2\/categories?post=403342"},{"taxonomy":"post_tag","embeddable":true,"href":"https:\/\/diarioelpopular.com\/index.php\/wp-json\/wp\/v2\/tags?post=403342"}],"curies":[{"name":"wp","href":"https:\/\/api.w.org\/{rel}","templated":true}]}}