{"id":403372,"date":"2012-08-07T22:38:55","date_gmt":"2012-08-08T02:38:55","guid":{"rendered":"http:\/\/diarioelpopular.com\/?p=403372"},"modified":"2012-08-07T22:38:55","modified_gmt":"2012-08-08T02:38:55","slug":"empezo-la-privatizacion-de-la-recoleccion-de-basuras-en-toronto","status":"publish","type":"post","link":"https:\/\/diarioelpopular.com\/index.php\/2012\/08\/07\/empezo-la-privatizacion-de-la-recoleccion-de-basuras-en-toronto\/","title":{"rendered":"Empez\u00f3 la privatizaci\u00f3n de la recolecci\u00f3n de basuras en Toronto"},"content":{"rendered":"<div id=\"attachment_403373\" style=\"width: 710px\" class=\"wp-caption aligncenter\"><a href=\"https:\/\/diarioelpopular.com\/wp-content\/uploads\/2012\/08\/WEB.BASURA.jpg\"><img loading=\"lazy\" decoding=\"async\" aria-describedby=\"caption-attachment-403373\" class=\"size-full wp-image-403373\" title=\"WEB.BASURA\" src=\"https:\/\/diarioelpopular.com\/wp-content\/uploads\/2012\/08\/WEB.BASURA.jpg\" alt=\"\" width=\"700\" height=\"420\" \/><\/a><p id=\"caption-attachment-403373\" class=\"wp-caption-text\">Nuevos veh\u00edculos, nuevos uniformes, hacen parte del nuevo plan de recolecci\u00f3n privada de basuras de Toronto, que arranc\u00f3 esta semana en una zona de la ciudad.<\/p><\/div>\n<p><strong><em>TORONTO.-<\/em><\/strong> La nueva era de la recolecci\u00f3n de basuras en Toronto arranc\u00f3 esta semana, cuando una empresa privada sali\u00f3 al oeste de Yonge a recoger los desperdicios de cerca 165.000 hogares, luego que el Gobierno pasar\u00e1 este servicio p\u00fablico a manos de la compa\u00f1\u00eda Green For Life.<\/p>\n<p>Seg\u00fan el municipio la ciudad se ahorrar\u00e1 $ 11,9 millones para este a\u00f1o fiscal, y US $ 11,1 millones de d\u00f3lares anuales hasta el a\u00f1o 2019 cuando termina el contrato, que se podr\u00e1 renovar o cambiar. Este es un gran d\u00eda para la ciudad de Toronto&#8221;, dijo el alcalde de Toronto, Rob Ford en un comunicado.<\/p>\n<p>&#8220;Actuando en mi promesa de campa\u00f1a de contratar los servicios adecuados y para ahorrar dinero a la Ciudad, me complace dar la bienvenida a GFL como el proveedor de recolecci\u00f3n de residuos en esta zona de la ciudad&#8221;, dijo el mandatario local.<\/p>\n<p>Seg\u00fan el portavoz de Green For Life, Brian Kent, la compa\u00f1\u00eda cuenta con 90 nuevos camiones listos para cumplir con el trabajo, que se podr\u00e1n aumentar si es necesario, porque cuentan con 600 camiones de todo el GTA y la provincia. \u201cSi tenemos que recurrir a ellos lo vamos a hacer para recoger todo el material de desechos de las calles\u201d.<\/p>\n<p>En el primer d\u00eda de trabajo de la empresa y pese al esfuerzo por cumplir, algunos residentes denunciaron que la basura aun no hab\u00eda sido recogida, entre ellos la NDP MP Olivia Chow.<\/p>\n<p>Ante las quejas los funcionarios municipales est\u00e1n alentando a los residentes del oeste de Toronto a llamar al 311 si tienen quejas sobre la recolecci\u00f3n de basura, ahora que el servicio est\u00e1 en manos de una empresa privada.<\/p>\n<p>El gran cambio se aprob\u00f3 en octubre pasado, cuando Green For Life (GFL) asumi\u00f3 oficialmente la recogida de basura de 165.000 hogares entre Yonge Street y Humber.<\/p>\n<p>Debido a que es un nuevo contrato, la ciudad dijo que podr\u00eda haber retrasos de recolecci\u00f3n en un primer momento, por lo que los residentes se les piden que deje su basura en la acera si no ha sido recogido por la tarde y llamar al 311 si hay alguna queja del servicio.<\/p>\n<p>Ante las quejas del primer d\u00eda de recolecci\u00f3n, la empresa manifest\u00f3 que estar\u00e1n observando con mucho cuidado lo que pas\u00f3, para asegurarse de que los residentes del Distrito 2 no tengan ning\u00fan tipo de problema con sus desechos.<\/p>\n<p>GFL, prev\u00e9 que continuar\u00e1 con la expansi\u00f3n de la recolecci\u00f3n de basuras en la zona, ya tiene planeado ingresar a Etobicoke.<\/p>\n<p>Seg\u00fan funcionarios de la ciudad el servicio realmente no cambio, y manifestaron que lo \u00fanico que realmente cambio fue el color del uniforme que ahora es verde.<\/p>\n<p>Los horarios de recolecci\u00f3n y los tipos de materiales de recogida y los contenedores utilizados siguen siendo los mismos.<\/p>\n<p>Los residentes se les esta pidiendo poner sus contenedores en la calle a las 7 am en su d\u00eda programado. La basura se supone que se recoger\u00e1n a las 5 pm<\/p>\n","protected":false},"excerpt":{"rendered":"<p>La nueva era de la recolecci\u00f3n de basuras en Toronto arranc\u00f3 esta semana, cuando una empresa privada sali\u00f3 al oeste de Yonge a recoger los desperdicios de cerca 165.000 hogares, luego que el Gobierno pasar\u00e1 este servicio p\u00fablico a manos de la compa\u00f1\u00eda Green For Life.<\/p>\n","protected":false},"author":1,"featured_media":403373,"comment_status":"open","ping_status":"open","sticky":false,"template":"","format":"standard","meta":{"footnotes":""},"categories":[21],"tags":[2389,4352],"class_list":["post-403372","post","type-post","status-publish","format-standard","has-post-thumbnail","hentry","category-canada","tag-basura","tag-recoleccion"],"_links":{"self":[{"href":"https:\/\/diarioelpopular.com\/index.php\/wp-json\/wp\/v2\/posts\/403372","targetHints":{"allow":["GET"]}}],"collection":[{"href":"https:\/\/diarioelpopular.com\/index.php\/wp-json\/wp\/v2\/posts"}],"about":[{"href":"https:\/\/diarioelpopular.com\/index.php\/wp-json\/wp\/v2\/types\/post"}],"author":[{"embeddable":true,"href":"https:\/\/diarioelpopular.com\/index.php\/wp-json\/wp\/v2\/users\/1"}],"replies":[{"embeddable":true,"href":"https:\/\/diarioelpopular.com\/index.php\/wp-json\/wp\/v2\/comments?post=403372"}],"version-history":[{"count":0,"href":"https:\/\/diarioelpopular.com\/index.php\/wp-json\/wp\/v2\/posts\/403372\/revisions"}],"wp:featuredmedia":[{"embeddable":true,"href":"https:\/\/diarioelpopular.com\/index.php\/wp-json\/"}],"wp:attachment":[{"href":"https:\/\/diarioelpopular.com\/index.php\/wp-json\/wp\/v2\/media?parent=403372"}],"wp:term":[{"taxonomy":"category","embeddable":true,"href":"https:\/\/diarioelpopular.com\/index.php\/wp-json\/wp\/v2\/categories?post=403372"},{"taxonomy":"post_tag","embeddable":true,"href":"https:\/\/diarioelpopular.com\/index.php\/wp-json\/wp\/v2\/tags?post=403372"}],"curies":[{"name":"wp","href":"https:\/\/api.w.org\/{rel}","templated":true}]}}