{"id":403998,"date":"2012-08-13T21:54:12","date_gmt":"2012-08-14T01:54:12","guid":{"rendered":"http:\/\/diarioelpopular.com\/?p=403998"},"modified":"2012-08-13T21:54:12","modified_gmt":"2012-08-14T01:54:12","slug":"mayordomo-y-un-empleado-del-vaticano-a-juicio-por-robo-de-documentos-papales","status":"publish","type":"post","link":"https:\/\/diarioelpopular.com\/index.php\/2012\/08\/13\/mayordomo-y-un-empleado-del-vaticano-a-juicio-por-robo-de-documentos-papales\/","title":{"rendered":"Mayordomo y un empleado del Vaticano a juicio por robo de documentos papales"},"content":{"rendered":"<div id=\"attachment_403999\" style=\"width: 710px\" class=\"wp-caption aligncenter\"><a href=\"https:\/\/diarioelpopular.com\/wp-content\/uploads\/2012\/08\/web.vaticano.jpg\"><img loading=\"lazy\" decoding=\"async\" aria-describedby=\"caption-attachment-403999\" class=\"size-full wp-image-403999\" title=\"web.vaticano\" src=\"https:\/\/diarioelpopular.com\/wp-content\/uploads\/2012\/08\/web.vaticano.jpg\" alt=\"\" width=\"700\" height=\"420\" \/><\/a><p id=\"caption-attachment-403999\" class=\"wp-caption-text\">CUIDAD DEL VATICANO (VATICANO).- Imagen de archivo del 16 de junio de 2010, del mayordomo del Papa, Paolo Gabriele (primer plano izq), viajando con el papa Benedicto XVI a el Vaticano. El mayordomo del papa Benedicto XVI y otro empleado delVaticano ser\u00e1n procesados por el robo y difusi\u00f3n de los documentos secretos de la Santa Sede, seg\u00fan ha decidido el juez instructor del Tribunal de EstadoVaticano, Piero Antonio Bonnet este lunes 13 de agosto.<\/p><\/div>\n<p>Carmen Postigo<\/p>\n<p><strong><em>Ciudad del Vaticano.-<\/em><\/strong> El mayordomo del papa Benedicto XVI, Paolo Gabriele, y un inform\u00e1tico del Vaticano ser\u00e1n juzgados por el robo y difusi\u00f3n de documentos secretos de la Santa Sede, seg\u00fan la decisi\u00f3n del juez instructor del Tribunal de Estado Vaticano, Piero Antonio Bonnet.<br \/>\nLa petici\u00f3n de enjuiciamiento por parte del promotor de Justicia del Vaticano (fiscal), Nicola Picardi, y el dictamen de Bonnet, documentos que suman 30 p\u00e1ginas, fueron entregados este lunes por el Vaticano a los medios de comunicaci\u00f3n.<br \/>\nAdem\u00e1s de la sustracci\u00f3n de documentos reservados, entre el material retenido &#8220;se encontr\u00f3 un cheque a nombre de Benedicto XVI por un valor de 100.000 euros, una pepita de oro y una edici\u00f3n ilustrada de la Eneida de Annibal Caro de 1581, todos ellos regalos ofrecidos al Santo Padre&#8221;, refiere el fallo.<br \/>\nInterrogado sobre ello, agrega el documento jur\u00eddico, el imputado Gabriele dijo: &#8220;En la degeneraci\u00f3n de mi desorden ha podido ocurrir tambi\u00e9n esto&#8221;.<br \/>\nJunto al ciudadano vaticano Gabriele, de 46 a\u00f1os, al que se le imputa el delito de robo con agravante, el juez acusa tambi\u00e9n al ciudadano italiano y t\u00e9cnico en la Secretar\u00eda de Estado Claudio Sciarpelleti, de 48 a\u00f1os, &#8220;de haber favorecido el robo con agravante y de violaci\u00f3n de secreto&#8221;.<br \/>\nEl proceso penal de tres jueces se celebrar\u00e1 despu\u00e9s del 20 de septiembre y la pena que puede recaer, sobre todo a Gabriele, oscila entre 1 a 6 a\u00f1os, asegur\u00f3 el portavoz del Vaticano, el jesuita Federico Lombardi, en rueda de prensa.<br \/>\nCon el env\u00edo a juicio de los dos empleados vaticanos no concluyen las investigaciones sobre la sustracci\u00f3n de documentos -asever\u00f3 Lombardi- ni tampoco se excluye la posibilidad de posibles c\u00f3mplices de Gabriele y &#8220;su eventual rogatoria internacional&#8221;.<br \/>\n&#8220;La instrucci\u00f3n vaticana va adelante, aunque con tiempos consistentes por su meticulosidad&#8221;, matiz\u00f3 el jesuita.<br \/>\nSobre Gabriele, Lombardi explic\u00f3 que fue sometido a dos peritajes psiqui\u00e1tricos, uno por parte del tribunal vaticano y otro pedido por su abogado defensor, y ambos demostraron que era &#8220;una persona correcta y normal&#8221; que cometi\u00f3 un &#8220;hecho extremadamente grave&#8221;.<br \/>\nEso s\u00ed, explic\u00f3 el portavoz, ten\u00eda un caos en su mente que luego se reflej\u00f3 en el desorden de los documentos sustra\u00eddos de la escriban\u00eda papal encontrados en su casa, situada en el Vaticano.<br \/>\nGabriele admiti\u00f3 haber cometido el delito con el fin de &#8220;mejorar la situaci\u00f3n eclesial que se vive en el interior del Vaticano y nunca para da\u00f1ar a la Iglesia y a su Pastor&#8221;, seg\u00fan el dictamen.<br \/>\nDesde su posici\u00f3n, matiza el documento, Gabriele relata que pod\u00eda &#8220;observar la doble funci\u00f3n papal, como v\u00e9rtice de la Iglesia y jefe del Estado&#8221;.<br \/>\nEn cuanto a Sciarpelleti, es amigo de Gabriele y fue investigado un d\u00eda despu\u00e9s de la detenci\u00f3n del mayordomo del papa, es decir, el 24 de mayo, dijo el portavoz del Vaticano.<br \/>\nEl analista programador estuvo detenido s\u00f3lo una noche y a la ma\u00f1ana siguiente fue puesto en libertad provisional porque los magistrados consideraron que su implicaci\u00f3n era &#8220;menos grave&#8221; que la de Gabriele, que se encuentra en arresto domiciliario desde el 21 de julio y as\u00ed permanecer\u00e1 hasta el juicio, precis\u00f3 Lombardi.<br \/>\nSin embargo, el portavoz sostuvo que &#8220;el \u00fanico motivo por el que ha sido imputado es porque ten\u00eda una relaci\u00f3n de amistad con Gabriele y no ha sido considerado como un c\u00f3mplice&#8221;.<br \/>\nSciarpelleti, agreg\u00f3, &#8220;es enviado a juicio porque sus testimonios han sido contradictorios y no se expres\u00f3 con coherencia&#8221;.<br \/>\nEl t\u00e9cnico vaticano se &#8220;encuentra en libertad provisional, en suspensi\u00f3n cautelar, aunque recibe su salario&#8221;, puntualiz\u00f3 Lombardi.<br \/>\nEl esc\u00e1ndalo de las filtraciones de documentos reservados de la Santa Sede se desat\u00f3 a principios de a\u00f1o, cuando una televisi\u00f3n italiana sac\u00f3 a la luz unas cartas enviadas a Benedicto XVI por el nuncio en EEUU, Carlo Mar\u00eda Vigan\u00f3, en las que denunciaba la &#8220;corrupci\u00f3n, prevaricaci\u00f3n y mala gesti\u00f3n&#8221; en la administraci\u00f3n vaticana.<br \/>\nA mediados de abril, el papa cre\u00f3 una Comisi\u00f3n Cardenalicia, presidida por el espa\u00f1ol Juli\u00e1n Herranz, para esclarecer el robo y filtraci\u00f3n de cientos de documentos privados.<br \/>\nEl 19 de mayo pasado se public\u00f3 el libro &#8220;Sua Santit\u00e1&#8221;, de Gian Luigi Nuzzi, con un centenar de nuevos documentos filtrados desde el Vaticano que desvelan tramas e intrigas en el peque\u00f1o Estado.<\/p>\n","protected":false},"excerpt":{"rendered":"<p>El mayordomo del papa Benedicto XVI, Paolo Gabriele, y un inform\u00e1tico del Vaticano ser\u00e1n juzgados por el robo y difusi\u00f3n de documentos secretos de la Santa Sede, seg\u00fan la decisi\u00f3n del juez instructor del Tribunal de Estado Vaticano, Piero Antonio Bonnet.<\/p>\n","protected":false},"author":1,"featured_media":403999,"comment_status":"open","ping_status":"open","sticky":false,"template":"","format":"standard","meta":{"footnotes":""},"categories":[24],"tags":[4312,4382,4383,4384,419],"class_list":["post-403998","post","type-post","status-publish","format-standard","has-post-thumbnail","hentry","category-mundo","tag-documentos","tag-escandalo-robo","tag-mayordomo","tag-papales","tag-vaticano"],"_links":{"self":[{"href":"https:\/\/diarioelpopular.com\/index.php\/wp-json\/wp\/v2\/posts\/403998","targetHints":{"allow":["GET"]}}],"collection":[{"href":"https:\/\/diarioelpopular.com\/index.php\/wp-json\/wp\/v2\/posts"}],"about":[{"href":"https:\/\/diarioelpopular.com\/index.php\/wp-json\/wp\/v2\/types\/post"}],"author":[{"embeddable":true,"href":"https:\/\/diarioelpopular.com\/index.php\/wp-json\/wp\/v2\/users\/1"}],"replies":[{"embeddable":true,"href":"https:\/\/diarioelpopular.com\/index.php\/wp-json\/wp\/v2\/comments?post=403998"}],"version-history":[{"count":0,"href":"https:\/\/diarioelpopular.com\/index.php\/wp-json\/wp\/v2\/posts\/403998\/revisions"}],"wp:featuredmedia":[{"embeddable":true,"href":"https:\/\/diarioelpopular.com\/index.php\/wp-json\/"}],"wp:attachment":[{"href":"https:\/\/diarioelpopular.com\/index.php\/wp-json\/wp\/v2\/media?parent=403998"}],"wp:term":[{"taxonomy":"category","embeddable":true,"href":"https:\/\/diarioelpopular.com\/index.php\/wp-json\/wp\/v2\/categories?post=403998"},{"taxonomy":"post_tag","embeddable":true,"href":"https:\/\/diarioelpopular.com\/index.php\/wp-json\/wp\/v2\/tags?post=403998"}],"curies":[{"name":"wp","href":"https:\/\/api.w.org\/{rel}","templated":true}]}}