{"id":4044,"date":"2011-07-06T23:40:26","date_gmt":"2011-07-07T03:40:26","guid":{"rendered":"http:\/\/retrolab.ca\/elpopular\/?p=4044"},"modified":"2011-07-06T23:40:26","modified_gmt":"2011-07-07T03:40:26","slug":"cavendish-recupera-el-esprint-y-contador-se-cae","status":"publish","type":"post","link":"https:\/\/diarioelpopular.com\/index.php\/2011\/07\/06\/cavendish-recupera-el-esprint-y-contador-se-cae\/","title":{"rendered":"Cavendish recupera el esprint y Contador se cae"},"content":{"rendered":"<div id=\"attachment_4045\" style=\"width: 710px\" class=\"wp-caption aligncenter\"><a href=\"http:\/\/retrolab.ca\/elpopular\/wp-content\/uploads\/2011\/07\/tour1.jpg\"><img loading=\"lazy\" decoding=\"async\" aria-describedby=\"caption-attachment-4045\" class=\"size-full wp-image-4045\" title=\"Tour 2011. Quinta etapa\" src=\"http:\/\/retrolab.ca\/elpopular\/wp-content\/uploads\/2011\/07\/tour1.jpg\" alt=\"\" width=\"700\" height=\"420\" \/><\/a><p id=\"caption-attachment-4045\" class=\"wp-caption-text\">El l\u00edder de la general, el noruego Thor Hushovd, del Garmin Cervelo, rodeado de compa\u00f1eros de equipo, durante la quinta etapa del Tour de Francia, que recorri\u00f3 164,5 kil\u00f3metros entre Carhaix y Cap Fr\u00e9hel, y en la que se impuso el brit\u00e1nico Mark Cavendish. Foto: Toni Albir \/ EFE<\/p><\/div>\n<p><em>Carlos de Torres. Cabo Fr\u00e9hel (Francia).-<\/em> El brit\u00e1nico Mark Cavendish (HTC High Road) volvi\u00f3 a ser el m\u00e1s grande entre los esprinters y se adjudic\u00f3 la quinta etapa disputada entre Carhaix y Cabo Fr\u00e9hel, de 164 kil\u00f3metros, en una jornada marcada por las m\u00faltiples ca\u00eddas y en la que el noruego Thor Hushovd (Garmin) conserv\u00f3 el maillot amarillo.<\/p>\n<p>Reapareci\u00f3 Cavendish, de quien poco se sab\u00eda desde su doble victoria en el Giro de Italia, y lo hizo para imponerse de manera espectacular en un esprint muy disputado en el que alz\u00f3 los brazos con claridad por delante del belga Philippe Gilbert (Omega), el n\u00famero uno mundial que buscaba el doblete que le neg\u00f3 el Muro de Breta\u00f1a, y del espa\u00f1ol Jos\u00e9 Joaqu\u00edn Rojas (Movistar), de nuevo en la pelea.<\/p>\n<p>El corredor murciano lleg\u00f3 indignado con el italiano Alessandro Petachi (Lampre), quien, seg\u00fan coment\u00f3 en meta, &#8220;es un guarro, ya que me obstaculiz\u00f3 y propin\u00f3 un pu\u00f1etazo a 1.500 metros de la pancarta&#8221;. Esta vez la pol\u00e9mica no tuvo a &#8220;Cav&#8221; como protagonista, sino al propio Rojas, descalificado por maniobra antirreglamentaria en el esprint intermedio por empujar Boonen, lo que le cost\u00f3 el maillot verde, que pasa a Gilbert.<\/p>\n<p>Dentro del grupo principal y en un tiempo de 3h.38.32 entraron todos los favoritos, poniendo punto final a un trayecto que se cubri\u00f3 a m\u00e1s de 45 kil\u00f3metros por hora. Y al frente Thor Hushovd, que pele\u00f3 por la etapa, pero claudic\u00f3 ante Gilbert y Cavendish, que llegaban lanzados desde atr\u00e1s. El noruego mantuvo el maillot amarillo con las mismas diferencias: 1 segundo a Cadel Evans y 4 a Frank Schleck.<\/p>\n<p>As\u00ed termin\u00f3 una etapa en principio abierta a otro tipo de resultado, pero los equipos de los esprinters propiciaron la llegada masiva. Una jornada de ca\u00eddas en las que se vio implicado Alberto Contador, abonado a las dificultades desde la salida en el Paso de Gois.<\/p>\n<p>Dos ca\u00eddas sufri\u00f3 el campe\u00f3n del Giro. Primero por un enganch\u00f3n con otra bicicleta y en el kil\u00f3metro 77 aterriz\u00f3 de nuevo en el asfalto. Se levant\u00f3 de inmediato con el maillot desgarrado por la espalda. Enojado, lanz\u00f3 la bicicleta a la cuneta, se subi\u00f3 a otra bici y se march\u00f3 en busca del pelot\u00f3n en compa\u00f1\u00eda de Dani Navarro y Brian Vandborg, que bajaron a auxiliar a su jefe. En 7 kil\u00f3metros el triple vencedor del\u00a0Tour\u00a0se integr\u00f3 de nuevo en el grupo.<\/p>\n<p>A pesar del infortunio, no se arruga ante la adversidad. &#8220;Cuanto m\u00e1s dif\u00edcil se haga el\u00a0Tour\u00a0con m\u00e1s fuerza voy a continuar&#8221;, proclam\u00f3 en meta. Est\u00e1 claro que este a\u00f1o la suerte y Contador sufren un serio desencuentro. Un d\u00eda despu\u00e9s de mandar el primer aviso en el Muro de Breta\u00f1a, en una especie de golpe de orgullo que le reactiv\u00f3 la moral, sufre otro rev\u00e9s.<\/p>\n<p>No fue el \u00fanico de los favoritos afectado. Camino de las Costas D&#8217;Armor, en el litoral bret\u00f3n, el equipo Radioshack entr\u00f3 en fase de desgracias. Cayeron Leipheimer, Popovych y Janez Brajkovic, \u00e9ste \u00faltimo con lesiones que le obligaron al ciclista esloveno a abandonar el\u00a0Tour. Una ambulancia transportaba al hospital a una de las bazas de la escuadra de Bruyneel y aspirante al top ten.<\/p>\n<p>Tambi\u00e9n acabaron con diversas lesiones de &#8220;chapa y pintura&#8221; el holand\u00e9s Gesink, el brit\u00e1nico Bradley Wiggins, el franc\u00e9s Chavanel, el belga Boonen, otro hombre de Contador, el dan\u00e9s Nicki Sorensen, estorbado por una moto que fue expulsada de carrera. E Iv\u00e1n Velasco, del Euskaltel.<\/p>\n<p>\u00bfPor qu\u00e9 tantas ca\u00eddas?. Carreteras estrechas, muchas rotondas, nervios en el pelot\u00f3n, despistes de los corredores&#8230;. &#8220;Es el\u00a0Tour&#8221;, dec\u00eda en meta el campe\u00f3n ol\u00edmpico, Samuel S\u00e1nchez.<\/p>\n<p>La etapa comenz\u00f3 en Carhaix, en el extremo de Finisterre, con una escapada consentida que protagonizaron el espa\u00f1ol Jos\u00e9 Iv\u00e1n Guti\u00e9rrez (Movistar), premio de la combatividad en la jornada, y los franceses Valentin (Cofidis), Turgot (Europcar) y Delaplace (Saur Sojasun).<\/p>\n<p>Una ventaja de 5.25 minutos en la Cota de Gurunhuel (4a, Km 45), encendi\u00f3 el mecanismo de caza en el Garmin, que elimin\u00f3 la aventura antes de lo habitual, a 45 kil\u00f3metros de meta, muy cerca de Yffiniac, localidad natal del &#8220;caim\u00e1n&#8221; bret\u00f3n Bernard Hinault, cinco veces ganador del\u00a0Tour.<\/p>\n<p>Mucha etapa a\u00fan hasta el Cabo Fr\u00e9hel, meta in\u00e9dita en la &#8220;grande boucle&#8221;, rodeada de paisajes de postal. Trataron de sorprender los franceses Roy y Voeckler, pero fueron absorbidos a 4 de meta. La gesti\u00f3n del desenlace la asumieron el Garmin, HTC y Lampre, pero tambi\u00e9n se sumaron el BMC y el Astana.<\/p>\n<p>Todo en perfecto desorden para un esprint alocado, sin control, que fue lanzado desde muy lejos por el noruego Boasson Hagen (Sky), quien no aguant\u00f3 en su desatado ataque. Le pas\u00f3 su compatriota Hushovd, a \u00e9ste le rebas\u00f3 Gilbert, siempre omnipresente, pero faltaba Cavendish, que no sigui\u00f3 la rueda de sus lanzadores del HTC. Busc\u00f3 otras ruedas y acert\u00f3.<\/p>\n<p>El ciclista de la Isla de Man volvi\u00f3 al podio para engrandecer su historial. No se encuentra en su mejor temporada, pero ha venido a luchar por el maillot verde que los jueces quitaron a Rojas en beneficio de Gilbert. Cavendish ya tiene 16 etapas en el\u00a0Tour, 7 en el Giro y 3 en la Vuelta. Estando en carrera siempre puede aparecer por el podio. No falla a la cita.<\/p>\n<p>La sexta etapa del\u00a0Tour\u00a0de\u00a0Francia\u00a0unir\u00e1 las localidades de Dinan y Lisieux, de 226,5 kil\u00f3metros, la m\u00e1s larga de la presente edici\u00f3n. Ofrece un perfil ondulado y un final interesante para ataques de ultima hora.<\/p>\n","protected":false},"excerpt":{"rendered":"<p>El brit\u00e1nico Mark Cavendish volvi\u00f3 a ser el m\u00e1s grande entre los esprinters y se adjudic\u00f3 la quinta etapa del Tour, en una jornada marcada por las m\u00faltiples ca\u00eddas y en la que el noruego Thor Hushovd conserv\u00f3 el maillot amarillo.<\/p>\n","protected":false},"author":1,"featured_media":4045,"comment_status":"closed","ping_status":"open","sticky":false,"template":"","format":"standard","meta":{"footnotes":""},"categories":[28],"tags":[6598,1215,1216,6599,1481],"class_list":["post-4044","post","type-post","status-publish","format-standard","has-post-thumbnail","hentry","category-deportes","tag-cavendish","tag-ciclismo","tag-contador","tag-hushovd","tag-tour"],"_links":{"self":[{"href":"https:\/\/diarioelpopular.com\/index.php\/wp-json\/wp\/v2\/posts\/4044","targetHints":{"allow":["GET"]}}],"collection":[{"href":"https:\/\/diarioelpopular.com\/index.php\/wp-json\/wp\/v2\/posts"}],"about":[{"href":"https:\/\/diarioelpopular.com\/index.php\/wp-json\/wp\/v2\/types\/post"}],"author":[{"embeddable":true,"href":"https:\/\/diarioelpopular.com\/index.php\/wp-json\/wp\/v2\/users\/1"}],"replies":[{"embeddable":true,"href":"https:\/\/diarioelpopular.com\/index.php\/wp-json\/wp\/v2\/comments?post=4044"}],"version-history":[{"count":0,"href":"https:\/\/diarioelpopular.com\/index.php\/wp-json\/wp\/v2\/posts\/4044\/revisions"}],"wp:featuredmedia":[{"embeddable":true,"href":"https:\/\/diarioelpopular.com\/index.php\/wp-json\/"}],"wp:attachment":[{"href":"https:\/\/diarioelpopular.com\/index.php\/wp-json\/wp\/v2\/media?parent=4044"}],"wp:term":[{"taxonomy":"category","embeddable":true,"href":"https:\/\/diarioelpopular.com\/index.php\/wp-json\/wp\/v2\/categories?post=4044"},{"taxonomy":"post_tag","embeddable":true,"href":"https:\/\/diarioelpopular.com\/index.php\/wp-json\/wp\/v2\/tags?post=4044"}],"curies":[{"name":"wp","href":"https:\/\/api.w.org\/{rel}","templated":true}]}}