{"id":404603,"date":"2012-08-15T22:51:35","date_gmt":"2012-08-16T02:51:35","guid":{"rendered":"http:\/\/diarioelpopular.com\/?p=404603"},"modified":"2012-08-15T22:51:35","modified_gmt":"2012-08-16T02:51:35","slug":"se-tensan-las-relaciones-entre-ecuador-y-reino-unido-por-caso-assange","status":"publish","type":"post","link":"https:\/\/diarioelpopular.com\/index.php\/2012\/08\/15\/se-tensan-las-relaciones-entre-ecuador-y-reino-unido-por-caso-assange\/","title":{"rendered":"Se tensan las relaciones entre Ecuador y Reino Unido por caso Assange"},"content":{"rendered":"<div id=\"attachment_404604\" style=\"width: 810px\" class=\"wp-caption aligncenter\"><a href=\"https:\/\/diarioelpopular.com\/wp-content\/uploads\/2012\/08\/20120816_634806845478967778w.jpg\"><img loading=\"lazy\" decoding=\"async\" aria-describedby=\"caption-attachment-404604\" class=\"size-full wp-image-404604\" title=\"20120816_634806845478967778w\" src=\"https:\/\/diarioelpopular.com\/wp-content\/uploads\/2012\/08\/20120816_634806845478967778w.jpg\" alt=\"\" width=\"800\" height=\"515\" \/><\/a><p id=\"caption-attachment-404604\" class=\"wp-caption-text\">QUITO (ECUADOR).- Ecuatorianos se manifiestan afuera de la Embajada del Reino Unido este, mi\u00e9rcoles 15 de agosto de 2012, en Quito, Ecuador. La &quot;amenaza&quot; del Gobierno brit\u00e1nico de &quot;asaltar&quot; la embajada de Ecuador en Londres para &quot;arrestar&quot; al fundador de WikiLeaks, Julian Assange, tens\u00f3 las relaciones entre los dos pa\u00edses, a la espera de que Quito defina este jueves si concede o no asilo pol\u00edtico al exhacker australiano.<\/p><\/div>\n<p>Fernando Arroyo Le\u00f3n<\/p>\n<div id=\"texto\">\n<div>\n<p><strong><em>Quito.-<\/em><\/strong> La &#8220;amenaza&#8221; del Gobierno brit\u00e1nico de &#8220;asaltar&#8221; la embajada de Ecuador en Londres para &#8220;arrestar&#8221; al fundador de WikiLeaks, Julian Assange, tens\u00f3 este mi\u00e9rcoles las relaciones entre los dos pa\u00edses, a la espera de que Quito defina este jueves si concede o no asilo pol\u00edtico al exhacker australiano.<\/p>\n<p>El Ejecutivo ecuatoriano reaccion\u00f3 con preocupaci\u00f3n y tambi\u00e9n con firmeza ante el ultim\u00e1tum brit\u00e1nico, cuyo Gobierno dice estar dispuesto a cumplir la &#8220;obligaci\u00f3n&#8221; de extraditar a Assange a Suecia, donde se le acusa de supuestos delitos sexuales.<\/p>\n<p>El canciller ecuatoriano, Ricardo Pati\u00f1o, en una comparecencia ante la prensa, calific\u00f3 al gesto de Londres como un &#8220;acto hostil e inamistoso&#8221;, tras se\u00f1alar que cualquier violaci\u00f3n al espacio de su Embajada en Londres ser\u00e1 tambi\u00e9n al derecho internacional y que recibir\u00e1 una respuesta contundente en el plano diplom\u00e1tico.<\/p>\n<p>El cruce de amenazas rompi\u00f3 tambi\u00e9n una &#8220;tregua ol\u00edmpica&#8221; que anunci\u00f3 el Gobierno ecuatoriano antes de los Juegos de Londres, cuando se\u00f1al\u00f3 que la decisi\u00f3n sobre el asilo a Assange la tomar\u00eda despu\u00e9s del certamen deportivo.<\/p>\n<p>Asimismo, se dio la v\u00edspera del anuncio de esa decisi\u00f3n que, seg\u00fan el presidente ecuatoriano, Rafael Correa, se basar\u00e1 en los principios de soberan\u00eda y estricto respeto a los derechos humanos.<\/p>\n<p>Ecuador sopesa en esa decisi\u00f3n la posibilidad denunciada por los abogados de Assange, en el sentido de que su cliente, si es llevado a Suecia, de all\u00ed podr\u00eda ser extraditado a Estados Unidos, donde podr\u00eda ser condenado hasta con la pena de muerte por haber filtrado cables diplom\u00e1ticos de ese pa\u00eds.<\/p>\n<p>Pati\u00f1o afirm\u00f3 con claridad que si las autoridades de Londres irrumpen en la Embajada ecuatoriana, el Gobierno de Quito replicar\u00e1 con contundencia y tomar\u00e1 acciones diplom\u00e1ticas.<\/p>\n<p>Aunque record\u00f3 las &#8220;tradicionales relaciones de amistad y cooperaci\u00f3n&#8221; con el Reino Unido y el habitual &#8220;di\u00e1logo y concertaci\u00f3n&#8221; asumido por ambos para superar diferencias, el canciller dijo temer que se consume la &#8220;amenaza&#8221;.<\/p>\n<p>Ello, adem\u00e1s, constituir\u00eda &#8220;un peligros\u00edsimo precedente&#8221; que &#8220;abrir\u00eda la puerta a la violaci\u00f3n de un espacio declarado inviolable, como lo es todo local de representaci\u00f3n diplom\u00e1tica de cualquier pa\u00eds del mundo&#8221;, a\u00f1adi\u00f3 Pati\u00f1o.<\/p>\n<p>Aclar\u00f3 tambi\u00e9n que &#8220;la protecci\u00f3n&#8221; que Ecuador brinda a Assange se basa en &#8220;principios universales y al respeto a los derechos humanos&#8221;.<\/p>\n<p>Por tanto, agreg\u00f3, &#8220;ninguna amenaza o acci\u00f3n de fuerza unilateral puede hacer que nuestro pa\u00eds renuncie a estos principios&#8221;.<\/p>\n<p>Pati\u00f1o resumi\u00f3 la posici\u00f3n ecuatoriana con una frase: &#8220;Nosotros no somos colonia brit\u00e1nica, los tiempos de la colonia terminaron&#8221; y dijo que pedir\u00e1 una reuni\u00f3n urgente de cancilleres de la Uni\u00f3n de Naciones Suramericanas (Unasur) para tratar este asunto.<\/p>\n<p>Tambi\u00e9n dijo que pedir\u00e1 una reuni\u00f3n extraordinaria de la Asamblea General de la Organizaci\u00f3n de Estados Americanos (OEA) para tratar de obtener &#8220;una respuesta com\u00fan ante esta amenaza a un Estado americano&#8221;.<\/p>\n<p>El Gobierno de Londres, por su parte, precis\u00f3 hoy que tiene la &#8220;obligaci\u00f3n legal&#8221; de extraditar a Suecia a Julian Assange, como ha decidido el Tribunal Supremo brit\u00e1nico de justicia.<\/p>\n<p>&#8220;Estamos decididos a cumplir esta obligaci\u00f3n&#8221;, se\u00f1al\u00f3 un portavoz del Ministerio de Exteriores brit\u00e1nico, pues la justicia de ese pa\u00eds fall\u00f3 a favor de su entrega a Suecia, con base en una euroorden dictada por un fiscal, pese a que la defensa de Assange ha alegado que deb\u00eda proceder de un juez.<\/p>\n<p>El fundador de WikiLeaks es reclamado en Suecia por presunta violaci\u00f3n y acoso a dos mujeres a las que conoci\u00f3 durante un viaje a Estocolmo en agosto de 2010, con las que \u00e9l asegura mantuvo relaciones sexuales consentidas.<\/p>\n<p>Assange aduce que esas denuncias podr\u00edan ser parte de una &#8220;persecuci\u00f3n&#8221; y un plan para luego extraditarle a Estados Unidos.<\/p>\n<p>El exhacker australiano, de 41 a\u00f1os, fue detenido en Londres en diciembre de 2010, justo despu\u00e9s de que su portal revelara miles de cables diplom\u00e1ticos confidenciales de Estados Unidos, que pusieron en apuros a varios gobiernos, especialmente al de Washington.<\/p>\n<\/div>\n<\/div>\n","protected":false},"excerpt":{"rendered":"<p>La &#8220;amenaza&#8221; del Gobierno brit\u00e1nico de &#8220;asaltar&#8221; la embajada de Ecuador en Londres para &#8220;arrestar&#8221; al fundador de WikiLeaks, Julian Assange, tens\u00f3 este mi\u00e9rcoles las relaciones entre los dos pa\u00edses.<\/p>\n","protected":false},"author":1,"featured_media":404604,"comment_status":"open","ping_status":"open","sticky":false,"template":"","format":"standard","meta":{"footnotes":""},"categories":[23,24],"tags":[4431,308,2624,3513,2625],"class_list":["post-404603","post","type-post","status-publish","format-standard","has-post-thumbnail","hentry","category-latinoamerica","category-mundo","tag-assange","tag-ecuador","tag-reino","tag-relaciones","tag-unido"],"_links":{"self":[{"href":"https:\/\/diarioelpopular.com\/index.php\/wp-json\/wp\/v2\/posts\/404603","targetHints":{"allow":["GET"]}}],"collection":[{"href":"https:\/\/diarioelpopular.com\/index.php\/wp-json\/wp\/v2\/posts"}],"about":[{"href":"https:\/\/diarioelpopular.com\/index.php\/wp-json\/wp\/v2\/types\/post"}],"author":[{"embeddable":true,"href":"https:\/\/diarioelpopular.com\/index.php\/wp-json\/wp\/v2\/users\/1"}],"replies":[{"embeddable":true,"href":"https:\/\/diarioelpopular.com\/index.php\/wp-json\/wp\/v2\/comments?post=404603"}],"version-history":[{"count":0,"href":"https:\/\/diarioelpopular.com\/index.php\/wp-json\/wp\/v2\/posts\/404603\/revisions"}],"wp:featuredmedia":[{"embeddable":true,"href":"https:\/\/diarioelpopular.com\/index.php\/wp-json\/"}],"wp:attachment":[{"href":"https:\/\/diarioelpopular.com\/index.php\/wp-json\/wp\/v2\/media?parent=404603"}],"wp:term":[{"taxonomy":"category","embeddable":true,"href":"https:\/\/diarioelpopular.com\/index.php\/wp-json\/wp\/v2\/categories?post=404603"},{"taxonomy":"post_tag","embeddable":true,"href":"https:\/\/diarioelpopular.com\/index.php\/wp-json\/wp\/v2\/tags?post=404603"}],"curies":[{"name":"wp","href":"https:\/\/api.w.org\/{rel}","templated":true}]}}