{"id":404941,"date":"2012-08-16T10:52:07","date_gmt":"2012-08-16T14:52:07","guid":{"rendered":"http:\/\/diarioelpopular.com\/?p=404941"},"modified":"2012-08-16T10:52:07","modified_gmt":"2012-08-16T14:52:07","slug":"assage-agradecido-con-una-valiente-nacion-independiente-latinoamericana","status":"publish","type":"post","link":"https:\/\/diarioelpopular.com\/index.php\/2012\/08\/16\/assage-agradecido-con-una-valiente-nacion-independiente-latinoamericana\/","title":{"rendered":"Assage agradecido con una &#8220;valiente naci\u00f3n independiente latinoamericana&#8221;"},"content":{"rendered":"<div id=\"attachment_404942\" style=\"width: 810px\" class=\"wp-caption aligncenter\"><a href=\"https:\/\/diarioelpopular.com\/wp-content\/uploads\/2012\/08\/20120816_634807294630210387w.jpg\"><img loading=\"lazy\" decoding=\"async\" aria-describedby=\"caption-attachment-404942\" class=\"size-full wp-image-404942\" title=\"20120816_634807294630210387w\" src=\"https:\/\/diarioelpopular.com\/wp-content\/uploads\/2012\/08\/20120816_634807294630210387w.jpg\" alt=\"\" width=\"800\" height=\"532\" \/><\/a><p id=\"caption-attachment-404942\" class=\"wp-caption-text\">LONDRES (REINO UNIDO).- Seguidores del fundador de WikiLeaks, el australiano Julian Assange, se re\u00fanen a la entrada de la embajada de Ecuador en Londres, Reino Unido, donde Assange permanece tras solicitar asilo pol\u00edtico para evitar su extradici\u00f3n a Suecia. El Gobierno de Ecuador ha comunicado que ha concedido asilo a Julian Assange, y dijo &quot;confiar&quot; en que Londres otorgue las garant\u00edas y el salvoconducto pertinentes para que \u00e9l pueda viajar a Quito.<\/p><\/div>\n<p><strong><em>Londres.-<\/em><\/strong> El fundador de WikiLeaks, Julian Assange, tild\u00f3 este jueves de &#8220;victoria hist\u00f3rica&#8221; que el Gobierno ecuatoriano le haya concedido asilo pol\u00edtico y calific\u00f3 a Ecuador de &#8220;valiente naci\u00f3n independiente latinoamericana&#8221;.<\/p>\n<div id=\"texto\">\n<p>El australiano est\u00e1 refugiado desde el pasado 19 de junio en la embajada ecuatoriana en Londres tras haber pedido asilo al Gobierno de Rafael Correa, en un intento por evitar su extradici\u00f3n a Suecia, donde se le requiere por varios delitos sexuales que \u00e9l niega.<\/p>\n<p>Tras ver por televisi\u00f3n desde la embajada de Ecuador en Londres junto con funcionarios de la legaci\u00f3n el anuncio el ministro ecuatoriano de Relaciones Exteriores, Ricardo Pati\u00f1o, Assange hizo unas declaraciones p\u00fablicas.<\/p>\n<p>&#8220;Si bien (la decisi\u00f3n de) hoy representa una victoria hist\u00f3rica, nuestros problemas acaban de comenzar. La investigaci\u00f3n sin precedentes de Estados Unidos contra WikiLeaks debe parar&#8221;, dijo el activista, que ser\u00e1 arrestado si abandona la embajada, pues viol\u00f3 las condiciones de su arresto domiciliario en el Reino Unido.<\/p>\n<p>Tras la confirmaci\u00f3n de la concesi\u00f3n de asilo por Quito, seg\u00fan fuentes de la embajada de Ecuador el australiano dio las gracias a &#8220;los ciudadanos ecuatorianos, a su presidente, Rafael Correa, y a su Gobierno&#8221; pero advirti\u00f3 de que &#8220;las cosas se van a volver ahora m\u00e1s estresantes&#8221;.<\/p>\n<p>&#8220;No fueron ni el Reino Unido ni mi pa\u00eds natal, Australia, los que se levantaron para protegerme de la persecuci\u00f3n, sino una valiente naci\u00f3n independiente latinoamericana&#8221;, manifest\u00f3.<\/p>\n<p>Assange tambi\u00e9n consider\u00f3 &#8220;importante&#8221; recordar a Bradley Manning, el militar estadounidenses acusado de ser fuente de Wikileaks, &#8220;que lleva detenido sin haber sido juzgado durante m\u00e1s de 800 d\u00edas&#8221;.<\/p>\n<p>&#8220;La tarea de proteger a WikiLeaks, a sus empleados, sus simpatizantes y sus supuestas fuentes contin\u00faa&#8221;, agreg\u00f3.<\/p>\n<p>Mientras que el ministro ecuatoriano de Exteriores, Ricardo Pati\u00f1o, justific\u00f3 la decisi\u00f3n de su pa\u00eds en el derecho internacional y al considerar que la vida de Assange corre peligro si lo entregan a Estados Unidos, Londres mostr\u00f3 su &#8220;decepci\u00f3n&#8221; e insisti\u00f3 en que su intenci\u00f3n es extraditarlo a Suecia, como es su &#8220;obligaci\u00f3n legal&#8221;.<\/p>\n<p>El fundador de la controvertida web es requerido por Suecia, que quiere juzgarlo por varios delitos sexuales contra dos mujeres a las que conoci\u00f3 en Estocolmo y con las que \u00e9l dice que mantuvo relaciones sexuales consentidas.<\/p>\n<p>Tres tribunales brit\u00e1nicos, el \u00faltimo el Supremo, m\u00e1xima instancia judicial de este pa\u00eds, aprobaron la entrega de Assange a Suecia, en base a una euroorden dictada por un fiscal sueco para ser interrogado, si bien no ha recibido cargos en ese pa\u00eds.<\/p>\n<p>Por su parte, WikiLeaks, la web que distribuy\u00f3 miles de cables diplom\u00e1ticos secretos de contenido sensible, indic\u00f3 hoy en su cuenta de Twitter que &#8220;el Reino Unido est\u00e1 sujeto a la obligaci\u00f3n de reconocer el asilo, los derechos de los refugiados y sus otros acuerdos con la ONU&#8221;.<\/p>\n<\/div>\n","protected":false},"excerpt":{"rendered":"<p>El fundador de WikiLeaks, Julian Assange, tild\u00f3 este jueves de &#8220;victoria hist\u00f3rica&#8221; que el Gobierno ecuatoriano le haya concedido asilo pol\u00edtico y calific\u00f3 a Ecuador de &#8220;valiente naci\u00f3n independiente latinoamericana&#8221;.<\/p>\n","protected":false},"author":1,"featured_media":404942,"comment_status":"open","ping_status":"open","sticky":false,"template":"","format":"standard","meta":{"footnotes":""},"categories":[23,24],"tags":[1364,4431,308,1473,2624,2625],"class_list":["post-404941","post","type-post","status-publish","format-standard","has-post-thumbnail","hentry","category-latinoamerica","category-mundo","tag-asilo","tag-assange","tag-ecuador","tag-londres","tag-reino","tag-unido"],"_links":{"self":[{"href":"https:\/\/diarioelpopular.com\/index.php\/wp-json\/wp\/v2\/posts\/404941","targetHints":{"allow":["GET"]}}],"collection":[{"href":"https:\/\/diarioelpopular.com\/index.php\/wp-json\/wp\/v2\/posts"}],"about":[{"href":"https:\/\/diarioelpopular.com\/index.php\/wp-json\/wp\/v2\/types\/post"}],"author":[{"embeddable":true,"href":"https:\/\/diarioelpopular.com\/index.php\/wp-json\/wp\/v2\/users\/1"}],"replies":[{"embeddable":true,"href":"https:\/\/diarioelpopular.com\/index.php\/wp-json\/wp\/v2\/comments?post=404941"}],"version-history":[{"count":0,"href":"https:\/\/diarioelpopular.com\/index.php\/wp-json\/wp\/v2\/posts\/404941\/revisions"}],"wp:featuredmedia":[{"embeddable":true,"href":"https:\/\/diarioelpopular.com\/index.php\/wp-json\/"}],"wp:attachment":[{"href":"https:\/\/diarioelpopular.com\/index.php\/wp-json\/wp\/v2\/media?parent=404941"}],"wp:term":[{"taxonomy":"category","embeddable":true,"href":"https:\/\/diarioelpopular.com\/index.php\/wp-json\/wp\/v2\/categories?post=404941"},{"taxonomy":"post_tag","embeddable":true,"href":"https:\/\/diarioelpopular.com\/index.php\/wp-json\/wp\/v2\/tags?post=404941"}],"curies":[{"name":"wp","href":"https:\/\/api.w.org\/{rel}","templated":true}]}}