{"id":404945,"date":"2012-08-16T11:25:17","date_gmt":"2012-08-16T15:25:17","guid":{"rendered":"http:\/\/diarioelpopular.com\/?p=404945"},"modified":"2012-08-16T11:25:17","modified_gmt":"2012-08-16T15:25:17","slug":"assange-dispara-la-tension-entre-londres-y-quito-que-le-concede-asilo","status":"publish","type":"post","link":"https:\/\/diarioelpopular.com\/index.php\/2012\/08\/16\/assange-dispara-la-tension-entre-londres-y-quito-que-le-concede-asilo\/","title":{"rendered":"Assange dispara la tensi\u00f3n entre Londres y Quito, que le concede asilo"},"content":{"rendered":"<div id=\"attachment_404946\" style=\"width: 810px\" class=\"wp-caption aligncenter\"><a href=\"https:\/\/diarioelpopular.com\/wp-content\/uploads\/2012\/08\/20120816_634807294647058387w.jpg\"><img loading=\"lazy\" decoding=\"async\" aria-describedby=\"caption-attachment-404946\" class=\"size-full wp-image-404946\" title=\"20120816_634807294647058387w\" src=\"https:\/\/diarioelpopular.com\/wp-content\/uploads\/2012\/08\/20120816_634807294647058387w.jpg\" alt=\"\" width=\"800\" height=\"536\" \/><\/a><p id=\"caption-attachment-404946\" class=\"wp-caption-text\">LONDRES (REINO UNIDO).- Seguidores del fundador de WikiLeaks, el australiano Julian Assange, se re\u00fanen a la entrada de la embajada de Ecuador en Londres, Reino Unido, este jueves 16 de agosto de 2012, donde Assange permanece tras solicitar asilo pol\u00edtico para evitar su extradici\u00f3n a Suecia. El Gobierno de Ecuador ha comunicado hoy que ha concedido asilo a Julian Assange, y dijo &quot;confiar&quot; en que Londres otorgue las garant\u00edas y el salvoconducto pertinentes para que \u00e9l pueda viajar a Quito.<\/p><\/div>\n<p><strong><em>Redacci\u00f3n Internacional.-<\/em><\/strong> El fundador de WikiLeaks, Julian Assange, quien puso en jaque al mundo al revelar miles de documentos confidenciales de EEUU, ha provocado una escalada de la tensi\u00f3n entre el Reino Unido y Ecuador, despu\u00e9s de que Quito anunci\u00f3 este jueves que le concede el asilo.<\/p>\n<div id=\"texto\">\n<div>\n<p>El Gobierno ecuatoriano acept\u00f3 dar el asilo que hab\u00eda solicitado Assange el 19 de junio en la Embajada de Ecuador en Londres, donde se refugi\u00f3 para evitar su extradici\u00f3n a Suecia, donde est\u00e1 acusado de delitos sexuales y teme que las autoridades de Estocolmo terminen por enviarle a Estados Unidos.<\/p>\n<p>Al explicar las razones de la concesi\u00f3n del asilo, el ministro de Relaciones Exteriores de Ecuador, Ricardo Pati\u00f1o, volvi\u00f3 a rechazar la &#8220;amenaza expl\u00edcita&#8221; expresada por el Reino Unido, en el sentido de que podr\u00eda irrumpir en la Embajada de Ecuador en Londres para detener a Assange, quien viol\u00f3 la libertad condicional al refugiarse en esa legaci\u00f3n diplom\u00e1tica.<\/p>\n<p>Por su parte, el Gobierno brit\u00e1nico expres\u00f3 estar &#8220;decepcionado&#8221; con la decisi\u00f3n de las autoridades de Ecuador e insisti\u00f3 en que &#8220;cumplir\u00e1&#8221; con su obligaci\u00f3n de entregar a Suecia al periodista australiano y que &#8220;la decisi\u00f3n del Gobierno ecuatoriano no cambia eso&#8221;.<\/p>\n<p>Desafiante una vez m\u00e1s, Assange tild\u00f3 de &#8220;victoria hist\u00f3rica&#8221; que el Gobierno ecuatoriano haya aceptado su petici\u00f3n de asilo y calific\u00f3 a Ecuador de &#8220;valiente naci\u00f3n independiente latinoamericana&#8221;.<\/p>\n<p>Este antiguo pirata inform\u00e1tico solicit\u00f3 asilo al considerarse perseguido, d\u00edas despu\u00e9s de que el Tribunal Supremo del Reino Unido rechazase reabrir su caso y diese v\u00eda libre a su extradici\u00f3n.<\/p>\n<p>Nacido en Townsville, estado de Queensland (Australia) el 3 de julio de 1971, Assange ha sido siempre un gran aficionado a la inform\u00e1tica y, cuando ten\u00eda 16 a\u00f1os, entr\u00f3 en el mundo de la pirater\u00eda, donde utiliz\u00f3 el sobrenombre de &#8220;Mendax&#8221;.<\/p>\n<p>Tambi\u00e9n fue uno de los fundadores del grupo &#8220;International Subversives&#8221;, al que se acus\u00f3 de violar los sistemas del Departamento de Defensa estadounidense y del Laboratorio Nacional de Los \u00c1lamos.<\/p>\n<p>En octubre de 1991 admiti\u00f3 que hab\u00eda accedido a los sistemas de la Universidad Nacional de Australia, del Instituto de Tecnolog\u00eda Royal Melbourne (RMIT) o de la empresa de telecomunicaciones canadiense Nortel.<\/p>\n<p>Pese a que se le acus\u00f3 de una veintena de delitos, s\u00f3lo fue condenado a una multa de 2.100 d\u00f3lares australianos.<\/p>\n<p>A mediados de los a\u00f1os noventa trabaj\u00f3 como programador de software libre, en programas de encriptado para Linux y colabor\u00f3 en el libro &#8220;Underground: Tales of Hacking, Madness and Obsession on the Electronic Frontier&#8221;, de Suelette Dreyfuss (1997), donde expuso su filosof\u00eda del &#8220;hacker&#8221; de no da\u00f1ar los sistemas inform\u00e1ticos a los que se acced\u00eda.<\/p>\n<p>En diciembre de 2006, coincidiendo con su salida de la Universidad de Melbourne, realiz\u00f3 el lanzamiento del portal WikiLeaks, con el objeto de publicar informaciones filtradas sobre las injusticias de reg\u00edmenes opresores y conductas poco \u00e9ticas de pa\u00edses de Occidente.<\/p>\n<p>La relevancia de la p\u00e1gina aument\u00f3 en julio y en octubre de 2010 con la publicaci\u00f3n en varios medios y la aparici\u00f3n en su p\u00e1gina de miles de documentos secretos acerca de la guerra en Afganist\u00e1n e Irak.<\/p>\n<p>En agosto de 2010 se le acus\u00f3 en Suecia de violaci\u00f3n y abuso, cargos que \u00e9l siempre ha negado, y por el primer caso se orden\u00f3 su ingres\u00f3 en prisi\u00f3n,<\/p>\n<p>El 7 de diciembre de ese a\u00f1o, se entreg\u00f3 a Scotland Yard en Londres e ingres\u00f3 en prisi\u00f3n preventiva, aunque una semana despu\u00e9s se le concedi\u00f3 la libertad condicional.<\/p>\n<p>El 24 de febrero de 2011 un juez londinense aprob\u00f3 su extradici\u00f3n y, tras recurrir a diversas instancias judiciales, el 30 de mayo de 2012 la Corte Suprema dio luz verde para su env\u00edo a Suecia.<\/p>\n<p>Durante su confinamiento en el Reino Unido, WikiLeaks continu\u00f3 revelando informes secretos, como los 251.000 documentos que afectaban a la diplomacia estadounidense y otros relativos a empresas de espionaje.<\/p>\n<p>Adem\u00e1s, desde abril pasado, Assange comenz\u00f3 a grabar una serie de entrevistas a personajes &#8220;visionarios&#8221; y &#8220;revolucionarios&#8221; para el canal ruso en ingl\u00e9s Rusia Today.<\/p>\n<\/div>\n<\/div>\n","protected":false},"excerpt":{"rendered":"<p>El fundador de WikiLeaks, Julian Assange, quien puso en jaque al mundo al revelar miles de documentos confidenciales de EEUU, ha provocado una escalada de la tensi\u00f3n entre el Reino Unido y Ecuador.<\/p>\n","protected":false},"author":1,"featured_media":404946,"comment_status":"open","ping_status":"open","sticky":false,"template":"","format":"standard","meta":{"footnotes":""},"categories":[23,24],"tags":[1364,4431,308,2624,4433,2625],"class_list":["post-404945","post","type-post","status-publish","format-standard","has-post-thumbnail","hentry","category-latinoamerica","category-mundo","tag-asilo","tag-assange","tag-ecuador","tag-reino","tag-salvoconducto","tag-unido"],"_links":{"self":[{"href":"https:\/\/diarioelpopular.com\/index.php\/wp-json\/wp\/v2\/posts\/404945","targetHints":{"allow":["GET"]}}],"collection":[{"href":"https:\/\/diarioelpopular.com\/index.php\/wp-json\/wp\/v2\/posts"}],"about":[{"href":"https:\/\/diarioelpopular.com\/index.php\/wp-json\/wp\/v2\/types\/post"}],"author":[{"embeddable":true,"href":"https:\/\/diarioelpopular.com\/index.php\/wp-json\/wp\/v2\/users\/1"}],"replies":[{"embeddable":true,"href":"https:\/\/diarioelpopular.com\/index.php\/wp-json\/wp\/v2\/comments?post=404945"}],"version-history":[{"count":0,"href":"https:\/\/diarioelpopular.com\/index.php\/wp-json\/wp\/v2\/posts\/404945\/revisions"}],"wp:featuredmedia":[{"embeddable":true,"href":"https:\/\/diarioelpopular.com\/index.php\/wp-json\/"}],"wp:attachment":[{"href":"https:\/\/diarioelpopular.com\/index.php\/wp-json\/wp\/v2\/media?parent=404945"}],"wp:term":[{"taxonomy":"category","embeddable":true,"href":"https:\/\/diarioelpopular.com\/index.php\/wp-json\/wp\/v2\/categories?post=404945"},{"taxonomy":"post_tag","embeddable":true,"href":"https:\/\/diarioelpopular.com\/index.php\/wp-json\/wp\/v2\/tags?post=404945"}],"curies":[{"name":"wp","href":"https:\/\/api.w.org\/{rel}","templated":true}]}}