{"id":405512,"date":"2012-08-17T18:46:05","date_gmt":"2012-08-17T22:46:05","guid":{"rendered":"http:\/\/diarioelpopular.com\/?p=405512"},"modified":"2012-08-17T18:46:05","modified_gmt":"2012-08-17T22:46:05","slug":"brillan-cid-padilla-talavante-perera-luque-y-tendero-y-vega-tres-avisos","status":"publish","type":"post","link":"https:\/\/diarioelpopular.com\/index.php\/2012\/08\/17\/brillan-cid-padilla-talavante-perera-luque-y-tendero-y-vega-tres-avisos\/","title":{"rendered":"Brillan Cid, Padilla, Talavante, Perera, Luque y Tendero; y Vega, tres avisos"},"content":{"rendered":"<div id=\"attachment_405513\" style=\"width: 810px\" class=\"wp-caption aligncenter\"><a href=\"https:\/\/diarioelpopular.com\/wp-content\/uploads\/2012\/08\/20120817_634808377387624000w.jpg\"><img loading=\"lazy\" decoding=\"async\" aria-describedby=\"caption-attachment-405513\" class=\"size-full wp-image-405513\" title=\"20120817_634808377387624000w\" src=\"https:\/\/diarioelpopular.com\/wp-content\/uploads\/2012\/08\/20120817_634808377387624000w.jpg\" alt=\"\" width=\"800\" height=\"533\" \/><\/a><p id=\"caption-attachment-405513\" class=\"wp-caption-text\">CIUDAD REAL,.- El diestro Manuel Jes\u00fas &quot;El Cid&quot; recibe con la muleta a su primer toro, esta tarde en la primera corrida de la feria de Ciudad Real, donde ha compartido cartel con Daniel Luque y Fernando Tendero, con reses de D. Jos\u00e9 V\u00e1zquez D Sonia Gonz\u00e1lez, con encastes de Domecq.<\/p><\/div>\n<p><strong><em>Madrid.-<\/em><\/strong> La Puerta Grande de &#8220;El Cid&#8221;, la oreja que pasearon Juan Jos\u00e9 Padilla, Alejandro Talavante, Miguel \u00c1ngel Perera, Daniel Luque y Fernando Tendero, son las notas triunfales de la jornada taurina de este viernes, en la que, en lo negativo, sobresale los tres avisos que recibi\u00f3 Salvador Vega en M\u00e1laga.<\/p>\n<div id=\"texto\">\n<div>\n<p>Nueve corridas de toros, una novillada picada y cuatro festejos de rejones, adem\u00e1s de un festejo nocturno, tuvieron lugar hoy en Espa\u00f1a. Estos son los resultados:<br \/>\n<strong><em>CORRIDAS DE TOROS<\/em><\/strong><br \/>\n=================<br \/>\n<strong><em>M\u00c1LAGA.-<\/em><\/strong>Octava de feria. Dos tercios. Toros de Alcurruc\u00e9n, el sexto con el hierro de &#8220;El Cortijillo&#8221;, justos de presentaci\u00f3n y mansos en general.<\/p>\n<div id=\"attachment_405514\" style=\"width: 810px\" class=\"wp-caption aligncenter\"><a href=\"https:\/\/diarioelpopular.com\/wp-content\/uploads\/2012\/08\/20120817_634808319033174746w.jpg\"><img loading=\"lazy\" decoding=\"async\" aria-describedby=\"caption-attachment-405514\" class=\"size-full wp-image-405514\" title=\"20120817_634808319033174746w\" src=\"https:\/\/diarioelpopular.com\/wp-content\/uploads\/2012\/08\/20120817_634808319033174746w.jpg\" alt=\"\" width=\"800\" height=\"588\" \/><\/a><p id=\"caption-attachment-405514\" class=\"wp-caption-text\">M\u00c1LAGA.- El matador Enrique Ponce, en la faena de muleta a su primer toro en la corrida celebrada esta tarde en la plaza de &quot;La Malagueta&quot;, la octava de la Feria de Agosto de M\u00e1laga, donde comparte cartel con los diestros, Salvador Vega y Miguel Angel Perera, con toros de la ganader\u00eda Alcurrucen.<\/p><\/div>\n<p>Enrique Ponce, ovaci\u00f3n tras aviso y silencio. Salvador Vega, silencio tras dos avisos y pitos tras tres avisos. Miguel \u00c1ngel Perera, oreja tras aviso y silencio.<\/p>\n<p>Al finalizar el pase\u00edllo se guard\u00f3 un minuto de silencio en memoria del ex alcalde de M\u00e1laga, Cayetano Utrera Ravassa.<\/p>\n<p><strong><em>SAN SEBASTI\u00c1N.-<\/em><\/strong> Sexta y \u00faltima de feria. M\u00e1s de tres cuartos. Toros de Garcigrande, correctos de presentaci\u00f3n y de buen juego en l\u00edneas generales, cuatro de los cuales -primero, segundo, tercero y sexto- de muy buena nota, aplaudidos en el arrastre. Tambi\u00e9n el quinto sirvi\u00f3 mucho por el pit\u00f3n derecho. El cuarto no cuenta al partirse una mano al principio de faena.<\/p>\n<div id=\"attachment_405515\" style=\"width: 810px\" class=\"wp-caption aligncenter\"><a href=\"https:\/\/diarioelpopular.com\/wp-content\/uploads\/2012\/08\/20120817_634808342817938746w.jpg\"><img loading=\"lazy\" decoding=\"async\" aria-describedby=\"caption-attachment-405515\" class=\"size-full wp-image-405515\" title=\"20120817_634808342817938746w\" src=\"https:\/\/diarioelpopular.com\/wp-content\/uploads\/2012\/08\/20120817_634808342817938746w.jpg\" alt=\"\" width=\"800\" height=\"546\" \/><\/a><p id=\"caption-attachment-405515\" class=\"wp-caption-text\">SAN SEBASTI\u00c1N.- El diestro Juan Jos\u00e9 Padilla da un pase de muleta a su toro de hoy en el coso taurino de Illumbe, durante la sexta y \u00faltima corrida de la feria de la Semana Grande donostiarra, en la que ha compartido cartel con &quot;Morante de la Puebla&quot;, Juli\u00e1n L\u00f3pez &quot;El Juli&quot;, Antonio Barrera, Sebasti\u00e1n Castella y Alejandro Talavante, con toros de Garcigrande y Domingo Hern\u00e1ndez.<\/p><\/div>\n<p>Juan Jos\u00e9 Padilla, oreja. Jos\u00e9 Antonio &#8220;Morante de la Puebla&#8221;, bronca. Juli\u00e1n L\u00f3pez &#8220;El Juli&#8221;, vuelta. Antonio Barrera, palmas. Sebasti\u00e1n Castella, gran ovaci\u00f3n. Alejandro Talavante, oreja tras aviso.<\/p>\n<p><strong><em>CIUDAD REAL.-<\/em><\/strong> Primera de feria. Un tercio. Tres toros -segundo, cuarto y sexto- de Jos\u00e9 V\u00e1zquez, y otros tantos -primero, tercero y quinto- de Sonia Gonz\u00e1lez, descastados, soso y flojos. El m\u00e1s toreable, el cuarto.<\/p>\n<p>Manuel Jes\u00fas &#8220;El Cid&#8221;, oreja y dos orejas. Daniel Luque, ovaci\u00f3n y oreja con petici\u00f3n de la segunda. Fernando Tendero, oreja tras aviso y ovaci\u00f3n.<\/p>\n<p><strong><em>CANTALEJO (SEGOVIA).-<\/em><\/strong> Media entrada. Toros de Hermanos Mart\u00ednez Pedr\u00e9s, bien presentados y de excelente juego. El sexto, premiado con la vuelta al ruedo.<\/p>\n<p>Jos\u00e9 Ignacio Uceda Leal, oreja en ambos. Javier Casta\u00f1o, silencio y dos orejas. Miguel Tendero, oreja y dos orejas.<\/p>\n<p><strong><em>J\u00c1TIVA (VALENCIA).-<\/em><\/strong> Casi lleno. Toros de Jos\u00e9 Luis Marca, aceptablemente presentados y de juego desigual. El mejor, el segundo.<\/p>\n<p>Manuel D\u00edaz &#8220;El Cordob\u00e9s&#8221;, oreja y ovaci\u00f3n. Francisco Rivera Ord\u00f3\u00f1ez &#8220;Paquirri&#8221;, silencio y dos orejas. David Fandila &#8220;El Fandi&#8221;, oreja y dos orejas.<\/p>\n<p><strong><em>LEGAN\u00c9S (MADRID).-<\/em><\/strong> Menos de media. Toros de Albarreal, bien presentados y de juego variado. El mejor, el sexto; manejables, primero, segundo y tercero; y &#8220;rajados&#8221;, cuarto y quinto.<\/p>\n<p>Javier Conde, oreja y ovaci\u00f3n. Jos\u00e9 Ram\u00f3n Garc\u00eda &#8220;Chechu&#8221;, dos orejas y ovaci\u00f3n. Antonio Rosales, oreja en ambos.<\/p>\n<p><strong><em>EL BURGO DE OSMA (SORIA).-<\/em><\/strong> Corrida goyesca. Tres cuartos. Toros de &#8220;Los Bayones&#8221;, el segundo como sobrero, bien presentados y de juego desigual.<\/p>\n<p>Leandro Marcos, ovaci\u00f3n y silencio. Jes\u00fas Mart\u00ednez &#8220;Morenito de Aranda&#8221;, ovaci\u00f3n tras aviso y oreja tras aviso. V\u00edctor Barrio, silencio y silencio tras aviso.<\/p>\n<p><strong><em>GUIJUELO (SALAMANCA).-<\/em><\/strong> Tres cuartos. Toros de Montalvo, bien presentados y de poco juego.<\/p>\n<p>Juan Bautista, ovaci\u00f3n y oreja. Seraf\u00edn Mar\u00edn, palmas y oreja. Palomo Danko, silencio y oreja.<\/p>\n<p><strong><em>ALMARAZ (C\u00c1CERES).-<\/em><\/strong> Casi lleno. Toros de Guadalest, discretos de presencia y de juego variado.<\/p>\n<p>El rejoneador Leonardo Hern\u00e1ndez, oreja, y dos orejas y rabo. V\u00edctor Janeiro, oreja y dos orejas. Julio Parejo, ovaci\u00f3n y oreja.<\/p>\n<p><strong><em>NOVILLADA SIN PICADORES<\/em><\/strong><br \/>\n=======================<br \/>\n<strong><em>VALVERDE DEL CAMINO (HUELVA).-<\/em><\/strong> Tres cuartos. Novillos de Herederos de Aristrain, de buena presentaci\u00f3n y buen juego el l\u00edneas generales.<\/p>\n<p>Paco Hidalgo, silencio tras aviso. Alejandro Pav\u00f3n, oreja. Juan Ram\u00f3n Jim\u00e9nez, vuelta. Alejandro Conquero, ovaci\u00f3n tras aviso. David Palanco, vuelta aviso. Rafa Serna, oreja.<\/p>\n<div id=\"attachment_405516\" style=\"width: 810px\" class=\"wp-caption aligncenter\"><a href=\"https:\/\/diarioelpopular.com\/wp-content\/uploads\/2012\/08\/20120817_634808335180816746w.jpg\"><img loading=\"lazy\" decoding=\"async\" aria-describedby=\"caption-attachment-405516\" class=\"size-full wp-image-405516\" title=\"20120817_634808335180816746w\" src=\"https:\/\/diarioelpopular.com\/wp-content\/uploads\/2012\/08\/20120817_634808335180816746w.jpg\" alt=\"\" width=\"800\" height=\"533\" \/><\/a><p id=\"caption-attachment-405516\" class=\"wp-caption-text\">M\u00c1LAGA.- Tres picadores durante el paseillo en la corrida celebrada esta tarde en la plaza de &quot;La Malagueta&quot;, la octava de la Feria de Agosto de M\u00e1laga, donde comparten cartel con los diestros Enrique Ponce, Salvador Vega y Miguel Angel Perera, con toros de la ganader\u00eda Alcurrucen.<\/p><\/div>\n<p><strong><em>FESTEJOS DE REJONES<\/em><\/strong><br \/>\n===================<br \/>\n<strong><em>ROA DE DUERO (BURGOS).-<\/em><\/strong> Tres cuartos. Novillos de &#8220;El Cahoso&#8221;, manejables.<\/p>\n<p>Jos\u00e9 Miguel Callej\u00f3n, ovaci\u00f3n y oreja. \u00c1lvaro Montes, oreja en ambos. Antonio D&#8217;Almeida, oreja en ambos.<\/p>\n<p><strong><em>MACOTERA (SALAMANCA).-<\/em><\/strong> Tres cuartos. Toros de &#8220;Los Bayones&#8221;, buenos.<\/p>\n<p>Ra\u00fal Mart\u00edn Burgos, cuatro orejas. Pascual Pereira, oreja y dos orejas.<\/p>\n<p><strong><em>COGOLLUDO (GUADALAJARA).-<\/em><\/strong> Tres cuartos. Astados de Juan Barriopedro, manejables.<\/p>\n<p>Joana Andrade, silencio y dos orejas. Andr\u00e9s Romero, cuatro orejas.<\/p>\n<p><strong><em>LEDA\u00d1A (CUENCA).-<\/em><\/strong> Casi lleno. Novillos de Gim\u00e9nez Indiarte, de juego variado.<\/p>\n<p>Pedro Hern\u00e1ndez &#8220;El Cartagenero&#8221;, oreja y ovaci\u00f3n. Juan Manuel Munera, dos orejas, y dos orejas y rabo.<\/p>\n<p><strong><em>FESTEJO NOCTURNO<\/em><\/strong><br \/>\n================<br \/>\n<strong><em>EL PUERTO DE SANTA MAR\u00cdA (C\u00c1DIZ).-<\/em><\/strong> La corrida de rejones, en la que est\u00e1n anunciados Ferm\u00edn Boh\u00f3rquez, Diego Ventura y Joao Moura, hijo, con astados de Murube, dar\u00e1 comienzo a las 23:30h. Al filo de las 2:00h se ofrecer\u00e1 la rese\u00f1a completa.<\/p>\n<\/div>\n<\/div>\n","protected":false},"excerpt":{"rendered":"<p>La Puerta Grande de &#8220;El Cid&#8221;, la oreja que pasearon Juan Jos\u00e9 Padilla, Alejandro Talavante, Miguel \u00c1ngel Perera, Daniel Luque y Fernando Tendero, son las notas triunfales de la jornada taurina de este viernes.<\/p>\n","protected":false},"author":1,"featured_media":405513,"comment_status":"open","ping_status":"open","sticky":false,"template":"","format":"standard","meta":{"footnotes":""},"categories":[28,24],"tags":[4475,2515,3962,1234],"class_list":["post-405512","post","type-post","status-publish","format-standard","has-post-thumbnail","hentry","category-deportes","category-mundo","tag-cid","tag-el","tag-padilla","tag-toros"],"_links":{"self":[{"href":"https:\/\/diarioelpopular.com\/index.php\/wp-json\/wp\/v2\/posts\/405512","targetHints":{"allow":["GET"]}}],"collection":[{"href":"https:\/\/diarioelpopular.com\/index.php\/wp-json\/wp\/v2\/posts"}],"about":[{"href":"https:\/\/diarioelpopular.com\/index.php\/wp-json\/wp\/v2\/types\/post"}],"author":[{"embeddable":true,"href":"https:\/\/diarioelpopular.com\/index.php\/wp-json\/wp\/v2\/users\/1"}],"replies":[{"embeddable":true,"href":"https:\/\/diarioelpopular.com\/index.php\/wp-json\/wp\/v2\/comments?post=405512"}],"version-history":[{"count":0,"href":"https:\/\/diarioelpopular.com\/index.php\/wp-json\/wp\/v2\/posts\/405512\/revisions"}],"wp:featuredmedia":[{"embeddable":true,"href":"https:\/\/diarioelpopular.com\/index.php\/wp-json\/"}],"wp:attachment":[{"href":"https:\/\/diarioelpopular.com\/index.php\/wp-json\/wp\/v2\/media?parent=405512"}],"wp:term":[{"taxonomy":"category","embeddable":true,"href":"https:\/\/diarioelpopular.com\/index.php\/wp-json\/wp\/v2\/categories?post=405512"},{"taxonomy":"post_tag","embeddable":true,"href":"https:\/\/diarioelpopular.com\/index.php\/wp-json\/wp\/v2\/tags?post=405512"}],"curies":[{"name":"wp","href":"https:\/\/api.w.org\/{rel}","templated":true}]}}