{"id":406295,"date":"2012-08-22T20:58:09","date_gmt":"2012-08-23T00:58:09","guid":{"rendered":"http:\/\/diarioelpopular.com\/?p=406295"},"modified":"2012-08-22T20:58:09","modified_gmt":"2012-08-23T00:58:09","slug":"correa-confirma-contactos-con-el-reino-unido-y-pide-retomarlos-al-alto-nivel","status":"publish","type":"post","link":"https:\/\/diarioelpopular.com\/index.php\/2012\/08\/22\/correa-confirma-contactos-con-el-reino-unido-y-pide-retomarlos-al-alto-nivel\/","title":{"rendered":"Correa confirma contactos con el Reino Unido y pide retomarlos al alto nivel"},"content":{"rendered":"<div id=\"attachment_406296\" style=\"width: 810px\" class=\"wp-caption aligncenter\"><a href=\"https:\/\/diarioelpopular.com\/wp-content\/uploads\/2012\/08\/20120822_634812647666577957w.jpg\"><img loading=\"lazy\" decoding=\"async\" aria-describedby=\"caption-attachment-406296\" class=\"size-full wp-image-406296\" title=\"20120822_634812647666577957w\" src=\"https:\/\/diarioelpopular.com\/wp-content\/uploads\/2012\/08\/20120822_634812647666577957w.jpg\" alt=\"\" width=\"800\" height=\"533\" \/><\/a><p id=\"caption-attachment-406296\" class=\"wp-caption-text\">QUITO (ECUADOR).- El presidente de Ecuador, Rafael Correa, habl\u00f3 este mi\u00e9rcoles 22 de agosto de 2012, durante una conferencia de prensa en el Palacio de Gobierno en Quito (Ecuador), Correa compar\u00f3 la posici\u00f3n del Reino Unido en el caso de Julian Assange con la que mantuvo cuando el a\u00f1o 2000 deneg\u00f3 la extradici\u00f3n a Espa\u00f1a de Agusto Pinochet y opin\u00f3 que hay &quot;contradicciones&quot; y &quot;doble est\u00e1ndar&quot;.<\/p><\/div>\n<p><strong><em>Quito, 22 ago.-<\/em><\/strong> El presidente de Ecuador, Rafael Correa, confirm\u00f3 que ha habido contactos con funcionarios brit\u00e1nicos de &#8220;nivel medio&#8221; por el caso Assange e hizo votos para &#8220;retomarlos al m\u00e1s alto nivel&#8221; al subrayar que Ecuador est\u00e1 abierto al di\u00e1logo.<\/p>\n<div id=\"texto\">\n<div>\n<p>&#8220;Pese a que no hemos recibido ninguna disculpa por parte de Gran Breta\u00f1a y no se ha retractado expl\u00edcitamente de esta amenaza que es al planeta entero (&#8230;), estamos totalmente abiertos al di\u00e1logo&#8221;, subray\u00f3 Correa en un encuentro con la prensa extranjera en Quito.<\/p>\n<p>El gobernante, que el 16 de agosto concedi\u00f3 asilo a Julian Assange, el fundador de Wikileaks, volvi\u00f3 a rechazar un escrito en el que el Gobierno brit\u00e1nico advirti\u00f3 a Ecuador de la posibilidad de asaltar la embajada ecuatoriana en Londres para capturar al periodista australiano, que est\u00e1 all\u00ed desde el 19 de junio pasado.<\/p>\n<p>&#8220;Ni siquiera esperamos una disculpa, pero al menos s\u00ed que se retracte&#8221;, se\u00f1al\u00f3 respecto a lo que calific\u00f3 como una amenaza &#8220;grosera&#8221; y &#8220;tremenda&#8221; del Gobierno brit\u00e1nico, adem\u00e1s de un error diplom\u00e1tico &#8220;terrible&#8221;.<\/p>\n<p>Aunque insisti\u00f3 en su disposici\u00f3n al dialogo, precis\u00f3 que Ecuador &#8220;no negocia con principios fundamentales, con valores, en este caso con los derechos humanos del ciudadano australiano&#8221;.<\/p>\n<p>Con respecto al di\u00e1logo y sin dar m\u00e1s precisiones coment\u00f3 que &#8220;ha habido contactos&#8221; con el Reino Unido a nivel de funcionarios &#8220;de nivel medio&#8221;. &#8220;Esperamos retomar los contactos al m\u00e1s alto nivel&#8221;, agreg\u00f3.<\/p>\n<p>Seg\u00fan Correa, Ecuador busca una garant\u00eda para que Assange no sea extraditado a un tercer pa\u00eds o que se le de el salvoconducto para que pueda abandonar la embajada de Ecuador en Londres, donde se refugi\u00f3 para evitar ser extraditado a Suecia para una indagatoria por denuncias de abusos sexuales presentadas contra \u00e9l.<\/p>\n<p>&#8220;Suecia ha dicho &#8216;nunca vamos a extraditarlo a un pa\u00eds que tenga pena de muerte&#8217;, maravilloso, ya es un primer paso, pero que d\u00e9 pasos decisivos, (que) diga: &#8216;no vamos a extraditarlo a Estados Unidos'&#8221;, afirm\u00f3.<\/p>\n<p>La &#8220;pena de muerte es estar muerto en vida&#8221;, agreg\u00f3.<\/p>\n<p>La posibilidad de que fuera llevado a un pa\u00eds donde la vida de Assange corriera peligro fue uno de los motivos por los que el Gobierno de Ecuador le concedi\u00f3 el asilo al responsable de WikiLeaks, portal que ha divulgado miles de documentos oficiales secretos, especialmente de EE.UU.<\/p>\n<p>Correa, que dijo no haber conversado por tel\u00e9fono con Assange y que el \u00fanico contacto con \u00e9l fue una entrevista que el australiano le hizo meses atr\u00e1s por internet, se\u00f1al\u00f3 que no se ha pensado en la posibilidad de otorgarle alg\u00fan estatus diplom\u00e1tico para que salga amparado en la inmunidad.<\/p>\n<p>&#8220;Estamos estudiando algunas estrategias legales ante instancias judiciales internacionales para ver la posibilidad de que se obligue a Gran Breta\u00f1a&#8221; a otorgar el salvoconducto, dijo sin profundizar.<\/p>\n<p>Ecuador, que obtuvo el apoyo de la Alianza Bolivariana para Nuestra Am\u00e9rica (ALBA) y de la Uni\u00f3n de Naciones Suramericanas (Unasur), ante la &#8220;amenaza&#8221; brit\u00e1nica, espera ahora el apoyo de la Organizaci\u00f3n de Estados Americanos (OEA) que ha convocado para este viernes una reuni\u00f3n de cancilleres.<\/p>\n<p>Ecuador espera un &#8220;rechazo contundente, sin ambig\u00fcedades&#8221; por parte de la OEA ante la &#8220;amenaza&#8221; brit\u00e1nica, dijo Correa al se\u00f1alar que su Gobierno acudir\u00e1 a todas las instancias que sean necesarias incluyendo las Naciones Unidas para denunciar la &#8220;amenaza&#8221; al menos hasta que el Reino Unido &#8220;se retracte&#8221; de esta &#8220;barbaridad&#8221;.<\/p>\n<p>Un &#8220;asalto&#8221; a la embajada, puntualiz\u00f3, ser\u00eda &#8220;algo intolerable que implicar\u00eda, en forma inmediata, la ruptura de relaciones con Gran Breta\u00f1a&#8221;, advirti\u00f3.<\/p>\n<p>Am\u00e9rica Latina &#8220;ya no acepta patrones, presiones, no vamos a aceptar neocolonialismos de nadie, y aqu\u00ed van a encontrar dignidad y soberan\u00eda&#8221;, asever\u00f3.<\/p>\n<p>Debido a lo que llam\u00f3 &#8220;impasse&#8221; (punto muerto) con el Reino Unido, coment\u00f3 que Ecuador eval\u00faa un viaje que ten\u00eda previsto a Londres el vicepresidente, Len\u00edn Moreno, para participar en la ceremonia de inauguraci\u00f3n de los Juegos Paraol\u00edmpicos.<\/p>\n<p>El gobernante compar\u00f3 la posici\u00f3n del Reino Unido en el caso de Assange con la que mantuvo cuando el a\u00f1o 2000 deneg\u00f3 la extradici\u00f3n a Espa\u00f1a del exdictador chileno Agusto Pinochet y opin\u00f3 que hay &#8220;contradicciones&#8221; y &#8220;doble est\u00e1ndar&#8221;.<\/p>\n<p>&#8220;Mientras a un criminal de esa cala\u00f1a como Augusto Pinochet se le neg\u00f3 su extradici\u00f3n a Espa\u00f1a por motivos humanitarios, a Juli\u00e1n Assange se le dice que se tiene la obligaci\u00f3n de extraditarlo&#8221; a Suecia, dijo.<\/p>\n<p>Precisamente fue el hoy exjuez espa\u00f1ol Baltasar Garz\u00f3n, actualmente en el equipo de defensa de Assange, el que dict\u00f3 en 1998 el procesamiento de Pinochet, que por ese motivo fue detenido en Londres y solicitado en extradici\u00f3n por Espa\u00f1a por cr\u00edmenes de lesa humanidad.<\/p>\n<p>En marzo de 2000 el Gobierno brit\u00e1nico deneg\u00f3 la extradici\u00f3n de Pinochet y le concedi\u00f3 la libertad.<\/p>\n<\/div>\n<\/div>\n","protected":false},"excerpt":{"rendered":"<p>El presidente de Ecuador, Rafael Correa, confirm\u00f3 que ha habido contactos con funcionarios brit\u00e1nicos de &#8220;nivel medio&#8221; por el caso Assange e hizo votos para &#8220;retomarlos al m\u00e1s alto nivel&#8221; al subrayar que Ecuador est\u00e1 abierto al di\u00e1logo.<\/p>\n","protected":false},"author":1,"featured_media":406296,"comment_status":"open","ping_status":"open","sticky":false,"template":"","format":"standard","meta":{"footnotes":""},"categories":[23,24],"tags":[4431,2585,308,2624,2625],"class_list":["post-406295","post","type-post","status-publish","format-standard","has-post-thumbnail","hentry","category-latinoamerica","category-mundo","tag-assange","tag-correa","tag-ecuador","tag-reino","tag-unido"],"_links":{"self":[{"href":"https:\/\/diarioelpopular.com\/index.php\/wp-json\/wp\/v2\/posts\/406295","targetHints":{"allow":["GET"]}}],"collection":[{"href":"https:\/\/diarioelpopular.com\/index.php\/wp-json\/wp\/v2\/posts"}],"about":[{"href":"https:\/\/diarioelpopular.com\/index.php\/wp-json\/wp\/v2\/types\/post"}],"author":[{"embeddable":true,"href":"https:\/\/diarioelpopular.com\/index.php\/wp-json\/wp\/v2\/users\/1"}],"replies":[{"embeddable":true,"href":"https:\/\/diarioelpopular.com\/index.php\/wp-json\/wp\/v2\/comments?post=406295"}],"version-history":[{"count":0,"href":"https:\/\/diarioelpopular.com\/index.php\/wp-json\/wp\/v2\/posts\/406295\/revisions"}],"wp:featuredmedia":[{"embeddable":true,"href":"https:\/\/diarioelpopular.com\/index.php\/wp-json\/"}],"wp:attachment":[{"href":"https:\/\/diarioelpopular.com\/index.php\/wp-json\/wp\/v2\/media?parent=406295"}],"wp:term":[{"taxonomy":"category","embeddable":true,"href":"https:\/\/diarioelpopular.com\/index.php\/wp-json\/wp\/v2\/categories?post=406295"},{"taxonomy":"post_tag","embeddable":true,"href":"https:\/\/diarioelpopular.com\/index.php\/wp-json\/wp\/v2\/tags?post=406295"}],"curies":[{"name":"wp","href":"https:\/\/api.w.org\/{rel}","templated":true}]}}