{"id":406885,"date":"2012-08-25T23:09:15","date_gmt":"2012-08-26T03:09:15","guid":{"rendered":"http:\/\/diarioelpopular.com\/?p=406885"},"modified":"2012-08-25T23:09:15","modified_gmt":"2012-08-26T03:09:15","slug":"la-modelo-vanesa-lorenzo-o-la-combinacion-perfecta","status":"publish","type":"post","link":"https:\/\/diarioelpopular.com\/index.php\/2012\/08\/25\/la-modelo-vanesa-lorenzo-o-la-combinacion-perfecta\/","title":{"rendered":"La modelo Vanesa Lorenzo o la &#8220;combinaci\u00f3n perfecta&#8221;"},"content":{"rendered":"<div id=\"attachment_406886\" style=\"width: 810px\" class=\"wp-caption aligncenter\"><a href=\"https:\/\/diarioelpopular.com\/wp-content\/uploads\/2012\/08\/20120825_634814993229093033w.jpg\"><img loading=\"lazy\" decoding=\"async\" aria-describedby=\"caption-attachment-406886\" class=\"size-full wp-image-406886\" title=\"20120825_634814993229093033w\" src=\"https:\/\/diarioelpopular.com\/wp-content\/uploads\/2012\/08\/20120825_634814993229093033w.jpg\" alt=\"\" width=\"800\" height=\"508\" \/><\/a><p id=\"caption-attachment-406886\" class=\"wp-caption-text\">NUEVA YORK. La modelo espa\u00f1ola Vanesa Lorenzo cumpli\u00f3 este a\u00f1o su sue\u00f1o de convertirse en dise\u00f1adora y entregada empresaria sin dejar las pasarelas, una aventura por la que camina a paso firme y para la que ya tiene preparada su segunda colecci\u00f3n, compuesta de apuestas para &quot;todas las mujeres que hay en una mujer&quot;.<\/p><\/div>\n<p>David Valenzuela<\/p>\n<div id=\"texto\">\n<div>\n<p><strong><em>Nueva York.-<\/em><\/strong> La modelo espa\u00f1ola Vanesa Lorenzo cumpli\u00f3 este a\u00f1o su sue\u00f1o de convertirse en dise\u00f1adora y entregada empresaria sin dejar las pasarelas, una aventura por la que camina a paso firme y para la que ya tiene preparada su segunda colecci\u00f3n, compuesta de apuestas para &#8220;todas las mujeres que hay en una mujer&#8221;.<\/p>\n<p>&#8220;Tener la oportunidad de seguir trabajando como modelo y de desarrollar una marca de moda es la combinaci\u00f3n perfecta&#8221;, explic\u00f3 la cotizada modelo, de 35 a\u00f1os, en una entrevista con EFEstilo en la azotea de su apartamento en el barrio del SoHo en Nueva York, ciudad que comparte su vida con su Barcelona natal.<\/p>\n<p>Con una sonrisa perpetua en el rostro y \u00e1vida de explicar lo que supone haber creado una l\u00ednea con su propio nombre, Lorenzo divide su tiempo entre hablar de su primera colecci\u00f3n, de oto\u00f1o-invierno, que saldr\u00e1 a la venta el pr\u00f3ximo septiembre, y la segunda, de primavera-verano, que promocionar\u00e1 a partir del pr\u00f3ximo mes.<\/p>\n<p>Ambas apuestas huyen de las tendencias y se centran, seg\u00fan explica, en la idea de &#8220;crear el armario de una mujer&#8221; para cada \u00e9poca del a\u00f1o, con piezas que tienen &#8220;identidad propia&#8221; y que son ideales para &#8220;todas las mujeres que hay en una mujer&#8221; y &#8220;todos los colores que tiene una mujer&#8221;.<\/p>\n<p>&#8220;La tendencia no me interesa mucho. Apuesto por esas piezas atemporales, a las que siempre vuelves&#8221;, dijo sin pudor esta maniqu\u00ed -\u00fanica espa\u00f1ola que, junto a Judith Masc\u00f3, se ha colado en la portada de Sports Illustrated-, que se atreve incluso a dise\u00f1ar bolsos, en pieles vegetales, para la colecci\u00f3n veraniega.<\/p>\n<p>Tanto para sus apuestas invernales, con 15 piezas, como para las primaverales, que suman una treintena, Lorenzo elige tejidos de materias nobles para crear &#8220;un producto de mucha calidad&#8221; para &#8220;una mujer del siglo XXI, que tiene momentos en los que le apetece ser muy masculina, otros m\u00e1s austera y elegante, y otros m\u00e1s femenina&#8221;.<\/p>\n<p>La catalana, que se define como &#8220;mujer tenaz&#8221; a la que le gusta &#8220;hacer las cosas bien&#8221;, ha optado por hacerlo todo a su manera y reconoce que las colecciones est\u00e1n &#8220;hechas con mucho mimo y mucho cari\u00f1o&#8221;, pero sobre todo &#8220;desde el respeto hacia el cliente&#8221;.<\/p>\n<p>&#8220;Me hace much\u00edsima ilusi\u00f3n tener el control de algo que sale del est\u00f3mago y que al final es una forma de expresi\u00f3n. Quer\u00eda tener la libertad y el control absoluto de hacerlo por m\u00ed misma, que no est\u00e1 siendo nada f\u00e1cil, con una inversi\u00f3n brutal, pero hay mucha recompensa&#8221;, asegur\u00f3 Lorenzo sobre el momento dulce que vive.<\/p>\n<p>Todo ello es el resultado de una apuesta que hizo por estudiar tras numerosos a\u00f1os entregados a desfilar para algunas de las agujas m\u00e1s selectas, hasta que se plant\u00f3 y, con la misma determinaci\u00f3n que pidi\u00f3 a sus padres que la apuntaran de ni\u00f1a a un castin publicitario o que se plant\u00f3 en Par\u00eds &#8220;a probar suerte&#8221; a los 18 a\u00f1os, llam\u00f3 a sus agentes para decirles que paraba.<\/p>\n<p>Declin\u00f3 suculentos contratos como maniqu\u00ed e imagen publicitaria -su lista de jefes ha ido desde Ralph Lauren a Christian Dior, pasando por Yves Saint Laurent- y cogi\u00f3 las maletas para estudiar moda en Madrid.<\/p>\n<p>&#8220;Me dec\u00edan que estaba loca por parar y cancelar trabajos, pero la vida no es s\u00f3lo dinero. Hay que seguir lo que el cuerpo te pide y las otras necesidades que no son s\u00f3lo monetarias&#8221;, reconoce ahora Lorenzo, para quien &#8220;la caducidad&#8221; de la carrera como modelo es algo obvio, por lo que opt\u00f3 apostar por el dise\u00f1o, que la inspira profundamente.<\/p>\n<p>Desde aquel par\u00f3n han pasado ya varios a\u00f1os, y tras graduarse en 2010, dedic\u00f3 dos m\u00e1s a preparar &#8220;con mucha ilusi\u00f3n&#8221; un proyecto que ha acallado las cr\u00edticas iniciales y con el que, adem\u00e1s, quiere defender a la moda &#8220;made in Spain&#8221;.<\/p>\n<p>&#8220;Hay gente en Espa\u00f1a que hace las cosas muy bien, son artesanos. Tambi\u00e9n tenemos tejidos maravillosos y unos curtidores incre\u00edbles. \u00bfPor qu\u00e9 no utilizar todo eso que tenemos en nuestro pa\u00eds, a\u00f1adiendo una idea y un dise\u00f1o, y exportar ese producto fuera?&#8221;, razona Lorenzo, que trabaja con talleres de varias localidades barcelonesas, como Igualada, Rub\u00ed, Ripollet o Sabadell, entre otras.<\/p>\n<p>Para ella es importante, porque asegura que &#8220;el hilo conductor&#8221; de sus colecciones es &#8220;la buena manufactura, que es &#8216;made in Spain&#8217; absoluto, con lo que es una vuelta atr\u00e1s del producto hecho con mucho mimo, intimista, en el que el tacto, la elecci\u00f3n del color es muy importante&#8221;.<\/p>\n<p>De momento, Lorenzo quiere seguir adelante con su carrera de modelo -&#8220;hay que sacar fondos para dise\u00f1ar&#8221;- y continuar el camino como creadora, aunque no quiere marcarse &#8220;metas&#8221;, porque se considera &#8220;una mujer del d\u00eda a d\u00eda, que disfruta de lo que pasa hoy que no quiere proyectar en el futuro, porque es como intangible&#8221;.<\/p>\n<p>&#8220;No podr\u00eda elegir entre dise\u00f1adora y modelo, porque adem\u00e1s va todo unido&#8221;, reconoci\u00f3 esta amante de &#8220;todo tipo de m\u00fasica&#8221;, desde Billie Holliday o Johnny Cash pasando por Arcade Fire, y tambi\u00e9n del yoga, otra de sus pasiones, como la de salir correr a la orilla del r\u00edo Hudson cuando est\u00e1 en Nueva York, ciudad de la que m\u00e1s valora &#8220;la libertad&#8221; que transmite.<\/p>\n<\/div>\n<\/div>\n","protected":false},"excerpt":{"rendered":"<p>La modelo espa\u00f1ola Vanesa Lorenzo cumpli\u00f3 este a\u00f1o su sue\u00f1o de convertirse en dise\u00f1adora y entregada empresaria sin dejar las pasarelas, una aventura por la que camina a paso firme y para la que ya tiene preparada su segunda colecci\u00f3n.<\/p>\n","protected":false},"author":1,"featured_media":406886,"comment_status":"open","ping_status":"open","sticky":false,"template":"","format":"standard","meta":{"footnotes":""},"categories":[24],"tags":[4551,413,2629,4552],"class_list":["post-406885","post","type-post","status-publish","format-standard","has-post-thumbnail","hentry","category-mundo","tag-lorenzo","tag-moda","tag-modelo","tag-vanesa"],"_links":{"self":[{"href":"https:\/\/diarioelpopular.com\/index.php\/wp-json\/wp\/v2\/posts\/406885","targetHints":{"allow":["GET"]}}],"collection":[{"href":"https:\/\/diarioelpopular.com\/index.php\/wp-json\/wp\/v2\/posts"}],"about":[{"href":"https:\/\/diarioelpopular.com\/index.php\/wp-json\/wp\/v2\/types\/post"}],"author":[{"embeddable":true,"href":"https:\/\/diarioelpopular.com\/index.php\/wp-json\/wp\/v2\/users\/1"}],"replies":[{"embeddable":true,"href":"https:\/\/diarioelpopular.com\/index.php\/wp-json\/wp\/v2\/comments?post=406885"}],"version-history":[{"count":0,"href":"https:\/\/diarioelpopular.com\/index.php\/wp-json\/wp\/v2\/posts\/406885\/revisions"}],"wp:featuredmedia":[{"embeddable":true,"href":"https:\/\/diarioelpopular.com\/index.php\/wp-json\/"}],"wp:attachment":[{"href":"https:\/\/diarioelpopular.com\/index.php\/wp-json\/wp\/v2\/media?parent=406885"}],"wp:term":[{"taxonomy":"category","embeddable":true,"href":"https:\/\/diarioelpopular.com\/index.php\/wp-json\/wp\/v2\/categories?post=406885"},{"taxonomy":"post_tag","embeddable":true,"href":"https:\/\/diarioelpopular.com\/index.php\/wp-json\/wp\/v2\/tags?post=406885"}],"curies":[{"name":"wp","href":"https:\/\/api.w.org\/{rel}","templated":true}]}}