{"id":406893,"date":"2012-08-25T23:24:46","date_gmt":"2012-08-26T03:24:46","guid":{"rendered":"http:\/\/diarioelpopular.com\/?p=406893"},"modified":"2012-08-25T23:24:46","modified_gmt":"2012-08-26T03:24:46","slug":"las-fajas-vuelven-a-tomar-el-control","status":"publish","type":"post","link":"https:\/\/diarioelpopular.com\/index.php\/2012\/08\/25\/las-fajas-vuelven-a-tomar-el-control\/","title":{"rendered":"Las fajas vuelven a tomar el control"},"content":{"rendered":"<div id=\"attachment_406894\" style=\"width: 710px\" class=\"wp-caption aligncenter\"><a href=\"https:\/\/diarioelpopular.com\/wp-content\/uploads\/2012\/08\/20120824_634814076845461511w.jpg\"><img loading=\"lazy\" decoding=\"async\" aria-describedby=\"caption-attachment-406894\" class=\"size-full wp-image-406894\" title=\"20120824_634814076845461511w\" src=\"https:\/\/diarioelpopular.com\/wp-content\/uploads\/2012\/08\/20120824_634814076845461511w.jpg\" alt=\"\" width=\"700\" height=\"859\" \/><\/a><p id=\"caption-attachment-406894\" class=\"wp-caption-text\">MADRID.- Fotograf\u00eda cedida por el Museo del Traje CIPE, en Madrid, de una faja, una prenda que vuelve a estar de moda gracias, entre otras cosas, a las numerosas famosas que confiesan llevarla.<\/p><\/div>\n<p>Ana Aranda Men\u00e9ndez<\/p>\n<div id=\"texto\">\n<div>\n<p><strong><em>Madrid.-<\/em><\/strong> Las fajas vuelven a poner las cosas en su sitio. Un siglo despu\u00e9s de que dise\u00f1adores como Poiret o Fortuny redibujaran las constre\u00f1idas siluetas por el polis\u00f3n y los cors\u00e9s, la c\u00edclica moda redise\u00f1a la faja y la sube a los altares por obra y gracia de las numerosas famosas que confiesan llevarla.<\/p>\n<p>Una pieza que, hasta sus formas actuales, ha recorrido un largo camino desde los cartones de pecho del siglo XVI o los cors\u00e9s del XVIII, y cuya longitud se fue marcando &#8220;no solo para una forma de pecho, sino una forma de cintura y cadera&#8221;, comenta Concha Herranz, conservadora jefe de indumentaria del Museo del Traje de Madrid.<\/p>\n<p>Un patr\u00f3n que volvi\u00f3 a cambiar a principios del siglo XX con &#8220;l\u00edneas m\u00e1s rectas y ablusadas&#8221; que convierte a creadores como Poiret y Fortuny en sus precursores, por su rechazo a la constricci\u00f3n y su b\u00fasqueda de libertad de la mujer.<\/p>\n<p>Una evoluci\u00f3n muy ligada al cambio de actividad femenino, en una \u00e9poca en la que ellas comienzan a entrar en el mundo deportivo o en la que ven como el metal con el que se confeccionaban las ballenas de sus cors\u00e9s era utilizado para producir las armas con las que se luchaban en la I Guerra Mundial.<\/p>\n<p>Los &#8220;felices&#8221; a\u00f1os 20 otorgaron a la faja su estatus como prenda y, en una de sus variantes, dedic\u00f3 la d\u00e9cada a ayudar a los vestidos &#8220;flapper&#8221; a disimular las formas femeninas de pecho y caderas. &#8220;Pero es en los a\u00f1os 30 en donde se clarifica muy bien lo que es la faja y los campos de esta lencer\u00eda&#8221;, puntualiza la conservadora.<\/p>\n<p>Aunque tambi\u00e9n destaca la complicaci\u00f3n de clasificar una prenda que abarca desde las dedicadas al aspecto est\u00e9tico, a las que se piensan para paliar problemas de salud o las que incluso salen a la calle, como las dedicadas al &#8220;fitness&#8221;.<\/p>\n<p>La llegada de esta prenda se considera un importante avance de la liberaci\u00f3n de la mujer frente al cors\u00e9, pero \u00bfc\u00f3mo puede ser liberadora si insiste en esconder sus formas? La respuesta, el cambio hacia materiales flexibles que sustituyen a elementos tan agresivos como las ramas de \u00e1rbol.<\/p>\n<p>En las d\u00e9cadas sucesivas, su compra, que estaba limitada a determinados momentos de la vida como el ajuar matrimonial y no accesible a todas las clases sociales, se convertir\u00e1 en algo extendido entre f\u00e9minas y cambiar\u00e1n su longitud y forma ali\u00e1ndose, por ejemplo, a la cintura de avispa del &#8220;New look&#8221; de Dior.<\/p>\n<p>Pero entonces llegaron los 70 y las cr\u00edticas, no solo feministas, sino m\u00e9dicas, alertando sobre problemas f\u00edsicos que una compresi\u00f3n continuada con materiales no transpirables, como el nylon, podr\u00edan causar. As\u00ed, las fajas, ya de por s\u00ed relegadas a la intimidad, desaparecieron del armario, al menos del de la mayor\u00eda.<\/p>\n<p>&#8220;Yo tengo clientas que llevan comprando el mismo modelo de faja desde hace cuarenta a\u00f1os&#8221;, recuerda Elia Blanco, cuya familia regenta la mercer\u00eda madrile\u00f1a &#8220;Lolita&#8221; desde hace 55 a\u00f1os, por lo que han vivido el auge, ca\u00edda y el nuevo repunte de esta prenda que vuelve &#8220;por debajo del pecho y muy apretada&#8221;.<\/p>\n<p>Su negocio es uno de los que m\u00e1s ha notado la vuelta a la actualidad de esta prenda con una variedad adaptada a toda necesidad: en su forma tradicional, con diferentes largos de pantal\u00f3n, con o sin sujetador, diferentes refuerzos o hasta con efecto tanga, las m\u00e1s demandada por las j\u00f3venes.<\/p>\n<p>En sus estanter\u00edas se pueden seguir encontrando antiguas piezas con cordajes que ahora venden para obras de teatro y que contrastan con la suave lycra de los \u00faltimos modelos con un dise\u00f1o &#8220;mucho mejor pensado&#8221; para que puedan ser llevadas en el d\u00eda a d\u00eda, aunque seg\u00fan ella, la \u00e9poca pico de ventas es la de &#8220;bodas y comuniones&#8221;.<\/p>\n<p>Por comentarios de sus clientas, su vuelta a la actualidad se debe a las famosas que las usan sin esconderse &#8220;para esos vestidos totalmente ajustados y que les hac\u00edan preguntarse, \u00bfc\u00f3mo no les sale ning\u00fan michel\u00edn?&#8221;<\/p>\n<p>Y gran parte de la responsabilidad de que las famosas hayan dejado su ropa interior a la vista es de Sara Blakely, que a finales de los 90 cre\u00f3 la firma Spanx, un t\u00e9rmino que ya se utiliza como sin\u00f3nimo de faja y que tiene a mujeres como Katy Perry, Gwyneth Paltrow u Oprah Winfrey entre sus clientas confesas.<\/p>\n<p>Tras ella, cuya &#8220;revolucionaria&#8221; idea le ha colocado en la lista Forbes como la mujer joven m\u00e1s rica, todas las marcas han desterrado el olor a naftalina que acumulaba la faja y la han colocado como una prenda fundamental de sus colecciones.<\/p>\n<p>Si hasta la desead\u00edsima Irina Shayk ha permitido que Suiteblanco la fotograf\u00ede llevando sus prendas reafirmantes est\u00e1 claro que el estatus de esta prenda ha cambiado.<\/p>\n<\/div>\n<\/div>\n","protected":false},"excerpt":{"rendered":"<p>Las fajas vuelven a poner las cosas en su sitio. Un siglo despu\u00e9s de que dise\u00f1adores como Poiret o Fortuny redibujaran las constre\u00f1idas siluetas por el polis\u00f3n y los cors\u00e9s.<\/p>\n","protected":false},"author":1,"featured_media":406894,"comment_status":"open","ping_status":"open","sticky":false,"template":"","format":"standard","meta":{"footnotes":""},"categories":[24],"tags":[4554,413,4555],"class_list":["post-406893","post","type-post","status-publish","format-standard","has-post-thumbnail","hentry","category-mundo","tag-fajas","tag-moda","tag-vuelven"],"_links":{"self":[{"href":"https:\/\/diarioelpopular.com\/index.php\/wp-json\/wp\/v2\/posts\/406893","targetHints":{"allow":["GET"]}}],"collection":[{"href":"https:\/\/diarioelpopular.com\/index.php\/wp-json\/wp\/v2\/posts"}],"about":[{"href":"https:\/\/diarioelpopular.com\/index.php\/wp-json\/wp\/v2\/types\/post"}],"author":[{"embeddable":true,"href":"https:\/\/diarioelpopular.com\/index.php\/wp-json\/wp\/v2\/users\/1"}],"replies":[{"embeddable":true,"href":"https:\/\/diarioelpopular.com\/index.php\/wp-json\/wp\/v2\/comments?post=406893"}],"version-history":[{"count":0,"href":"https:\/\/diarioelpopular.com\/index.php\/wp-json\/wp\/v2\/posts\/406893\/revisions"}],"wp:featuredmedia":[{"embeddable":true,"href":"https:\/\/diarioelpopular.com\/index.php\/wp-json\/"}],"wp:attachment":[{"href":"https:\/\/diarioelpopular.com\/index.php\/wp-json\/wp\/v2\/media?parent=406893"}],"wp:term":[{"taxonomy":"category","embeddable":true,"href":"https:\/\/diarioelpopular.com\/index.php\/wp-json\/wp\/v2\/categories?post=406893"},{"taxonomy":"post_tag","embeddable":true,"href":"https:\/\/diarioelpopular.com\/index.php\/wp-json\/wp\/v2\/tags?post=406893"}],"curies":[{"name":"wp","href":"https:\/\/api.w.org\/{rel}","templated":true}]}}