{"id":406901,"date":"2012-08-26T21:28:19","date_gmt":"2012-08-27T01:28:19","guid":{"rendered":"http:\/\/diarioelpopular.com\/?p=406901"},"modified":"2012-08-26T21:28:19","modified_gmt":"2012-08-27T01:28:19","slug":"armstrong-nadie-necesita-llorar-por-mi-voy-a-estar-fenomenal","status":"publish","type":"post","link":"https:\/\/diarioelpopular.com\/index.php\/2012\/08\/26\/armstrong-nadie-necesita-llorar-por-mi-voy-a-estar-fenomenal\/","title":{"rendered":"Armstrong: &#8220;Nadie necesita llorar por m\u00ed, voy a estar fenomenal&#8221;"},"content":{"rendered":"<div id=\"attachment_406902\" style=\"width: 810px\" class=\"wp-caption aligncenter\"><a href=\"https:\/\/diarioelpopular.com\/wp-content\/uploads\/2012\/08\/20120824_634814038536586761w.jpg\"><img loading=\"lazy\" decoding=\"async\" aria-describedby=\"caption-attachment-406902\" class=\"size-full wp-image-406902\" title=\"20120824_634814038536586761w\" src=\"https:\/\/diarioelpopular.com\/wp-content\/uploads\/2012\/08\/20120824_634814038536586761w.jpg\" alt=\"\" width=\"800\" height=\"572\" \/><\/a><p id=\"caption-attachment-406902\" class=\"wp-caption-text\">VERBIER (SUIZA).- Foto de archivo que muestra al ciclista estadounidense Lance Armstrong llegando a la l\u00ednea de meta de la 15 etapa del Tour de Francia. La Agencia Antidopaje de Estados Unidos (USADA), anunci\u00f3 a trav\u00e9s de su director ejecutivo Travis Tygart que, es suspendido de por vida a Armstrong, luego que el ciclista tejano anunciara que no ejercer\u00eda su derecho a defenderse de las acusaciones de dopaje por considerar que son &quot;injustas y una caza de brujas anticonstitucional&quot;.<\/p><\/div>\n<p><strong><em>Redacci\u00f3n Deportes.-<\/em><\/strong> El exciclista Lance Armstrong tard\u00f3 menos de 24 horas en tener su primera aparici\u00f3n en p\u00fablico tras ser suspendido a perpetuidad por la Agencia Antidopaje de Estados Unidos (USADA) y dijo que nadie ten\u00eda que preocuparse por \u00e9l.<\/p>\n<div id=\"texto\">\n<div>\n<p>&#8220;Nadie necesita llorar por m\u00ed, voy a estar fenomenal&#8221;, declar\u00f3 Armstrong despu\u00e9s de haber participado en la competici\u00f3n &#8220;Power of Four&#8221; de la modalidad de bicicleta monta\u00f1a, que se disput\u00f3 en Aspen (Colorado), con un recorrido de 57 kil\u00f3metros (36 millas).<\/p>\n<p>Armstrong, de 40 a\u00f1os, no pudo alcanzar al juvenil Keegan Swirbul, de 16 a\u00f1os, que fue el ganador, con m\u00e1s de cinco minutos de ventaja sobre el exciclista.<\/p>\n<p>&#8220;Es genial sentir c\u00f3mo tu trasero es pateado por un joven de 16 a\u00f1os, que sabes tiene por delante un futuro brillante&#8221;, declar\u00f3 Armstrong en su primer contacto con los periodistas tras conocer la suspensi\u00f3n de la USADA, que tambi\u00e9n le ha quitado los siete t\u00edtulos que gan\u00f3 en el Tour de Francia por considerar que desde 1998 particip\u00f3 en un programa sistem\u00e1tico de dopaje.<\/p>\n<p>Antes de que diese comienzo la competici\u00f3n, se le pregunt\u00f3 si estaba listo para correr y respondi\u00f3 con un &#8220;espero que s\u00ed&#8230; va a ser dif\u00edcil para todos&#8221;.<\/p>\n<p>Su atareado fin de semana tambi\u00e9n inclu\u00eda un marat\u00f3n el domingo, pero al final decidi\u00f3 no asistir al no tener el tiempo suficiente para recuperarse del esfuerzo realizado en la prueba de bicicleta de monta\u00f1a.<\/p>\n<p>Armstrong se mostr\u00f3 relajado, sonriente y dijo que estaba listo para seguir en la lucha por todo lo positivo que realiza la fundaci\u00f3n que lleva su nombre en la lucha contra el c\u00e1ncer y lo feliz que se sent\u00eda junto a sus cinco hijos y su novia.<\/p>\n<p>Los aficionados tambi\u00e9n defendieron a Armstrong en Twitter elogiando la tarea de su fundaci\u00f3n.<\/p>\n<p>Sus \u00e9xitos deportivos ayudaron a vender millones de pulseras y brazaletes amarillos de pl\u00e1stico con la leyenda &#8220;Livestrong&#8221; para promover la investigaci\u00f3n del c\u00e1ncer.<\/p>\n<p>La &#8220;Fundaci\u00f3n Lance Armstrong&#8221;, que fue fundada en 1997, ha recaudado casi 500 millones de d\u00f3lares, algo que ninguna otra organizaci\u00f3n ben\u00e9fica creada por un deportista, en Estados Unidos, ha podido conseguir.<\/p>\n<p>Armstrong dijo que para nada pensaba ya en el pasado y lo \u00fanico que le interesaba era el futuro.<\/p>\n<p>&#8220;En estos momentos pienso en la comida, me encuentro bien y voy a comerme una hamburguesa con queso&#8221;, coment\u00f3 Armstrong a los periodistas, para luego posar con los aficionados que acudieron a ver la carrera y quisieron sacarse fotos.<\/p>\n<p>Cuando le preguntaron si hab\u00eda algo que le dec\u00eda a sus seguidores, que le han apoyado a trav\u00e9s de la controversia, dijo: &#8220;Creo que la gente entiende que tenemos un mont\u00f3n de cosas que hacer en el futuro. Eso es en lo que estoy centrado y pienso que las personas lo apoyan. Es muy bueno estar aqu\u00ed&#8221;.<\/p>\n<p>Ataviado de negro y oro y luciendo un emblema en su camiseta &#8220;Livestrong&#8221;, Lance Armstrong jug\u00f3 con su bicicleta y estuvo apoyado por miembros que pertenecen a su comitiva de trabajo, entre la que se encontraba su novia, Anna Hansen.<\/p>\n<p>Por su parte, Mark Higgins, portavoz de Armstrong, adelant\u00f3 que su cliente tiene previsto asistir al Congreso Mundial del C\u00e1ncer que se va a celebrar en Montreal (Canad\u00e1) del 27 al 30 de agosto.<\/p>\n<p>Seg\u00fan Higgins, Armstrong asistir\u00e1 y pronunciar\u00e1 un discurso ante miles de personas, entre ellos los profesionales que trabajan en la lucha contra el c\u00e1ncer, que se espera acudan a la cita m\u00e1s importante del a\u00f1o para exponer los avances logrados en todos los campos.<\/p>\n<p>&#8220;All\u00ed estar\u00e1&#8221;, afirm\u00f3 Higgins. &#8220;Es un gran honor para \u00e9l y para todos los que trabajan en la fundaci\u00f3n&#8221;.<\/p>\n<\/div>\n<\/div>\n","protected":false},"excerpt":{"rendered":"<p> El exciclista Lance Armstrong tard\u00f3 menos de 24 horas en tener su primera aparici\u00f3n en p\u00fablico tras ser suspendido a perpetuidad por la Agencia Antidopaje de Estados Unidos (USADA) y dijo que nadie ten\u00eda que preocuparse por \u00e9l.<\/p>\n","protected":false},"author":1,"featured_media":406902,"comment_status":"open","ping_status":"open","sticky":false,"template":"","format":"standard","meta":{"footnotes":""},"categories":[28],"tags":[4557,1215,4558],"class_list":["post-406901","post","type-post","status-publish","format-standard","has-post-thumbnail","hentry","category-deportes","tag-armstrong","tag-ciclismo","tag-suspension"],"_links":{"self":[{"href":"https:\/\/diarioelpopular.com\/index.php\/wp-json\/wp\/v2\/posts\/406901","targetHints":{"allow":["GET"]}}],"collection":[{"href":"https:\/\/diarioelpopular.com\/index.php\/wp-json\/wp\/v2\/posts"}],"about":[{"href":"https:\/\/diarioelpopular.com\/index.php\/wp-json\/wp\/v2\/types\/post"}],"author":[{"embeddable":true,"href":"https:\/\/diarioelpopular.com\/index.php\/wp-json\/wp\/v2\/users\/1"}],"replies":[{"embeddable":true,"href":"https:\/\/diarioelpopular.com\/index.php\/wp-json\/wp\/v2\/comments?post=406901"}],"version-history":[{"count":0,"href":"https:\/\/diarioelpopular.com\/index.php\/wp-json\/wp\/v2\/posts\/406901\/revisions"}],"wp:featuredmedia":[{"embeddable":true,"href":"https:\/\/diarioelpopular.com\/index.php\/wp-json\/"}],"wp:attachment":[{"href":"https:\/\/diarioelpopular.com\/index.php\/wp-json\/wp\/v2\/media?parent=406901"}],"wp:term":[{"taxonomy":"category","embeddable":true,"href":"https:\/\/diarioelpopular.com\/index.php\/wp-json\/wp\/v2\/categories?post=406901"},{"taxonomy":"post_tag","embeddable":true,"href":"https:\/\/diarioelpopular.com\/index.php\/wp-json\/wp\/v2\/tags?post=406901"}],"curies":[{"name":"wp","href":"https:\/\/api.w.org\/{rel}","templated":true}]}}