{"id":408681,"date":"2012-08-29T22:30:49","date_gmt":"2012-08-30T02:30:49","guid":{"rendered":"http:\/\/diarioelpopular.com\/?p=408681"},"modified":"2012-08-29T22:30:49","modified_gmt":"2012-08-30T02:30:49","slug":"alicia-machado-y-henry-santos-entre-los-concursantes-de-mira-quien-baila","status":"publish","type":"post","link":"https:\/\/diarioelpopular.com\/index.php\/2012\/08\/29\/alicia-machado-y-henry-santos-entre-los-concursantes-de-mira-quien-baila\/","title":{"rendered":"Alicia Machado y Henry Santos entre los concursantes de &#8220;\u00a1Mira Qui\u00e9n Baila!&#8221;"},"content":{"rendered":"<p><a href=\"https:\/\/diarioelpopular.com\/wp-content\/uploads\/2012\/08\/web.alicia.jpg\"><img loading=\"lazy\" decoding=\"async\" class=\"aligncenter size-full wp-image-408682\" title=\"web.alicia\" src=\"https:\/\/diarioelpopular.com\/wp-content\/uploads\/2012\/08\/web.alicia.jpg\" alt=\"\" width=\"705\" height=\"420\" \/><\/a>Miami (EEUU).- El programa concurso de Univisi\u00f3n &#8220;\u00a1Mira Qui\u00e9n Baila!&#8221; vuelve a las pantallas el pr\u00f3ximo 9 de septiembre con reconocidas figuras del entretenimiento como\u00a0Alicia\u00a0Machado, Henry Santos y Maxi Iglesias, inform\u00f3 la cadena.<\/p>\n<div id=\"texto\">\n<div>\nEn su tercera edici\u00f3n, el concurso de baile premiar\u00e1 las coreograf\u00edas y desempe\u00f1o de los participantes entre los que tambi\u00e9n figuran el estilista cubano Samy, la presentadora radial Argelia Artiano, el cantante regional mexicano Bobby Pulido y la actriz puertorrique\u00f1a Maripily.<\/p>\n<p>La venezolana\u00a0Alicia\u00a0Machado fue coronada Miss Universo en 1996 y tras su reinado ha tenido una extensa carrera art\u00edstica, mientras que el cantautor dominicano Henry Santos se dio a conocer como uno de los integrantes originales del grupo de bachata &#8220;Aventura&#8221; y ha continuado su carrera art\u00edstica en solitario.<\/p>\n<p>Tambi\u00e9n estar\u00e1 el actor espa\u00f1ol Maxi Iglesias, una de las figuras emergentes en la televisi\u00f3n hispana de Estados Unidos tras haber hecho una carrera en su pa\u00eds.<\/p>\n<p>A partir del domingo 9 de septiembre, los concursantes competir\u00e1n por un premio de 150.000 que ser\u00e1 donado a una organizaci\u00f3n ben\u00e9fica.<\/p>\n<p>Desde su debut en septiembre de 2010, &#8220;\u00a1Mira Qui\u00e9n Baila!&#8221; ha sido uno de los concursos-reality de mayor sinton\u00eda en la cadena Univision, seg\u00fan la empresa.<\/p>\n<p>El actor mexicano Vadhir Derbez y la actriz y presentadora de televisi\u00f3n puertorrique\u00f1a Adamari L\u00f3pez fueron los ganadores de la primera y segunda temporada, respectivamente.<\/p>\n<\/div>\n<\/div>\n","protected":false},"excerpt":{"rendered":"<p>El programa concurso de Univisi\u00f3n &#8220;\u00a1Mira Qui\u00e9n Baila!&#8221; vuelve a las pantallas el pr\u00f3ximo 9 de septiembre con reconocidas figuras del entretenimiento como Alicia Machado, Henry Santos y Maxi Iglesias, inform\u00f3 la cadena.<\/p>\n","protected":false},"author":1,"featured_media":408682,"comment_status":"open","ping_status":"open","sticky":false,"template":"","format":"standard","meta":{"footnotes":""},"categories":[80,24],"tags":[2526,4609,283],"class_list":["post-408681","post","type-post","status-publish","format-standard","has-post-thumbnail","hentry","category-cine-2","category-mundo","tag-alicia","tag-machado","tag-television"],"_links":{"self":[{"href":"https:\/\/diarioelpopular.com\/index.php\/wp-json\/wp\/v2\/posts\/408681","targetHints":{"allow":["GET"]}}],"collection":[{"href":"https:\/\/diarioelpopular.com\/index.php\/wp-json\/wp\/v2\/posts"}],"about":[{"href":"https:\/\/diarioelpopular.com\/index.php\/wp-json\/wp\/v2\/types\/post"}],"author":[{"embeddable":true,"href":"https:\/\/diarioelpopular.com\/index.php\/wp-json\/wp\/v2\/users\/1"}],"replies":[{"embeddable":true,"href":"https:\/\/diarioelpopular.com\/index.php\/wp-json\/wp\/v2\/comments?post=408681"}],"version-history":[{"count":0,"href":"https:\/\/diarioelpopular.com\/index.php\/wp-json\/wp\/v2\/posts\/408681\/revisions"}],"wp:featuredmedia":[{"embeddable":true,"href":"https:\/\/diarioelpopular.com\/index.php\/wp-json\/"}],"wp:attachment":[{"href":"https:\/\/diarioelpopular.com\/index.php\/wp-json\/wp\/v2\/media?parent=408681"}],"wp:term":[{"taxonomy":"category","embeddable":true,"href":"https:\/\/diarioelpopular.com\/index.php\/wp-json\/wp\/v2\/categories?post=408681"},{"taxonomy":"post_tag","embeddable":true,"href":"https:\/\/diarioelpopular.com\/index.php\/wp-json\/wp\/v2\/tags?post=408681"}],"curies":[{"name":"wp","href":"https:\/\/api.w.org\/{rel}","templated":true}]}}