{"id":40967,"date":"2012-01-04T21:35:40","date_gmt":"2012-01-05T02:35:40","guid":{"rendered":"http:\/\/diarioelpopular.com\/?p=40967"},"modified":"2012-01-04T21:35:40","modified_gmt":"2012-01-05T02:35:40","slug":"coma-se-acerca-al-lider-y-peterhansel-toma-el-mando-en-autos","status":"publish","type":"post","link":"https:\/\/diarioelpopular.com\/index.php\/2012\/01\/04\/coma-se-acerca-al-lider-y-peterhansel-toma-el-mando-en-autos\/","title":{"rendered":"Coma se acerca al l\u00edder y Peterhansel manda en autos"},"content":{"rendered":"<div id=\"attachment_40968\" style=\"width: 710px\" class=\"wp-caption aligncenter\"><a href=\"https:\/\/diarioelpopular.com\/wp-content\/uploads\/2012\/01\/Nasser-Al-Attiyah-en-el-Dakar-2012.jpg\"><img loading=\"lazy\" decoding=\"async\" aria-describedby=\"caption-attachment-40968\" class=\"size-full wp-image-40968\" title=\"Nasser Al Attiyah en el Dakar 2012\" src=\"https:\/\/diarioelpopular.com\/wp-content\/uploads\/2012\/01\/Nasser-Al-Attiyah-en-el-Dakar-2012.jpg\" alt=\"\" width=\"700\" height=\"420\" \/><\/a><p id=\"caption-attachment-40968\" class=\"wp-caption-text\">El piloto catar\u00ed Nasser Al Attiyah conduce su Hummer, durante la cuarta etapa del Dakar 2012, entre San Juan y Chilecito (Argentina). Foto: C\u00e9zaro De Luca \/ Efe<\/p><\/div>\n<p><em><strong>Gerard Soler. Chilecito (Argentina).-<\/strong><\/em> El piloto de motos espa\u00f1ol Marc Coma (KTM) fue este mi\u00e9rcoles el m\u00e1s r\u00e1pido en la cuarta etapa del\u00a0Dakar\u00a0y ara\u00f1\u00f3 un par de minutos al franc\u00e9s Cyril Despres (KTM), que sigue l\u00edder en la general.<\/p>\n<p>En la competici\u00f3n de autos el triunfo fue para el franc\u00e9s St\u00e9phane Peterhansel (Mini), que toma el mando en la clasificaci\u00f3n por delante del sudafricano Giniel De Villiers (Toyota) y el espa\u00f1ol Joan &#8216;Nani&#8217; Roma.<\/p>\n<p>La cuarta etapa, entre las ciudades argentinas de San Juan y Chilecito, tuvo 326 kil\u00f3metros cronometrados por los espectaculares ca\u00f1ones de la provincia de La Rioja.<\/p>\n<p>La belleza del paisaje escond\u00eda tramos extremadamente complejos por cauces de r\u00edos secos y el cruce de otros con un abundante caudal.<\/p>\n<p>Marc Coma march\u00f3 como un tiro y sum\u00f3 su segundo triunfo de etapa en este\u00a0Dakar. Despu\u00e9s de perder m\u00e1s de diez minutos ayer, el catal\u00e1n debe empezar a remontar minuto a minuto, aunque avis\u00f3 que lo har\u00e1 con cautela porque a\u00fan queda mucho rally por delante.<\/p>\n<p>&#8220;Vamos a luchar cada d\u00eda hasta el final. Lo ten\u00edamos que hacer antes y ahora todav\u00eda m\u00e1s, no nos podemos relajar&#8221;, dijo Coma.<\/p>\n<p>Cyril Despres consigui\u00f3 la segunda posici\u00f3n a 2 minutos y 2 segundos del ganador y se mantiene en lo m\u00e1s alto de la clasificaci\u00f3n con un colch\u00f3n de m\u00e1s de ocho minutos.<\/p>\n<p>Aunque solo se han disputado cuatro jornadas, Despres y Coma, que han ganado las \u00faltimas seis ediciones, ya tienen una considerable ventaja sobre sus adversarios.<\/p>\n<p>El portugu\u00e9s Helder Rodrigues (Yamaha) fue cuarto y desbanc\u00f3 al chileno Francisco &#8216;Chaleco&#8217; L\u00f3pez en el tercer puesto de la clasificaci\u00f3n.<\/p>\n<p>El chileno fue noveno a m\u00e1s de 14 minutos de Coma, aunque sigue en la pelea por el tercer caj\u00f3n del podio junto a Rodrigues y el franc\u00e9s David Casteu (Yamaha), que es quinto.<\/p>\n<p>M\u00e1s ajustado est\u00e1 el\u00a0Dakar\u00a0en la categor\u00eda de autos, donde Peterhansel es el nuevo l\u00edder aunque hay un grupo de cuatro pilotos puede ofrecer diversi\u00f3n en las pr\u00f3ximas jornadas.<\/p>\n<p>El que no aparece en las quinielas es el catar\u00ed Nasser Al-Attiyah, que hoy qued\u00f3 atrapado en el barro y perdi\u00f3 casi 27 minutos con Peterhansel.<\/p>\n<p>Pese a que la carrera es muy larga, el vigente campe\u00f3n del rally he dejado escapar demasiados minutos en las etapas iniciales y est\u00e1 muy descolgado en la general a media hora del l\u00edder.<\/p>\n<p>El argentino Orlando Terranova (Toyota) consigui\u00f3 hoy una sorprendente segunda posici\u00f3n por delante de su colega de equipo Giniel De Villiers, que sin hacer mucho ruido ha escalado hasta la segunda plaza en la general y se ha colado entre el dominio de los Mini.<\/p>\n<p>&#8216;Nani&#8217; Roma qued\u00f3 cuarto y subi\u00f3 un sitio en la clasificaci\u00f3n, pese a que hoy tuvo la responsabilidad de abrir la pista tras su triunfo en la tercera etapa.<\/p>\n<p>&#8220;De momento va todo seg\u00fan lo planeado. Tenemos un buen ritmo y estos d\u00edas era muy importante no perder tiempo delante&#8221;, dijo &#8216;Nani&#8217; al llegar al campamento.<\/p>\n<p>El estadounidense Robby Gordon (Hummer) se dej\u00f3 varios minutos al ayudar a Al-Attiyah a salir del barro y baj\u00f3 de la segunda a la quinta posici\u00f3n en la general.<\/p>\n<p>En quads el triunfo de etapa fue para el argentino Tom\u00e1s Maffei (Yamaha), que adem\u00e1s se aup\u00f3 al liderato por delante de los hermanos argentinos Alejandro y Marcos Patronelli, ganadores de los dos \u00faltimos\u00a0Dakar.<\/p>\n<p>Tambi\u00e9n hay nuevo l\u00edder en los camiones. El holand\u00e9s Gerard De Rooy (Iveco) gan\u00f3 la etapa y le saca casi 3 minutos al segundo en la clasificaci\u00f3n.<\/p>\n<p>La quinta etapa entre Chilecito y Fiambal\u00e1 tendr\u00e1 recorridos diferentes para las motos y los autos. Todas las categor\u00edas, sin embargo, deber\u00e1n cruzar las dunas blancas de Fiambal\u00e1, donde cada a\u00f1o quedan atrapados un pu\u00f1ado de pilotos.<\/p>\n<p>Las motos tendr\u00e1n 265 kil\u00f3metros de especial y los autos unos 150, despu\u00e9s de que la organizaci\u00f3n suprimiera los 24 kil\u00f3metros iniciales por el mal estado del terreno debido a la lluvia.<\/p>\n","protected":false},"excerpt":{"rendered":"<p>El piloto de motos espa\u00f1ol Marc Coma (KTM) fue este mi\u00e9rcoles el m\u00e1s r\u00e1pido en la cuarta etapa del Dakar y ara\u00f1\u00f3 un par de minutos al franc\u00e9s Cyril Despres (KTM), que sigue l\u00edder en la general.<\/p>\n","protected":false},"author":1,"featured_media":40968,"comment_status":"closed","ping_status":"open","sticky":false,"template":"","format":"standard","meta":{"footnotes":""},"categories":[28],"tags":[46,173],"class_list":["post-40967","post","type-post","status-publish","format-standard","has-post-thumbnail","hentry","category-deportes","tag-dakar","tag-rally"],"_links":{"self":[{"href":"https:\/\/diarioelpopular.com\/index.php\/wp-json\/wp\/v2\/posts\/40967","targetHints":{"allow":["GET"]}}],"collection":[{"href":"https:\/\/diarioelpopular.com\/index.php\/wp-json\/wp\/v2\/posts"}],"about":[{"href":"https:\/\/diarioelpopular.com\/index.php\/wp-json\/wp\/v2\/types\/post"}],"author":[{"embeddable":true,"href":"https:\/\/diarioelpopular.com\/index.php\/wp-json\/wp\/v2\/users\/1"}],"replies":[{"embeddable":true,"href":"https:\/\/diarioelpopular.com\/index.php\/wp-json\/wp\/v2\/comments?post=40967"}],"version-history":[{"count":0,"href":"https:\/\/diarioelpopular.com\/index.php\/wp-json\/wp\/v2\/posts\/40967\/revisions"}],"wp:featuredmedia":[{"embeddable":true,"href":"https:\/\/diarioelpopular.com\/index.php\/wp-json\/"}],"wp:attachment":[{"href":"https:\/\/diarioelpopular.com\/index.php\/wp-json\/wp\/v2\/media?parent=40967"}],"wp:term":[{"taxonomy":"category","embeddable":true,"href":"https:\/\/diarioelpopular.com\/index.php\/wp-json\/wp\/v2\/categories?post=40967"},{"taxonomy":"post_tag","embeddable":true,"href":"https:\/\/diarioelpopular.com\/index.php\/wp-json\/wp\/v2\/tags?post=40967"}],"curies":[{"name":"wp","href":"https:\/\/api.w.org\/{rel}","templated":true}]}}