{"id":409956,"date":"2012-09-02T11:08:59","date_gmt":"2012-09-02T15:08:59","guid":{"rendered":"http:\/\/diarioelpopular.com\/?p=409956"},"modified":"2012-09-02T11:08:59","modified_gmt":"2012-09-02T15:08:59","slug":"rajoy-cumplir-con-mi-deber-me-llevara-a-volver-a-ganar-las-elecciones","status":"publish","type":"post","link":"https:\/\/diarioelpopular.com\/index.php\/2012\/09\/02\/rajoy-cumplir-con-mi-deber-me-llevara-a-volver-a-ganar-las-elecciones\/","title":{"rendered":"Rajoy: Cumplir con mi deber me llevar\u00e1 a volver a ganar las elecciones"},"content":{"rendered":"<div id=\"attachment_409957\" style=\"width: 810px\" class=\"wp-caption aligncenter\"><a href=\"https:\/\/diarioelpopular.com\/wp-content\/uploads\/2012\/09\/20120831_634820430289507726w.jpg\"><img loading=\"lazy\" decoding=\"async\" aria-describedby=\"caption-attachment-409957\" class=\"size-full wp-image-409957\" title=\"20120831_634820430289507726w\" src=\"https:\/\/diarioelpopular.com\/wp-content\/uploads\/2012\/09\/20120831_634820430289507726w.jpg\" alt=\"\" width=\"800\" height=\"533\" \/><\/a><p id=\"caption-attachment-409957\" class=\"wp-caption-text\">FIGUEIRIDO (PONTEVEDRA).- El jefe del Ejecutivo, Mariano Rajoy (d), durante la visita que ha realizado a la sede de la base militar de la Brigada Aerotransportable del Ej\u00e9rcito de Tierra (Brilat), en Figueirido (Pontevedra).<\/p><\/div>\n<p><strong><em>Madrid, 2.-<\/em><\/strong> El presidente del Gobierno, Mariano Rajoy, defiende, en una entrevista en el diario espa\u00f1ol ABC, su pol\u00edtica de reducci\u00f3n del d\u00e9ficit p\u00fablico y se muestra convencido de que cumplir con su deber le mantendr\u00e1 en el poder.<\/p>\n<div id=\"texto\">\n<div>\n<p>&#8220;Estoy convencido de que cumplir con mi deber me llevar\u00e1 a volver a ganar las elecciones&#8221;, dice Rajoy en una entrevista en ABC con la participaci\u00f3n de otros tres peri\u00f3dicos europeos: el italiano &#8220;Corriere della Sera&#8221;, el franc\u00e9s &#8220;Le journal du Dimanche&#8221; y el alem\u00e1n &#8220;Bild am Sonntag&#8221;.<\/p>\n<p>Rajoy subraya en la entrevista que los recortes no han afectado a los pensionistas y que la realidad le ha impedido cumplir su programa electoral, aunque subraya que, en todo caso, &#8220;saldremos de esta con esfuerzo, perseverancia y fe en nosotros mismos&#8221;.<\/p>\n<p>El semanario franc\u00e9s &#8220;&#8221;Le journal du Dimanche&#8221; dedica dos p\u00e1ginas a la entrevista con Rajoy, destaca los esfuerzos del Gobierno espa\u00f1ol para contrarrestar la crisis econ\u00f3mica y titula que &#8220;Lo peor que le puede pasarle a un Gobierno es no comprender la realidad en la que vive&#8221;.<\/p>\n<p>El rotativo alem\u00e1n &#8220;Bild am Sonntag&#8221; destaca el convencimiento de Rajoy de que la eurozona podr\u00eda contar hasta 2018 con una uni\u00f3n fiscal con eurobonos, mientras que el &#8220;Corriere della Sera&#8221; titula &#8220;Gobierno con el viento en contra, pero en 2015 volver\u00e9 a ganar&#8221;.<\/p>\n<\/div>\n<\/div>\n","protected":false},"excerpt":{"rendered":"<p>El presidente del Gobierno, Mariano Rajoy, defiende, en una entrevista en el diario espa\u00f1ol ABC, su pol\u00edtica de reducci\u00f3n del d\u00e9ficit p\u00fablico y se muestra convencido de que cumplir con su deber le mantendr\u00e1 en el poder.<\/p>\n","protected":false},"author":1,"featured_media":409957,"comment_status":"open","ping_status":"open","sticky":false,"template":"","format":"standard","meta":{"footnotes":""},"categories":[24],"tags":[444,1081,4653],"class_list":["post-409956","post","type-post","status-publish","format-standard","has-post-thumbnail","hentry","category-mundo","tag-espana","tag-gobierno","tag-raqjoy"],"_links":{"self":[{"href":"https:\/\/diarioelpopular.com\/index.php\/wp-json\/wp\/v2\/posts\/409956","targetHints":{"allow":["GET"]}}],"collection":[{"href":"https:\/\/diarioelpopular.com\/index.php\/wp-json\/wp\/v2\/posts"}],"about":[{"href":"https:\/\/diarioelpopular.com\/index.php\/wp-json\/wp\/v2\/types\/post"}],"author":[{"embeddable":true,"href":"https:\/\/diarioelpopular.com\/index.php\/wp-json\/wp\/v2\/users\/1"}],"replies":[{"embeddable":true,"href":"https:\/\/diarioelpopular.com\/index.php\/wp-json\/wp\/v2\/comments?post=409956"}],"version-history":[{"count":0,"href":"https:\/\/diarioelpopular.com\/index.php\/wp-json\/wp\/v2\/posts\/409956\/revisions"}],"wp:featuredmedia":[{"embeddable":true,"href":"https:\/\/diarioelpopular.com\/index.php\/wp-json\/"}],"wp:attachment":[{"href":"https:\/\/diarioelpopular.com\/index.php\/wp-json\/wp\/v2\/media?parent=409956"}],"wp:term":[{"taxonomy":"category","embeddable":true,"href":"https:\/\/diarioelpopular.com\/index.php\/wp-json\/wp\/v2\/categories?post=409956"},{"taxonomy":"post_tag","embeddable":true,"href":"https:\/\/diarioelpopular.com\/index.php\/wp-json\/wp\/v2\/tags?post=409956"}],"curies":[{"name":"wp","href":"https:\/\/api.w.org\/{rel}","templated":true}]}}