{"id":410765,"date":"2012-09-06T21:31:39","date_gmt":"2012-09-07T01:31:39","guid":{"rendered":"http:\/\/diarioelpopular.com\/?p=410765"},"modified":"2012-09-06T21:31:39","modified_gmt":"2012-09-07T01:31:39","slug":"si-colombia-tiene-a-falcao-en-chile-estan-alexis-y-suazo-dice-marcelo-diaz","status":"publish","type":"post","link":"https:\/\/diarioelpopular.com\/index.php\/2012\/09\/06\/si-colombia-tiene-a-falcao-en-chile-estan-alexis-y-suazo-dice-marcelo-diaz\/","title":{"rendered":"Si Colombia tiene a Falcao, en Chile est\u00e1n Alexis y Suazo, dice Marcelo D\u00edaz"},"content":{"rendered":"<div id=\"attachment_410766\" style=\"width: 715px\" class=\"wp-caption aligncenter\"><a href=\"https:\/\/diarioelpopular.com\/wp-content\/uploads\/2012\/09\/web.chile_.jpg\"><img loading=\"lazy\" decoding=\"async\" aria-describedby=\"caption-attachment-410766\" class=\"size-full wp-image-410766\" title=\"web.chile\" src=\"https:\/\/diarioelpopular.com\/wp-content\/uploads\/2012\/09\/web.chile_.jpg\" alt=\"\" width=\"705\" height=\"420\" \/><\/a><p id=\"caption-attachment-410766\" class=\"wp-caption-text\">SANTIAGO (CHILE)- Fotograf\u00eda cedida por ANFP del jugador de la selecci\u00f3n chilena de f\u00fatbol Alexis S\u00e1nchez firmando aut\u00f3grafos en la pr\u00e1ctica oficial del equipo en el complejo Juan Pinto Duran de Santiago, con miras al encuentro frente a su similar de Colombia el pr\u00f3ximo 11 de septiembre, por la octava fecha de las clasificatorias sudamericanas rumbo a Brasil 2014 .<\/p><\/div>\n<p><strong><em>Santiago de\u00a0Chile.-<\/em><\/strong> El centrocampista chileno Marcelo D\u00edaz asegur\u00f3 este jueves que la selecci\u00f3n de su pa\u00eds tiene jugadores &#8220;de mayor calidad&#8221; que la de Colombia, y cit\u00f3 como ejemplos a sus compatriotas Alexis S\u00e1nchez y Humberto Suazo frente al m\u00e1s llamativo de sus pr\u00f3ximos rivales en las eliminatorias: Radamel Falcao Garc\u00eda.<\/p>\n<p>&#8220;Es un gran equipo y no basa todo su juego en Radamel Falcao, pero nosotros tenemos a Alexis S\u00e1nchez y a Humberto Suazo, tenemos jugadores de mayor calidad que ellos y en eso nos tenemos que enfocar&#8221;, declar\u00f3 hoy el jugador de Basilea suizo a prop\u00f3sito del partido que jugar\u00e1n el 11 de septiembre en Santiago.A su juicio, los tres puntos en juego &#8220;son vitales para seguir peleando una clasificaci\u00f3n al Mundial&#8221;.<\/p>\n<p>Sobre los casos de indisciplina protagonizados por, al menos, media docena de jugadores, el volante afirm\u00f3: &#8220;todos tenemos una responsabilidad por estar representando al pa\u00eds y debemos tener cuidado en lo que hacemos&#8221;.<\/p>\n<p>&#8220;Ac\u00e1 vinimos solamente a jugar f\u00fatbol, no nos interesa meternos en ning\u00fan l\u00edo, no necesitamos conflictos. Necesitamos que todos estemos unidos por que estamos representando a\u00a0Chile&#8221;, recalc\u00f3.<\/p>\n<p>El primer caso de indisciplina se registr\u00f3 en noviembre del a\u00f1o pasado, cuando Arturo Vidal, Gonzalo Jara, Carlos Carmona, Jean Beausejour y Jorge Valdivia se presentaron tarde a la concentraci\u00f3n de la Roja y con s\u00edntomas de haber consumido alcohol.<br \/>\nEl segundo se origin\u00f3 cuando Gary Medel y Eduardo Vargas fueron sorprendidos la madrugada del 6 de junio a la salida de una discoteca de Santiago. El caso se produjo a horas de viajar la Roja a Venezuela para jugar un partido de la sexta jornada de las eliminatorias del Mundial Brasil 2014.<\/p>\n<p>El seleccionador Claudio Borghi trabaj\u00f3 en la ma\u00f1ana y en la tarde con el grupo que convoc\u00f3 para le partido de la octava jornada.<\/p>\n<p>El l\u00edder de las eliminatorias sudamericanas tendr\u00e1 asueto este viernes, cuando se jugar\u00e1 la s\u00e9ptima fecha.<\/p>\n","protected":false},"excerpt":{"rendered":"<p>El centrocampista chileno Marcelo D\u00edaz asegur\u00f3 este jueves que la selecci\u00f3n de su pa\u00eds tiene jugadores &#8220;de mayor calidad&#8221; que la de Colombia.<\/p>\n","protected":false},"author":1,"featured_media":410766,"comment_status":"open","ping_status":"open","sticky":false,"template":"","format":"standard","meta":{"footnotes":""},"categories":[28],"tags":[4717,4718,478,4719,1002,4720,4721],"class_list":["post-410765","post","type-post","status-publish","format-standard","has-post-thumbnail","hentry","category-deportes","tag-4717","tag-alexis","tag-brasil","tag-diaz","tag-falcao","tag-marcelo","tag-suazo"],"_links":{"self":[{"href":"https:\/\/diarioelpopular.com\/index.php\/wp-json\/wp\/v2\/posts\/410765","targetHints":{"allow":["GET"]}}],"collection":[{"href":"https:\/\/diarioelpopular.com\/index.php\/wp-json\/wp\/v2\/posts"}],"about":[{"href":"https:\/\/diarioelpopular.com\/index.php\/wp-json\/wp\/v2\/types\/post"}],"author":[{"embeddable":true,"href":"https:\/\/diarioelpopular.com\/index.php\/wp-json\/wp\/v2\/users\/1"}],"replies":[{"embeddable":true,"href":"https:\/\/diarioelpopular.com\/index.php\/wp-json\/wp\/v2\/comments?post=410765"}],"version-history":[{"count":0,"href":"https:\/\/diarioelpopular.com\/index.php\/wp-json\/wp\/v2\/posts\/410765\/revisions"}],"wp:featuredmedia":[{"embeddable":true,"href":"https:\/\/diarioelpopular.com\/index.php\/wp-json\/"}],"wp:attachment":[{"href":"https:\/\/diarioelpopular.com\/index.php\/wp-json\/wp\/v2\/media?parent=410765"}],"wp:term":[{"taxonomy":"category","embeddable":true,"href":"https:\/\/diarioelpopular.com\/index.php\/wp-json\/wp\/v2\/categories?post=410765"},{"taxonomy":"post_tag","embeddable":true,"href":"https:\/\/diarioelpopular.com\/index.php\/wp-json\/wp\/v2\/tags?post=410765"}],"curies":[{"name":"wp","href":"https:\/\/api.w.org\/{rel}","templated":true}]}}