{"id":411000,"date":"2012-09-06T23:37:37","date_gmt":"2012-09-07T03:37:37","guid":{"rendered":"http:\/\/diarioelpopular.com\/?p=411000"},"modified":"2012-09-06T23:37:37","modified_gmt":"2012-09-07T03:37:37","slug":"shakira-es-demandada-por-antonio-de-la-rua","status":"publish","type":"post","link":"https:\/\/diarioelpopular.com\/index.php\/2012\/09\/06\/shakira-es-demandada-por-antonio-de-la-rua\/","title":{"rendered":"Shakira es demandada por Antonio de la R\u00faa"},"content":{"rendered":"<p><strong><a href=\"https:\/\/diarioelpopular.com\/wp-content\/uploads\/2012\/09\/web.1-shak.jpg\"><img loading=\"lazy\" decoding=\"async\" class=\"aligncenter size-full wp-image-411163\" title=\"web.1-shak\" src=\"https:\/\/diarioelpopular.com\/wp-content\/uploads\/2012\/09\/web.1-shak.jpg\" alt=\"\" width=\"705\" height=\"420\" \/><\/a>Shakira<\/strong>\u00a0tiene una batalla legal por librar con su expareja,\u00a0<strong>Antonio de la R\u00faa<\/strong>, quien la ha demandado y exige $ 250 millones. Su argumento es que al romper su relaci\u00f3n con ella abandon\u00f3 su carrera como publicista, adem\u00e1s de haber quedado pendientes algunos contratos.<\/p>\n<p>La cantidad exigida tambi\u00e9n comprende una compensaci\u00f3n econ\u00f3mica por el tiempo que manej\u00f3 la carrera de la cantante.<\/p>\n<p>Conforme a lo que publica el diario espa\u00f1ol\u00a0<em>La Raz\u00f3n<\/em>, el hijo del ex presidente de Argentina recalc\u00f3 en los tribunales que durante los a\u00f1os que estuvieron juntos, \u00e9l no ejerci\u00f3 su profesi\u00f3n como publicista, porque se dedic\u00f3 a la carrera musical de la int\u00e9rprete.<\/p>\n<p>De la R\u00faa reclama el 18 por ciento de las ganancias de la cantante por el papel clave que jug\u00f3 en la negociaci\u00f3n del contrato multimillonario, cercano a $ 100 millones, con Live Nation, la productora de eventos m\u00e1s grande del mundo.<\/p>\n<p>Adem\u00e1s, reclama le sean entregados diversos inmuebles que la pareja comparti\u00f3, como una hacienda que compraron en Uruguay y el apartamento que adquirieron en Nueva York.<\/p>\n<p>Uno de los abogados de Shakira afirm\u00f3 que la colombiana no est\u00e1 obligada a entregarle m\u00e1s dinero a De la R\u00faa, porque existe una capitulaci\u00f3n marital que firmaron cuando constituyeron su relaci\u00f3n como pareja.<\/p>\n","protected":false},"excerpt":{"rendered":"<p>Shakira tiene una batalla legal por librar con su expareja, Antonio de la R\u00faa, quien la ha demandado y exige $ 250 millones. Su argumento es que al romper su relaci\u00f3n con ella abandon\u00f3 su carrera como publicista, adem\u00e1s de haber quedado pendientes algunos contratos.<\/p>\n","protected":false},"author":1,"featured_media":411163,"comment_status":"open","ping_status":"open","sticky":false,"template":"","format":"standard","meta":{"footnotes":""},"categories":[24],"tags":[2442,3409,2611,2851,4741,2006],"class_list":["post-411000","post","type-post","status-publish","format-standard","has-post-thumbnail","hentry","category-mundo","tag-de","tag-demanada","tag-la","tag-por","tag-rua","tag-shakira"],"_links":{"self":[{"href":"https:\/\/diarioelpopular.com\/index.php\/wp-json\/wp\/v2\/posts\/411000","targetHints":{"allow":["GET"]}}],"collection":[{"href":"https:\/\/diarioelpopular.com\/index.php\/wp-json\/wp\/v2\/posts"}],"about":[{"href":"https:\/\/diarioelpopular.com\/index.php\/wp-json\/wp\/v2\/types\/post"}],"author":[{"embeddable":true,"href":"https:\/\/diarioelpopular.com\/index.php\/wp-json\/wp\/v2\/users\/1"}],"replies":[{"embeddable":true,"href":"https:\/\/diarioelpopular.com\/index.php\/wp-json\/wp\/v2\/comments?post=411000"}],"version-history":[{"count":0,"href":"https:\/\/diarioelpopular.com\/index.php\/wp-json\/wp\/v2\/posts\/411000\/revisions"}],"wp:featuredmedia":[{"embeddable":true,"href":"https:\/\/diarioelpopular.com\/index.php\/wp-json\/"}],"wp:attachment":[{"href":"https:\/\/diarioelpopular.com\/index.php\/wp-json\/wp\/v2\/media?parent=411000"}],"wp:term":[{"taxonomy":"category","embeddable":true,"href":"https:\/\/diarioelpopular.com\/index.php\/wp-json\/wp\/v2\/categories?post=411000"},{"taxonomy":"post_tag","embeddable":true,"href":"https:\/\/diarioelpopular.com\/index.php\/wp-json\/wp\/v2\/tags?post=411000"}],"curies":[{"name":"wp","href":"https:\/\/api.w.org\/{rel}","templated":true}]}}