{"id":411179,"date":"2012-09-07T18:52:18","date_gmt":"2012-09-07T22:52:18","guid":{"rendered":"http:\/\/diarioelpopular.com\/?p=411179"},"modified":"2012-09-07T18:52:18","modified_gmt":"2012-09-07T22:52:18","slug":"la-fuerza-del-cine-espanol-es-que-tenemos-tecnicos-y-actores-increibles","status":"publish","type":"post","link":"https:\/\/diarioelpopular.com\/index.php\/2012\/09\/07\/la-fuerza-del-cine-espanol-es-que-tenemos-tecnicos-y-actores-increibles\/","title":{"rendered":"\u201cLa fuerza del cine espa\u00f1ol es que tenemos t\u00e9cnicos y actores incre\u00edbles\u201d"},"content":{"rendered":"<div id=\"attachment_411181\" style=\"width: 715px\" class=\"wp-caption aligncenter\"><a href=\"https:\/\/diarioelpopular.com\/wp-content\/uploads\/2012\/09\/web.128.jpg\"><img loading=\"lazy\" decoding=\"async\" aria-describedby=\"caption-attachment-411181\" class=\"size-full wp-image-411181\" title=\"web.1\" src=\"https:\/\/diarioelpopular.com\/wp-content\/uploads\/2012\/09\/web.128.jpg\" alt=\"\" width=\"705\" height=\"420\" \/><\/a><p id=\"caption-attachment-411181\" class=\"wp-caption-text\">El director espa\u00f1ol Juan Carlos Medina estrena su \u00f3pera prima este s\u00e1bado en Toronto.<\/p><\/div>\n<div id=\"attachment_411182\" style=\"width: 715px\" class=\"wp-caption aligncenter\"><a href=\"https:\/\/diarioelpopular.com\/wp-content\/uploads\/2012\/09\/web.21.jpg\"><img loading=\"lazy\" decoding=\"async\" aria-describedby=\"caption-attachment-411182\" class=\"size-full wp-image-411182\" title=\"web.2\" src=\"https:\/\/diarioelpopular.com\/wp-content\/uploads\/2012\/09\/web.21.jpg\" alt=\"\" width=\"705\" height=\"420\" \/><\/a><p id=\"caption-attachment-411182\" class=\"wp-caption-text\">\u2018Insensibles\u2019 est\u00e1 ambientada en un sanatorio en los Pirineos donde encierran a un grupo de ni\u00f1os insensibles al dolor.<\/p><\/div>\n<div id=\"attachment_411183\" style=\"width: 715px\" class=\"wp-caption aligncenter\"><a href=\"https:\/\/diarioelpopular.com\/wp-content\/uploads\/2012\/09\/web.pareja1.jpg\"><img loading=\"lazy\" decoding=\"async\" aria-describedby=\"caption-attachment-411183\" class=\"size-full wp-image-411183\" title=\"web.pareja\" src=\"https:\/\/diarioelpopular.com\/wp-content\/uploads\/2012\/09\/web.pareja1.jpg\" alt=\"\" width=\"705\" height=\"420\" \/><\/a><p id=\"caption-attachment-411183\" class=\"wp-caption-text\">El actor catal\u00e1n \u00c0lex Brendem\u00fchl interpreta a un neurocirujano que descubrir\u00e1 los secretos de un pasado oculto.<\/p><\/div>\n<p><strong><em>TORONTO.-<\/em><\/strong> El Festival Internacional de Cine de Toronto, el TIFF, llega a su 37\u00aa edici\u00f3n con la programaci\u00f3n m\u00e1s amplia y variada de su historia. Entre el pu\u00f1ado de pel\u00edculas espa\u00f1olas que se estrenan, est\u00e1 \u2018Insensibles\u2019, de Juan Carlos Medina. El director habl\u00f3 con El Popular sobre lo que supone estar en Toronto, la tem\u00e1tica de la posguerra y el estado del cine espa\u00f1ol en plena crisis econ\u00f3mica.<\/p>\n<p><strong>\u00bfCu\u00e1ndo supo que le hab\u00edan aceptado para el TIFF 2012?<\/strong><\/p>\n<p>Sab\u00eda que hab\u00edamos presentado la pel\u00edcula y estaba esperando con mucha ansiedad saber si nos iban a seleccionar. Cuando recib\u00ed la noticia estaba en Madrid, en casa de mi madre y me puse content\u00edsimo. Es un festival muy importante y, adem\u00e1s, estamos en la tierra de David Cronenberg, que es un cineasta que adoro. Es significativo que sea aqu\u00ed donde la pel\u00edcula tenga su \u2018premi\u00e8re\u2019.<\/p>\n<p><strong>\u00bfSu pel\u00edcula entrar\u00eda dentro del g\u00e9nero fant\u00e1stico, como Cronenberg?<\/strong><\/p>\n<p>En realidad no es una pel\u00edcula de fantas\u00eda. Es un thriller dram\u00e1tico que est\u00e1 en la confluencia de varios g\u00e9neros. Creo que hay m\u00e1s toques expresionistas o metaf\u00f3ricos que propiamente fant\u00e1sticos. No hay nada sobrenatural que ocurra en la pel\u00edcula, todo deriva de cosas plausibles. Dir\u00eda que es un terror m\u00e1s metaf\u00f3rico.<\/p>\n<p><strong>\u00bfQu\u00e9 opini\u00f3n le merece el cine fant\u00e1stico hecho en Espa\u00f1a?<\/strong><\/p>\n<p>Me parecen pel\u00edculas fabulosas. Me encanta \u2018El Orfanato\u2019, que es un pelicul\u00f3n. Las nuevas obras vienen de una escuela que se inici\u00f3 con las pel\u00edculas de Narciso Ib\u00e1\u00f1ez Serrador y, m\u00e1s tarde, V\u00edctor Erice, autor de \u2018El Esp\u00edritu de la Colmena\u2019 (1973). Son pel\u00edculas que representan un cine espa\u00f1ol muy potente y que a la vez hablan del inconsciente del pa\u00eds y tratan las heridas del pasado y las aspiraciones del futuro.<\/p>\n<p><strong>En \u2018Insensibles\u2019, habla de las consecuencias de la Guerra Civil.<\/strong><\/p>\n<p>Hay una escena sobre la Guerra Civil pero, en realidad, la trama empieza antes y trata m\u00e1s de la posguerra. En mi caso, por ejemplo, conoc\u00ed la historia de mis abuelos paternos, que crecieron en Extremadura. Mi abuela ten\u00eda siete a\u00f1os cuando estall\u00f3 la Guerra Civil y conoci\u00f3 el ataque de la columna Yag\u00fce en Badajoz y M\u00e9rida. Sufri\u00f3 mucho la guerra y en mi familia se contaron muchas historias.<\/p>\n<p><strong>Y de esas historias surge una pel\u00edcula.<\/strong><\/p>\n<p>Cuando subes una o dos generaciones, encuentras a mucha gente que ha vivido la guerra o la posguerra en Espa\u00f1a, con lo que siguen ah\u00ed esos traumatismos. Supongo que, de una manera u otra, acabas haciendo cine sobre las cosas que oyes cuando eres ni\u00f1o o sobre las historias que te cuentan los abuelos y los padres.<\/p>\n<p><strong>En este caso, traslada la acci\u00f3n a los Pirineos.<\/strong><\/p>\n<p>Uno de los \u2018sets\u2019 m\u00e1s importantes de la pel\u00edcula es un manicomio situado en la frontera entre Espa\u00f1a y Francia, en el t\u00fanel del Somport, en Canfranc (Huesca). Es una zona fronteriza entre Arag\u00f3n y Catalu\u00f1a. Situ\u00e9 la pel\u00edcula all\u00ed por ciertos elementos del gui\u00f3n. Durante la guerra, fue una zona tamp\u00f3n debido al t\u00fanel del Somport, que era el \u00fanico paso ferroviario entre Francia y Espa\u00f1a y que, por supuesto, los nazis usaron frecuentemente. En esos a\u00f1os, era un lugar donde pod\u00edas esperar la presencia de alemanes.<\/p>\n<p><strong>\u00bfC\u00f3mo crearon este \u2018manicomio\u2019?<\/strong><\/p>\n<p>El lugar que encontramos era en realidad un fuerte militar del siglo XIX. El manicomio lo creamos de la nada y transformamos el edificio con efectos digitales. El decorado interior lo hicimos en los estudios de Terrassa (Barcelona). El edificio en s\u00ed es una creaci\u00f3n ficticia pero el entorno es espectacular.<\/p>\n<p><strong>\u00bfC\u00f3mo empez\u00f3 en el mundo del cine?<\/strong><\/p>\n<p>Fui meritorio de direcci\u00f3n en \u2018Torrente, el brazo tonto de la ley\u2019 (1998). Luego me fui a Francia a estudiar cine, donde empec\u00e9 haciendo cortos. En el festival de Alcal\u00e1 de Henares de 2001 gan\u00e9 un premio por mi segundo corto y all\u00ed es donde conoc\u00ed a Luis Berdejo [REC], que ha colaborado conmigo en el gui\u00f3n de \u2018Insensibles\u2019.<\/p>\n<p><strong>\u00bfQu\u00e9 tal el rodaje de Torrente con Santiago Segura?<\/strong><\/p>\n<p>Fue una experiencia muy divertida, lo recuerdo como un rodaje loco. Estuvimos en todos los sitios \u2018chungos\u2019 de Madrid y me acuerdo de los taxistas locos que destrozaban barreras. \u00a1Muy gracioso!<\/p>\n<p><strong>\u00bfAlg\u00fan d\u00eda pens\u00f3 que podr\u00eda estrenar su \u00f3pera prima en un festival como el TIFF?<\/strong><\/p>\n<p>El \u00fanico horizonte que ten\u00eda era conseguir hacer la pel\u00edcula. Por supuesto, fue un proceso dif\u00edcil. Resulta parad\u00f3jico porque \u2018Insensibles\u2019 es una pel\u00edcula espa\u00f1ola, en lengua catalana y castellana, con un c\u00e1sting totalmente espa\u00f1ol pero cuya primera base de financiaci\u00f3n encontr\u00e9 en Francia. A partir de ah\u00ed, busqu\u00e9 el resto en Espa\u00f1a. Es un caso de producci\u00f3n un poco fuera de lo com\u00fan.<\/p>\n<p><strong>\u00bfMe imagino que la crisis habr\u00e1 complicado la labor del cineasta?<\/strong><\/p>\n<p>S\u00ed, ahora es particularmente dif\u00edcil conseguir financiaci\u00f3n. En Espa\u00f1a tenemos una doble crisis. Lo dif\u00edcil que pod\u00eda ser antes obtener subvenciones para hacer una pel\u00edcula, est\u00e1 hoy en d\u00eda m\u00e1s complicado por la dificultad de obtener cr\u00e9dito. Aunque consigas subvenciones, necesitas un cr\u00e9dito para sacar adelante la pel\u00edcula. La fuerza del cine espa\u00f1ol es que tenemos t\u00e9cnicos y actores incre\u00edbles. Somos un pa\u00eds que amamos al cine y eso se reconoce en todo el mundo. Soy optimista y creo que aguantaremos y saldremos adelante.<\/p>\n<p><strong>Entre los buenos actores est\u00e1 \u00c0lex Brendem\u00fchl, el protagonista de \u2018Insensibles\u2019.<\/strong><\/p>\n<p>Yo adoro a \u00c0lex, es todo lo que me gusta en un actor. Cuando lo miras, tiene una especie de complejidad y nunca sabes lo que est\u00e1 pensando. Tiene una mirada muy enigm\u00e1tica. Cuando lo fich\u00e9 para \u2018Insensibles\u2019, era un actor que me fascinaba pero que hab\u00eda estado siempre en un registro de personajes fr\u00edos y poco expresivos, como en \u2018Las Horas del D\u00eda\u2019.<\/p>\n<p><strong>En esta ocasi\u00f3n, cambia de registro<\/strong><\/p>\n<p>Aunque sab\u00eda que era un actor magistral, fue una apuesta ofrecerle un papel que le exigiera estar m\u00e1s en los extremos, mucho m\u00e1s expresivo, y creo que eso le gust\u00f3 y le motiv\u00f3. Vio que pod\u00eda dar algo que quiz\u00e1s no hab\u00eda ense\u00f1ado antes. Todas las escenas con Juan Diego son incre\u00edbles pero en la \u00faltima hay una confrontaci\u00f3n entre ambos que es muy fuerte. En esta pel\u00edcula, \u00c0lex ha sacado cosas muy potentes y ha demostrado que es un actor muy vers\u00e1til adem\u00e1s de ser sumamente interesante y fascinante.<\/p>\n<p><strong>\u00bfQu\u00e9 puede esperar el espectador de \u2018Insensibles\u2019 que no encontrar\u00e1 en las dem\u00e1s pel\u00edculas del TIFF?<\/strong><\/p>\n<p>Sinceramente, creo que \u2018Insensibles\u2019 es una pel\u00edcula que tiene algo muy potente que ofrecer y que te lleva por un sendero distinto al que te esperas. Cuando sales de la sala, te acuerdas de ella.<\/p>\n<p><strong>\u00bfCu\u00e1l va a ser el recorrido de la pel\u00edcula?<\/strong><\/p>\n<p>Primero tenemos varios festivales, como el BFI en Londres, el Festival de Cine Fant\u00e1stico de Sitges y el Festival de Estrasburgo. El preestreno espa\u00f1ol ser\u00e1 en Sitges y estoy muy ilusionado porque la pel\u00edcula se proyectar\u00e1 el primer s\u00e1bado por la noche. Lo vamos a disfrutar much\u00edsimo. Luego, tenemos distribuci\u00f3n en Francia, donde estrenamos el 10 de octubre.<\/p>\n<p><strong>\u00bfQu\u00e9 tiene pensado hacer en Toronto?<\/strong><\/p>\n<p>Sobre todo, ver pel\u00edculas. La selecci\u00f3n es impresionante. Hay una pel\u00edcula de Terrence Malick, otra de Brian de Palma, de PT Anderson. He visto \u2018Looper\u2019 de Rian Jonson, que es incre\u00edble, y tambi\u00e9n hay la \u00faltima de JA Bayona, \u2018The Impossible\u2019, que tengo muchas ganas de ver. Hay un mont\u00f3n de pel\u00edculas de alto nivel y, por eso, es un honor y un privilegio estar aqu\u00ed con \u2018Insensibles\u2019.<\/p>\n","protected":false},"excerpt":{"rendered":"<p>El cineasta espa\u00f1ol presenta en el Festival Internacional de Cine de Toronto su \u00f3pera prima \u2018Insensibles\u2019, una pel\u00edcula con elementos de suspense y trasfondo hist\u00f3rico que se estrenar\u00e1 en Espa\u00f1a a principios de octubre.<\/p>\n","protected":false},"author":1,"featured_media":411183,"comment_status":"open","ping_status":"open","sticky":false,"template":"","format":"standard","meta":{"footnotes":""},"categories":[21,80],"tags":[2202,2633,22],"class_list":["post-411179","post","type-post","status-publish","format-standard","has-post-thumbnail","hentry","category-canada","category-cine-2","tag-cine-3","tag-festival","tag-toronto"],"_links":{"self":[{"href":"https:\/\/diarioelpopular.com\/index.php\/wp-json\/wp\/v2\/posts\/411179","targetHints":{"allow":["GET"]}}],"collection":[{"href":"https:\/\/diarioelpopular.com\/index.php\/wp-json\/wp\/v2\/posts"}],"about":[{"href":"https:\/\/diarioelpopular.com\/index.php\/wp-json\/wp\/v2\/types\/post"}],"author":[{"embeddable":true,"href":"https:\/\/diarioelpopular.com\/index.php\/wp-json\/wp\/v2\/users\/1"}],"replies":[{"embeddable":true,"href":"https:\/\/diarioelpopular.com\/index.php\/wp-json\/wp\/v2\/comments?post=411179"}],"version-history":[{"count":0,"href":"https:\/\/diarioelpopular.com\/index.php\/wp-json\/wp\/v2\/posts\/411179\/revisions"}],"wp:featuredmedia":[{"embeddable":true,"href":"https:\/\/diarioelpopular.com\/index.php\/wp-json\/"}],"wp:attachment":[{"href":"https:\/\/diarioelpopular.com\/index.php\/wp-json\/wp\/v2\/media?parent=411179"}],"wp:term":[{"taxonomy":"category","embeddable":true,"href":"https:\/\/diarioelpopular.com\/index.php\/wp-json\/wp\/v2\/categories?post=411179"},{"taxonomy":"post_tag","embeddable":true,"href":"https:\/\/diarioelpopular.com\/index.php\/wp-json\/wp\/v2\/tags?post=411179"}],"curies":[{"name":"wp","href":"https:\/\/api.w.org\/{rel}","templated":true}]}}