{"id":4120,"date":"2011-07-07T23:28:46","date_gmt":"2011-07-08T03:28:46","guid":{"rendered":"http:\/\/retrolab.ca\/elpopular\/?p=4120"},"modified":"2011-07-07T23:28:46","modified_gmt":"2011-07-08T03:28:46","slug":"boasson-hagen-prolonga-la-fiesta-noruega","status":"publish","type":"post","link":"https:\/\/diarioelpopular.com\/index.php\/2011\/07\/07\/boasson-hagen-prolonga-la-fiesta-noruega\/","title":{"rendered":"Boasson Hagen prolonga la fiesta noruega"},"content":{"rendered":"<div id=\"attachment_4125\" style=\"width: 715px\" class=\"wp-caption aligncenter\"><a href=\"http:\/\/retrolab.ca\/elpopular\/wp-content\/uploads\/2011\/07\/tour2.jpg\"><img loading=\"lazy\" decoding=\"async\" aria-describedby=\"caption-attachment-4125\" class=\"size-full wp-image-4125\" title=\"Tour de Francia, sexta etapa\" src=\"http:\/\/retrolab.ca\/elpopular\/wp-content\/uploads\/2011\/07\/tour2.jpg\" alt=\"\" width=\"705\" height=\"485\" \/><\/a><p id=\"caption-attachment-4125\" class=\"wp-caption-text\">El ciclista colombiano Leonardo Duque, del equipo Cofidis, en el momento de ser alcanzado por el pelot\u00f3n tras la escapada que comparti\u00f3 con otros cuatro corredores en la sexta etapa del Tour de Francia. Foto: Toni Albir \/ Efe<\/p><\/div>\n<p><em>Efe. Lisieux (Francia).-<\/em> El noruego Edvald Boasson Hagen, del Sky, de 24 a\u00f1os, estren\u00f3 su palmar\u00e9s en el\u00a0Tour\u00a0de Francia al imponerse al esprint en la sexta etapa, disputada entre Dinan y Lisieux, la m\u00e1s larga de la presente edici\u00f3n con un recorrido de 226,5 kil\u00f3metros, en la que otro noruego, Thor Hushovd (Garmin), conserv\u00f3 el liderato en una jornada sin cambios en la general.<\/p>\n<p>Entre noruegos anda el juego. Boasson Hagen, 5 veces campe\u00f3n nacional contrarreloj subi\u00f3 al podio a celebrar una &#8220;inesperada victoria&#8221;. El ayudante de Wiggins en el Sky se cruz\u00f3 en la ceremonia de premios con Hushovd, el maillot amarillo, el l\u00edder desde hace cinco d\u00edas.<\/p>\n<p>Boasson, cuarto noruego que gana una etapa en el\u00a0Tour, se lanz\u00f3 por la etapa de la v\u00edspera, en el Cabo Fr\u00e9hel, pero se precipit\u00f3 y su arranque explosivo result\u00f3 est\u00e9ril. Un d\u00eda despu\u00e9s, en su justo momento, lanz\u00f3 una r\u00e9plica en la recta de llegada de Lisieux a los grandes favoritos del esprint para apuntarse el primer \u00e9xito en el\u00a0Tour\u00a0de Francia. Levant\u00f3 los brazos por delante del australiano Metthew Goss (HTC) y de Hushovd. Jos\u00e9 Joaqu\u00edn Rojas (Movistar) sigui\u00f3 en la pelea. Esta vez al murciano le toc\u00f3 el quinto puesto.<\/p>\n<p>Dentro del mismo tiempo de 5h.13.57 entraron todos los favoritos, poniendo fin a una etapa propicia para hacer valer el concepto de &#8220;salvar el d\u00eda&#8221;, tan usado por los corredores, que a veces se conforman con salvar el &#8220;ch\u00e1sis&#8221;, sin ca\u00eddas. Muchos lo dijeron tras aguantar el tobog\u00e1n permanente de 229 kil\u00f3metros bajo la lluvia, en las estrechas carreteras que unieron Breta\u00f1a y Normand\u00eda.<\/p>\n<p>Salv\u00f3 el d\u00eda Hushovd, l\u00edder con 1 segundo sobre Evans y 4 sobre Franck Schleck. Y tambi\u00e9n Contador, que sigue a 1.42 del noruego de Arendal. El madrile\u00f1o, que tom\u00f3 la salida con el costado derecho magullado, no compet\u00eda en tierras bretonas desde 2002, cuando ten\u00eda 19 a\u00f1os. El organizador de la Vuelta a Breta\u00f1a se encarg\u00f3 de refrescarle los buenos recuerdos con un \u00e1lbum de fotos. En aquella prueba fue el mejor joven, l\u00edder un d\u00eda y noveno de la general.<\/p>\n<p>Ya en carrera no falt\u00f3 el susto de rigor para el triple vencedor del Giro, mentalizado para superar cualquier adversidad en un\u00a0Tour\u00a0que le sali\u00f3 torcido desde el comienzo en el Paso de Gois. Esta vez tuvo una aver\u00eda mec\u00e1nica que le oblig\u00f3 a pedirle la bicicleta a su compa\u00f1ero Dani Navarro. Y luego se subi\u00f3 a la suya de repuesto. Un &#8220;calent\u00f3n&#8221; de unos pocos kil\u00f3metros le puso de nuevo en el grupo.<\/p>\n<p>Etapa de transici\u00f3n marcada por una escapada de cinco corredores que se marcharon en el kil\u00f3metro 40: el franc\u00e9s Roux (Francaise), los holandeses Westra y Hoogerland (Vacansoleil), el colombiano Duque (Cofidis) y el italiano Malori (Lampre)<\/p>\n<p>La fuga se fue desvaneciendo poco a poco, controlada por el Garmin del l\u00edder cuando sus componentes vieron que el retraso era de 10 minutos. El quinteto se descompuso a 60 de meta, cuando se despegaron Malori, campe\u00f3n de Italia contrarreloj y Westra, la &#8220;bestia&#8221;. El italiano fue el \u00faltimo superviviente a 2,7 kil\u00f3metros de la pancarta de meta.<\/p>\n<p>Un repecho a 1.500 metros de la llegada al 6,9 por ciento, removi\u00f3 la cabeza de carrera y oblig\u00f3 a los favoritos a andar con las orejas tiesas para evitar cortes y ca\u00eddas. El HTC trataba de organizar la llegada, pero el belga del Omega Jelbe Vanendert atac\u00f3 de lejos, al que trat\u00f3 de seguir Contador. Le alcanz\u00f3 y adelant\u00f3 el franc\u00e9s Thomas Voeckler antes de la pancarta de \u00faltimo kil\u00f3metro.<\/p>\n<p>Turno para Vinokurov, siempre a escena en este tipo de llegadas incontroladas, al que se le pega Mollema (Rabobank). El esprint ya estaba lanzado, sin Cavendish, que hab\u00eda perdido el tren mucho antes. En su lugar se meti\u00f3 el aussie Matthew Goss, pero todo fue insuficiente ante la aparici\u00f3n de Edvald Boasson Hagen, esta vez imbatible. Mejor c\u00e1lculo que en la v\u00edspera, resultado \u00f3ptimo.<\/p>\n<p>&#8220;Me gusta que me comparen con Hushovd, pero \u00e9l es el l\u00edder y mi objetivo es trabajar para mi jefe de filas, Bradley Wiggins&#8221;, dijo Boasson Hagen, el ciclista de Rudsbygd, un antiguo esquiador de fondo que a los 15 a\u00f1os decidi\u00f3 cambiar las tablas por la bicicleta.<\/p>\n<p>No se confundi\u00f3, pues con 17 y 18 a\u00f1os fue campe\u00f3n de Noruega de carretera, persecuci\u00f3n y contrarreloj en su categor\u00eda. Un t\u00e9cnico belga que buscaba talentos en el pa\u00eds n\u00f3rdico, Van Oudenhove, se fij\u00f3 en \u00e9l y empez\u00f3 su progresi\u00f3n.<\/p>\n<p>Un corredor de resistencia, clasic\u00f3mano, que puso su nombre en la gante Wevelgem en 2009, a\u00f1o triunfal, pues tambi\u00e9n &#8220;moj\u00f3&#8221; en el Giro de Italia. En su segunda temporada en el Sky conoci\u00f3 la gloria en el\u00a0Tour. Los noruegos est\u00e1n en racha.<\/p>\n","protected":false},"excerpt":{"rendered":"<p>El noruego Edvald Boasson Hagen, de 24 a\u00f1os, estren\u00f3 su palmar\u00e9s en el Tour de Francia al imponerse al esprint en la sexta etapa, entre Dinan y Lisieux, en la que otro noruego, Thor Hushovd, conserv\u00f3 el liderato en una jornada sin cambios en la general.<\/p>\n","protected":false},"author":1,"featured_media":4121,"comment_status":"closed","ping_status":"open","sticky":false,"template":"","format":"standard","meta":{"footnotes":""},"categories":[28],"tags":[1215,1481],"class_list":["post-4120","post","type-post","status-publish","format-standard","has-post-thumbnail","hentry","category-deportes","tag-ciclismo","tag-tour"],"_links":{"self":[{"href":"https:\/\/diarioelpopular.com\/index.php\/wp-json\/wp\/v2\/posts\/4120","targetHints":{"allow":["GET"]}}],"collection":[{"href":"https:\/\/diarioelpopular.com\/index.php\/wp-json\/wp\/v2\/posts"}],"about":[{"href":"https:\/\/diarioelpopular.com\/index.php\/wp-json\/wp\/v2\/types\/post"}],"author":[{"embeddable":true,"href":"https:\/\/diarioelpopular.com\/index.php\/wp-json\/wp\/v2\/users\/1"}],"replies":[{"embeddable":true,"href":"https:\/\/diarioelpopular.com\/index.php\/wp-json\/wp\/v2\/comments?post=4120"}],"version-history":[{"count":0,"href":"https:\/\/diarioelpopular.com\/index.php\/wp-json\/wp\/v2\/posts\/4120\/revisions"}],"wp:featuredmedia":[{"embeddable":true,"href":"https:\/\/diarioelpopular.com\/index.php\/wp-json\/"}],"wp:attachment":[{"href":"https:\/\/diarioelpopular.com\/index.php\/wp-json\/wp\/v2\/media?parent=4120"}],"wp:term":[{"taxonomy":"category","embeddable":true,"href":"https:\/\/diarioelpopular.com\/index.php\/wp-json\/wp\/v2\/categories?post=4120"},{"taxonomy":"post_tag","embeddable":true,"href":"https:\/\/diarioelpopular.com\/index.php\/wp-json\/wp\/v2\/tags?post=4120"}],"curies":[{"name":"wp","href":"https:\/\/api.w.org\/{rel}","templated":true}]}}