{"id":412357,"date":"2012-09-14T18:54:37","date_gmt":"2012-09-14T22:54:37","guid":{"rendered":"http:\/\/diarioelpopular.com\/?p=412357"},"modified":"2012-09-14T18:54:37","modified_gmt":"2012-09-14T22:54:37","slug":"para-darin-ir-a-filmar-a-una-villa-era-un-riesgo","status":"publish","type":"post","link":"https:\/\/diarioelpopular.com\/index.php\/2012\/09\/14\/para-darin-ir-a-filmar-a-una-villa-era-un-riesgo\/","title":{"rendered":"\u201cPara Dar\u00edn, ir a filmar a una villa era un riesgo\u201d"},"content":{"rendered":"<div id=\"attachment_412358\" style=\"width: 715px\" class=\"wp-caption aligncenter\"><a href=\"https:\/\/diarioelpopular.com\/wp-content\/uploads\/2012\/09\/web.23.jpg\"><img loading=\"lazy\" decoding=\"async\" aria-describedby=\"caption-attachment-412358\" class=\"size-full wp-image-412358\" title=\"web.2\" src=\"https:\/\/diarioelpopular.com\/wp-content\/uploads\/2012\/09\/web.23.jpg\" alt=\"\" width=\"705\" height=\"420\" \/><\/a><p id=\"caption-attachment-412358\" class=\"wp-caption-text\">Ricardo Dar\u00edn y J\u00e9r\u00e9mie R\u00e9nier se ponen en la piel de dos curas estacionados en una peligrosa villa bonaerense.<\/p><\/div>\n<p><strong><em>TORONTO.-<\/em><\/strong>El Festival Internacional de Cine de Toronto (TIFF) acoge este fin de semana el estreno norteamericano de \u2018Elefante Blanco\u2019, una pel\u00edcula que narra el trabajo de dos curas y una asistenta social en la Ciudad Oculta, uno de los grandes pozos de marginalidad de Buenos Aires.<\/p>\n<div id=\"attachment_412359\" style=\"width: 690px\" class=\"wp-caption aligncenter\"><a href=\"https:\/\/diarioelpopular.com\/wp-content\/uploads\/2012\/09\/web.148.jpg\"><img loading=\"lazy\" decoding=\"async\" aria-describedby=\"caption-attachment-412359\" class=\"size-full wp-image-412359\" title=\"web.1\" src=\"https:\/\/diarioelpopular.com\/wp-content\/uploads\/2012\/09\/web.148.jpg\" alt=\"\" width=\"680\" height=\"1021\" \/><\/a><p id=\"caption-attachment-412359\" class=\"wp-caption-text\">Pablo Trapero se inspir\u00f3 en la historia del padre Mugica para \u2018Elefante Blanco\u2019.<\/p><\/div>\n<p><strong>\u00bfQu\u00e9 le inspir\u00f3 a hacer una pel\u00edcula sobre las villas?<\/strong><\/p>\n<p>Hace muchos a\u00f1os hice trabajo social en estos barrios y conoc\u00ed un poco la realidad de los chicos que viven all\u00ed. Cuando termin\u00e9 mi primera pel\u00edcula, \u2018El Bonaerense\u2019, empec\u00e9 a escribir esta historia, que retom\u00e9 despu\u00e9s de \u2018Carancho\u2019, una pel\u00edcula en la que tambi\u00e9n trabaj\u00e9 con Ricardo Dar\u00edn y Martina Gusman. Quer\u00eda volver a trabajar con ellos pero cambiar el enfoque. En \u2018Carancho\u2019 interpretaban a personajes que se aprovechaban de la vida ajena, que constru\u00edan su vida sobre el dolor de otras personas. Ten\u00eda ganas de que esta pel\u00edcula fuera lo opuesto, es decir, la historia de personajes que son capaces de dedicar su vida a los dem\u00e1s. Ah\u00ed aparece el padre Mugica, una persona que an\u00f3nimamente fue a trabajar en estos barrios para ayudar a otra gente y que fue capaz de entregar su vida en ello.<\/p>\n<p><strong>\u00bfC\u00f3mo conoci\u00f3 la figura del padre Mugica?<\/strong><\/p>\n<p>En el proceso de investigaci\u00f3n, que llev\u00f3 varios a\u00f1os hablando con curas y acudiendo a estos barrios, fui conociendo un poquito m\u00e1s la figura de Mugica y me pareci\u00f3 natural dedicarle la pel\u00edcula.<\/p>\n<p><strong>Cu\u00e9ntenos m\u00e1s sobre su figura.<\/strong><\/p>\n<p>Fue uno de los pioneros del movimiento de los Curas del Tercer Mundo en la villa. Vivi\u00f3 en los a\u00f1os anteriores a la dictadura. Muri\u00f3 a manos del estado pero durante el estado democr\u00e1tico. Muri\u00f3 en el a\u00f1o 1974, justo antes de la dictadura militar, cuando Per\u00f3n estaba en el poder. Fue asesinado por la AAA, una organizaci\u00f3n del estado que ve\u00eda en \u00e9l una figura peligrosa.<\/p>\n<p><strong>\u00bfEst\u00e1 demostrado?<\/strong><\/p>\n<p>Nunca hubo un juicio y ese es el problema. Argentina fue una referencia en cuanto a derechos humanos pero esto siempre fue en relaci\u00f3n a la dictadura.<\/p>\n<p><strong>\u00bfCu\u00e1ndo se adentr\u00f3 por primera vez en una villa?<\/strong><\/p>\n<p>Las villas han crecido mucho en estos a\u00f1os. Yo iba de peque\u00f1o y, actualmente, es una realidad a\u00fan m\u00e1s complicada. Creo que era el momento de hacer esta pel\u00edcula porque son realidades que todos vemos en la calle pero de la que se habla poco, fuera de las noticias.<\/p>\n<p><strong>Expl\u00edquenos el origen del barrio donde filmaron.<\/strong><\/p>\n<p>Se llama Ciudad Oculta porque en 1978, con el Mundial de F\u00fatbol, el gobierno militar levant\u00f3 muros para que la gente que llegaba a Argentina desde el aeropuerto cercano no lo pudiera ver. Con los a\u00f1os, creci\u00f3 tanto que qued\u00f3 a la vista. Y el Elefante Blanco, que existe, es un edificio de 15 pisos de alto que es muy visible pese a que muchos pretenden que no se vea.<\/p>\n<p><strong>\u00bfC\u00f3mo acepta la ciudad esta realidad?<\/strong><\/p>\n<p>Hay una especie de complicidad porque todo el mundo mira a la gente de estos barrios con desconfianza y temor, porque es verdad que hay cr\u00edmenes, pero la realidad es que el 80 por ciento de sus habitantes son los que trabajan en las obras de construcci\u00f3n, realizan el servicio dom\u00e9stico en las casas y, en definitiva, hacen los trabajos que la mayor\u00eda de bonaerenses no quiere hacer. La ciudad necesita estos barrios pero no los quiere mirar.<\/p>\n<p><strong>Parece que la diferencia entre ricos y pobres es cada vez mayor.<\/strong><\/p>\n<p>En el proceso de hacer la pel\u00edcula y de acompa\u00f1arla pude ver que esa realidad sucede en muchas ciudades. En esta etapa de crisis global, empieza a pasar en ciudades que uno no imaginaba. En muchas ciudades hay peque\u00f1os espacios donde la gente se agrupa porque perdi\u00f3 sus casas y no tienen donde vivir y, con el tiempo, eso se convierte en un barrio. En Espa\u00f1a, presentamos la pel\u00edcula en estos barrios y se sintieron identificados. Yo pensaba que era un fen\u00f3meno m\u00e1s local y, tristemente, es algo mucho m\u00e1s universal. En general, la mayor\u00eda de habitantes de las villas son inmigrantes que vienen de otros pa\u00edses para trabajar en la ciudad. Eso crea fuertes problemas de territorio. Por ejemplo, los de Per\u00fa tienen su zona y no se cruzan con los de Paraguay y se crean tensiones.<\/p>\n<p><strong>\u00bfC\u00f3mo consigui\u00f3 rodar en estos barrios tan pobres?<\/strong><\/p>\n<p>Es dif\u00edcil entrar en un barrio si la gente no te abre la puerta. En este caso, no s\u00f3lo nos recibieron muy bien sino que estaban agradecidos justamente porque se contaba la vida cotidiana, a pesar de su dureza. Se sent\u00edan agradecidos por tener una voz diferente a la voz de las noticias. Fue una experiencia muy intensa y muy emocionante. No solamente filmamos en la villa sino que lo hicimos con la gente del barrio. Trabajaron como actores y tambi\u00e9n detr\u00e1s de la c\u00e1mara. Les pedimos que trabajaran con nosotros. Fueron muchas semanas de convivencia.<\/p>\n<p><strong>\u00bfC\u00f3mo fue rodar all\u00ed con Ricardo Dar\u00edn?<\/strong><\/p>\n<p>Fue nuestro gran interrogante porque Dar\u00edn es una estrella y quiz\u00e1s podr\u00eda ser acosado. Al final fue lo opuesto de lo que pens\u00e1bamos. La gente fue muy amable, muy participativa y estuvo muy contenta y emocionada. Fue una experiencia muy linda.<\/p>\n<p><strong>\u00bfC\u00f3mo lo convenciste?<\/strong><\/p>\n<p>Nuestra relaci\u00f3n profesional comenz\u00f3 con \u2018Carancho\u2019. Para m\u00ed fue un desaf\u00edo grande porque es un actor extraordinario con una larga trayectoria. Nos hicimos muy cercanos en el proceso y enseguida le propuse repetir junto a \u00e9l y Martina Gusman. Entre los dos, hacen un muy buen equipo de trabajo. Ambos son muy profesionales pero tambi\u00e9n asumen riesgos. Para Dar\u00edn, ir a filmar a una villa era un riesgo. Era un desaf\u00edo saber c\u00f3mo iba a trabajar \u00e9l, con una imagen tan popular, haciendo de cura en una villa. Eso lo puedes hacer cuando tienes actores que se comprometen con una historia, con un personaje y con el proceso.<\/p>\n<p><strong>\u00bfC\u00f3mo funcion\u00f3 rodar en un lugar tan pobre con un presupuesto tan alto?<\/strong><\/p>\n<p>Nos miramos de frente. Ellos sab\u00edan que nosotros somos del mundo del cine pero para muchos fue una oportunidad de trabajar despu\u00e9s de muchos a\u00f1os sin empleo. Aprend\u00ed mucho de la experiencia.<\/p>\n<p><strong>\u00bfC\u00f3mo se prepar\u00f3 Martina para su papel?<\/strong><\/p>\n<p>Martina hizo un proceso de investigaci\u00f3n bastante largo con asistentes sociales, visitando los barrios, conociendo a los vecinos. Para \u2018Carancho\u2019, hizo seis meses de guardia en un hospital. Se implica mucho y el proceso fue muy intenso.<\/p>\n<p><strong>Martina es su pareja. \u00bfC\u00f3mo se siente al rodar las escenas de sexo?<\/strong><\/p>\n<p>Grabar una escena de sexo es lo opuesto a lo que se ve en pantalla. En esta escena en particular, los planos eran muy cerrados. El movimiento ten\u00eda que ser tan mec\u00e1nico que carece de esa intensidad que aparece en el resultado final. Normalmente, les est\u00e1s dirigiendo e indicando constantemente qu\u00e9 tienen que hacer. Lo m\u00e1s que se puede ver es a Martina desnuda, que es como ver a alguien haciendo \u2018topless\u2019. Lo que uno vive en el rodaje es muy diferente a lo que la escena transmite. Luego, hay que doblarla como si fuera una pel\u00edcula er\u00f3tica pero es falso. Lo que pasa que si lo cuentas, como estoy haciendo ahora, pierde la magia.<\/p>\n<p><strong>\u00bfNo se siente extra\u00f1o en esta situaci\u00f3n?<\/strong><\/p>\n<p>Es inc\u00f3modo pero para un actor es el d\u00eda a d\u00eda. Yo soy director y estoy acostumbrado a distinguir una cosa de la otra.<\/p>\n<p><strong>\u00bfExiste alg\u00fan proyecto para recuperar el edificio \u2018Elefante Blanco\u2019?<\/strong><\/p>\n<p>Despu\u00e9s de la pel\u00edcula dijeron que se iba a hacer algo. He tenido la suerte que en pel\u00edculas anteriores, la reacci\u00f3n ha ido m\u00e1s all\u00e1 del cine. Tras mi \u00faltima pel\u00edcula se promulg\u00f3 la \u2018ley anti-Carancho\u2019 y con \u2018Leonera\u2019 tambi\u00e9n sali\u00f3 una ley. Es muy estimulante saber que con cada la pel\u00edcula la gente no s\u00f3lo va a los cines sino que reflexionan sobre lo que acaban de ver. Me alegra que mis pel\u00edculas hayan provocado tanto debate.<\/p>\n<div id=\"attachment_412360\" style=\"width: 715px\" class=\"wp-caption aligncenter\"><a href=\"https:\/\/diarioelpopular.com\/wp-content\/uploads\/2012\/09\/web.35.jpg\"><img loading=\"lazy\" decoding=\"async\" aria-describedby=\"caption-attachment-412360\" class=\"size-full wp-image-412360\" title=\"web.3\" src=\"https:\/\/diarioelpopular.com\/wp-content\/uploads\/2012\/09\/web.35.jpg\" alt=\"\" width=\"705\" height=\"420\" \/><\/a><p id=\"caption-attachment-412360\" class=\"wp-caption-text\">El director argentino no tuvo problemas en grabar escenas de sexo entre J\u00e9remie Re\u00f1ir\u00e9 y Martina Gusman, su actual pareja.<\/p><\/div>\n","protected":false},"excerpt":{"rendered":"<p>El director de \u2018Bonaerense\u2019 y \u2018Carancho\u2019 repite con Ricardo Dar\u00edn, que esta vez interpreta al cura de una barriada de Buenos Aires azotada por la pobreza y la delincuencia.<\/p>\n","protected":false},"author":1,"featured_media":412358,"comment_status":"open","ping_status":"open","sticky":false,"template":"","format":"standard","meta":{"footnotes":""},"categories":[21,80],"tags":[2202,2633,3928,2837,4808],"class_list":["post-412357","post","type-post","status-publish","format-standard","has-post-thumbnail","hentry","category-canada","category-cine-2","tag-cine-3","tag-festival","tag-pablo","tag-tiff","tag-trapero"],"_links":{"self":[{"href":"https:\/\/diarioelpopular.com\/index.php\/wp-json\/wp\/v2\/posts\/412357","targetHints":{"allow":["GET"]}}],"collection":[{"href":"https:\/\/diarioelpopular.com\/index.php\/wp-json\/wp\/v2\/posts"}],"about":[{"href":"https:\/\/diarioelpopular.com\/index.php\/wp-json\/wp\/v2\/types\/post"}],"author":[{"embeddable":true,"href":"https:\/\/diarioelpopular.com\/index.php\/wp-json\/wp\/v2\/users\/1"}],"replies":[{"embeddable":true,"href":"https:\/\/diarioelpopular.com\/index.php\/wp-json\/wp\/v2\/comments?post=412357"}],"version-history":[{"count":0,"href":"https:\/\/diarioelpopular.com\/index.php\/wp-json\/wp\/v2\/posts\/412357\/revisions"}],"wp:featuredmedia":[{"embeddable":true,"href":"https:\/\/diarioelpopular.com\/index.php\/wp-json\/"}],"wp:attachment":[{"href":"https:\/\/diarioelpopular.com\/index.php\/wp-json\/wp\/v2\/media?parent=412357"}],"wp:term":[{"taxonomy":"category","embeddable":true,"href":"https:\/\/diarioelpopular.com\/index.php\/wp-json\/wp\/v2\/categories?post=412357"},{"taxonomy":"post_tag","embeddable":true,"href":"https:\/\/diarioelpopular.com\/index.php\/wp-json\/wp\/v2\/tags?post=412357"}],"curies":[{"name":"wp","href":"https:\/\/api.w.org\/{rel}","templated":true}]}}