{"id":413181,"date":"2012-09-20T22:29:21","date_gmt":"2012-09-21T02:29:21","guid":{"rendered":"http:\/\/diarioelpopular.com\/?p=413181"},"modified":"2012-09-20T22:29:21","modified_gmt":"2012-09-21T02:29:21","slug":"varones-son-mas-propensos-a-sobrepeso","status":"publish","type":"post","link":"https:\/\/diarioelpopular.com\/index.php\/2012\/09\/20\/varones-son-mas-propensos-a-sobrepeso\/","title":{"rendered":"Varones son m\u00e1s propensos a sobrepeso"},"content":{"rendered":"<div id=\"attachment_413182\" style=\"width: 710px\" class=\"wp-caption aligncenter\"><a href=\"https:\/\/diarioelpopular.com\/wp-content\/uploads\/2012\/09\/web.168.jpg\"><img loading=\"lazy\" decoding=\"async\" aria-describedby=\"caption-attachment-413182\" class=\"size-full wp-image-413182\" title=\"web.1\" src=\"https:\/\/diarioelpopular.com\/wp-content\/uploads\/2012\/09\/web.168.jpg\" alt=\"\" width=\"700\" height=\"420\" \/><\/a><p id=\"caption-attachment-413182\" class=\"wp-caption-text\">Casi 12% de ni\u00f1os canadienses son obesos, lo que representa un problema de salud p\u00fablica, seg\u00fan Estad\u00edstica Canad\u00e1.<\/p><\/div>\n<p><strong><em>OTTAWA.-<\/em><\/strong> Estad\u00edstica Canad\u00e1 present\u00f3 cifras que se\u00f1alan que casi un tercio de los canadienses entre 5 y 17 a\u00f1os tienen sobrepeso o son obesos, situaci\u00f3n que no ha cambiado con respecto al decenio pasado.<\/p>\n<p>La prevalencia de ni\u00f1os canadienses con sobrepeso y obesidad no ha aumentado en la \u00faltima d\u00e9cada, pero Estad\u00edstica Canad\u00e1 se\u00f1al\u00f3 que sigue siendo un problema de salud p\u00fablica. Utilizando est\u00e1ndares de medici\u00f3n empleados por la Organizaci\u00f3n Mundial de la Salud, el 31,5 por ciento de 5 a 17 a\u00f1os de edad &#8211; un estimado de 1.6 millones de canadienses &#8211; fueron clasificados como con sobrepeso (19,8 por ciento) u obesidad (11,7 por ciento) en 2009 y 2011.<\/p>\n<p>Entre los ni\u00f1os de 5 a 11, el porcentaje de ni\u00f1os obesos (19,5 por ciento) fue m\u00e1s de tres veces superior al de las ni\u00f1as obesas (6,3 por ciento), seg\u00fan la agencia.<\/p>\n<p>&#8220;A pesar de que estas estimaciones no han cambiado significativamente en los \u00faltimos a\u00f1os, m\u00e1s datos son necesarios para determinar si el ritmo de aumento de la prevalencia est\u00e1 disminuyendo, como se ha observado en algunos pa\u00edses&#8221;, concluye el informe.<\/p>\n<p>&#8220;De todos modos, las estimaciones siguen siendo altos y son un problema de salud p\u00fablica, dada la tendencia de sobrepeso en la infancia para persistir hasta la edad adulta&#8221;. Las alturas y pesos de 2.123 ni\u00f1os y adolescentes fueron tomados de la Encuesta de Salud de Canad\u00e1, las medidas fueron realizadas por Estad\u00edstica Canad\u00e1, Salud Canad\u00e1 (Health Canada) y la Agencia de Salud P\u00fablica de Canad\u00e1 (Public Health Agency of Canada) entre agosto de 2009 y diciembre de 2011.<\/p>\n","protected":false},"excerpt":{"rendered":"<p>Estad\u00edstica Canad\u00e1 present\u00f3 cifras que se\u00f1alan que casi un tercio de los canadienses entre 5 y 17 a\u00f1os tienen sobrepeso o son obesos, situaci\u00f3n que no ha cambiado con respecto al decenio pasado<\/p>\n","protected":false},"author":1,"featured_media":413182,"comment_status":"open","ping_status":"open","sticky":false,"template":"","format":"standard","meta":{"footnotes":""},"categories":[21],"tags":[324,4884,4885],"class_list":["post-413181","post","type-post","status-publish","format-standard","has-post-thumbnail","hentry","category-canada","tag-salud","tag-sobrepaso","tag-varones"],"_links":{"self":[{"href":"https:\/\/diarioelpopular.com\/index.php\/wp-json\/wp\/v2\/posts\/413181","targetHints":{"allow":["GET"]}}],"collection":[{"href":"https:\/\/diarioelpopular.com\/index.php\/wp-json\/wp\/v2\/posts"}],"about":[{"href":"https:\/\/diarioelpopular.com\/index.php\/wp-json\/wp\/v2\/types\/post"}],"author":[{"embeddable":true,"href":"https:\/\/diarioelpopular.com\/index.php\/wp-json\/wp\/v2\/users\/1"}],"replies":[{"embeddable":true,"href":"https:\/\/diarioelpopular.com\/index.php\/wp-json\/wp\/v2\/comments?post=413181"}],"version-history":[{"count":0,"href":"https:\/\/diarioelpopular.com\/index.php\/wp-json\/wp\/v2\/posts\/413181\/revisions"}],"wp:featuredmedia":[{"embeddable":true,"href":"https:\/\/diarioelpopular.com\/index.php\/wp-json\/"}],"wp:attachment":[{"href":"https:\/\/diarioelpopular.com\/index.php\/wp-json\/wp\/v2\/media?parent=413181"}],"wp:term":[{"taxonomy":"category","embeddable":true,"href":"https:\/\/diarioelpopular.com\/index.php\/wp-json\/wp\/v2\/categories?post=413181"},{"taxonomy":"post_tag","embeddable":true,"href":"https:\/\/diarioelpopular.com\/index.php\/wp-json\/wp\/v2\/tags?post=413181"}],"curies":[{"name":"wp","href":"https:\/\/api.w.org\/{rel}","templated":true}]}}