{"id":414195,"date":"2012-09-26T21:10:30","date_gmt":"2012-09-27T01:10:30","guid":{"rendered":"http:\/\/diarioelpopular.com\/?p=414195"},"modified":"2012-09-26T21:10:30","modified_gmt":"2012-09-27T01:10:30","slug":"ahmadineyad-arremete-en-la-onu-contra-los-sionistas-incivilizados-de-israel","status":"publish","type":"post","link":"https:\/\/diarioelpopular.com\/index.php\/2012\/09\/26\/ahmadineyad-arremete-en-la-onu-contra-los-sionistas-incivilizados-de-israel\/","title":{"rendered":"Ahmadineyad arremete en la ONU contra &#8220;los sionistas incivilizados&#8221; de Israel"},"content":{"rendered":"<div id=\"attachment_414196\" style=\"width: 810px\" class=\"wp-caption aligncenter\"><a href=\"https:\/\/diarioelpopular.com\/wp-content\/uploads\/2012\/09\/20120926_634842857173255778w.jpg\"><img loading=\"lazy\" decoding=\"async\" aria-describedby=\"caption-attachment-414196\" class=\"size-full wp-image-414196\" title=\"20120926_634842857173255778w\" src=\"https:\/\/diarioelpopular.com\/wp-content\/uploads\/2012\/09\/20120926_634842857173255778w.jpg\" alt=\"\" width=\"800\" height=\"658\" \/><\/a><p id=\"caption-attachment-414196\" class=\"wp-caption-text\">NUEVA YORK (ESTADOS UNIDOS).- El presidente de Ir\u00e1n, Mahmud Ahmadineyad, hace un gesto con motivo de su intervenci\u00f3n ante la Asamblea General de la ONU en la sede de Naciones Unidas en Nueva York, Estados Unidos, este mi\u00e9rcoles 26 de septiembre.<\/p><\/div>\n<p><strong><em>Naciones Unidas.-<\/em><\/strong> El presidente iran\u00ed, Mahmud Ahmadineyad, arremeti\u00f3 este mi\u00e9rcoles en la ONU contra Israel, pa\u00eds al que se refiri\u00f3 como &#8220;los sionistas incivilizados&#8221;, por amenazar a Ir\u00e1n con una acci\u00f3n militar que demuestra &#8220;la carrera armament\u00edstica y de intimidaci\u00f3n&#8221; que llevan a cabo &#8220;las potencias hegem\u00f3nicas&#8221;.<\/p>\n<div id=\"texto\">\n<div>\n&#8220;La continua amenaza de los sionistas incivilizados de recurrir a una acci\u00f3n militar contra nuestra gran naci\u00f3n es un claro ejemplo de la amarga realidad actual&#8221;, dijo Ahmadineyad en una intervenci\u00f3n llena de referencias religiosas en la segunda jornada de debates de la 67 sesi\u00f3n de la Asamblea General de las Naciones Unidas.<\/p>\n<p>En una clara referencia a Israel y las potencias occidentales, el l\u00edder iran\u00ed asegur\u00f3 que el mundo vive en estos momentos una tendencia a la &#8220;imposici\u00f3n de guerras, inestabilidad y ocupaciones&#8221; para garantizar intereses econ\u00f3micos y expandir dominios sobre centros sensibles que dominan la atenci\u00f3n del mundo&#8221;.<\/p>\n<p>&#8220;La carrera armament\u00edstica y de intimidaci\u00f3n con armas nucleares y armas de destrucci\u00f3n masiva que llevan a cabo las potencias hegem\u00f3nicas se han hecho predominantes&#8221;, dijo Ahmadineyad en el que se prev\u00e9 que sea su \u00faltimo discurso como presidente ante el plenario de la ONU.<\/p>\n<p>En un discurso que rond\u00f3 la media hora, asegur\u00f3 que &#8220;las pruebas de nuevas generaciones de armas y la promesa de usarlas a su debido tiempo se ha convertido en un nuevo lenguaje de amenaza contra las naciones que no comulgan con la nueva era de hegemon\u00eda&#8221;.<\/p>\n<p>No faltaron las referencias a los atentados del 11 de septiembre de 2001 contra Estados Unidos, que defini\u00f3 como &#8220;incidentes&#8221;, y asegur\u00f3 que Washington deber\u00eda haber explicado al p\u00fablico &#8220;la verdad detr\u00e1s del incidente&#8221; en lugar de &#8220;matar y lanzar al culpable al mar sin un juicio&#8221;, en referencia al l\u00edder de Al Qaeda, Osama bin Laden.<\/p>\n<p>En un tono m\u00e1s suave y hasta conciliador que en otras ocasiones, ya que habla tambi\u00e9n como representante del Movimiento de los No Alineados, Ahmadineyad no ahond\u00f3 m\u00e1s en las tensiones con Israel ni mencion\u00f3 la pol\u00e9mica alrededor del programa nuclear iran\u00ed y hasta lanz\u00f3 un mensaje de paz.<\/p>\n<p>&#8220;Crear la paz y una seguridad duradera con una vida decente para todos es una misi\u00f3n que se puede conseguir, aunque sea una misi\u00f3n enorme e hist\u00f3rica&#8221;, dijo Ahmadineyad, quien por otra parte acus\u00f3 de los problemas internacionales a &#8220;la gesti\u00f3n err\u00f3nea del mundo&#8221; que han hecho &#8220;los autoproclamados centros de poder que se han entregado al demonio&#8221;.<\/p>\n<p>En el arranque el martes de la Asamblea General, el presidente de Estados Unidos, Barack Obama, dijo que har\u00e1 &#8220;lo que deba hacer&#8221; para evitar que Ir\u00e1n obtenga un arma nuclear y reiter\u00f3 que el tiempo para alcanzar una soluci\u00f3n diplom\u00e1tica &#8220;no es ilimitado&#8221;.<\/p>\n<p>La intervenci\u00f3n de Ahmadineyad se encontr\u00f3 con la ausencia precisamente de la delegaci\u00f3n estadounidense, que decidi\u00f3 no atender a la sesi\u00f3n de los debates en se\u00f1al de protesta a las recientes declaraciones del l\u00edder iran\u00ed, que habl\u00f3 coincidiendo con la celebraci\u00f3n del Yom Kipur, la m\u00e1s solemne del calendario hebreo.<\/p>\n<p>&#8220;En los dos \u00faltimos d\u00edas Ahmadineyad ha usado su visita a la ONU no para responder a las leg\u00edtimas aspiraciones de los iran\u00edes, sino para esparcir teor\u00edas paranoicas y calumnias repulsivas contra Israel&#8221;, asegur\u00f3 en un comunicado sobre la ausencia la portavoz de la misi\u00f3n de Estados Unidos ante Naciones Unidas, Erin Pelton.<\/p>\n<p>El sitio de la delegaci\u00f3n israel\u00ed tambi\u00e9n se encontraba vac\u00edo en la Asamblea General, mientras que Canad\u00e1 abandon\u00f3 la sala mientras el iran\u00ed se dispon\u00eda a hablar.<\/p>\n<p>Adem\u00e1s, mientras el l\u00edder iran\u00ed hablaba ante el plenario de la ONU, en el exterior de la sede de las Naciones Unidas se manifestaban contra su presencia varias decenas de personas con banderas y que simulaban ejecuciones con mu\u00f1ecos.<\/p>\n<p>Ahmadineyad tambi\u00e9n abog\u00f3 por reformar la ONU, ya que asegur\u00f3 que se trata de una organizaci\u00f3n &#8220;a la que le falta eficiencia&#8221; y asegur\u00f3 que, en nombre de los No Alineados, es su deber pedir &#8220;que todos los pa\u00edses del mundo jueguen un papel m\u00e1s activo en el proceso de toma de decisiones&#8221;.<\/p>\n<\/div>\n<\/div>\n","protected":false},"excerpt":{"rendered":"<p>El presidente iran\u00ed, Mahmud Ahmadineyad, arremeti\u00f3 este mi\u00e9rcoles en la ONU contra Israel, pa\u00eds al que se refiri\u00f3 como &#8220;los sionistas incivilizados&#8221;, por amenazar a Ir\u00e1n<\/p>\n","protected":false},"author":1,"featured_media":414196,"comment_status":"open","ping_status":"open","sticky":false,"template":"","format":"standard","meta":{"footnotes":""},"categories":[21,24],"tags":[702,160,286,633],"class_list":["post-414195","post","type-post","status-publish","format-standard","has-post-thumbnail","hentry","category-canada","category-mundo","tag-amenazas","tag-iran","tag-israel","tag-nuclear"],"_links":{"self":[{"href":"https:\/\/diarioelpopular.com\/index.php\/wp-json\/wp\/v2\/posts\/414195","targetHints":{"allow":["GET"]}}],"collection":[{"href":"https:\/\/diarioelpopular.com\/index.php\/wp-json\/wp\/v2\/posts"}],"about":[{"href":"https:\/\/diarioelpopular.com\/index.php\/wp-json\/wp\/v2\/types\/post"}],"author":[{"embeddable":true,"href":"https:\/\/diarioelpopular.com\/index.php\/wp-json\/wp\/v2\/users\/1"}],"replies":[{"embeddable":true,"href":"https:\/\/diarioelpopular.com\/index.php\/wp-json\/wp\/v2\/comments?post=414195"}],"version-history":[{"count":0,"href":"https:\/\/diarioelpopular.com\/index.php\/wp-json\/wp\/v2\/posts\/414195\/revisions"}],"wp:featuredmedia":[{"embeddable":true,"href":"https:\/\/diarioelpopular.com\/index.php\/wp-json\/"}],"wp:attachment":[{"href":"https:\/\/diarioelpopular.com\/index.php\/wp-json\/wp\/v2\/media?parent=414195"}],"wp:term":[{"taxonomy":"category","embeddable":true,"href":"https:\/\/diarioelpopular.com\/index.php\/wp-json\/wp\/v2\/categories?post=414195"},{"taxonomy":"post_tag","embeddable":true,"href":"https:\/\/diarioelpopular.com\/index.php\/wp-json\/wp\/v2\/tags?post=414195"}],"curies":[{"name":"wp","href":"https:\/\/api.w.org\/{rel}","templated":true}]}}