{"id":414241,"date":"2012-09-26T22:10:02","date_gmt":"2012-09-27T02:10:02","guid":{"rendered":"http:\/\/diarioelpopular.com\/?p=414241"},"modified":"2012-09-26T22:10:02","modified_gmt":"2012-09-27T02:10:02","slug":"onu-la-prosperidad-de-las-ciudades-no-depende-solo-del-crecimiento-economico","status":"publish","type":"post","link":"https:\/\/diarioelpopular.com\/index.php\/2012\/09\/26\/onu-la-prosperidad-de-las-ciudades-no-depende-solo-del-crecimiento-economico\/","title":{"rendered":"ONU: La prosperidad de las ciudades no depende solo del crecimiento econ\u00f3mico"},"content":{"rendered":"<p><a href=\"https:\/\/diarioelpopular.com\/wp-content\/uploads\/2012\/09\/WEB.120.jpg\"><img loading=\"lazy\" decoding=\"async\" class=\"aligncenter size-full wp-image-414242\" title=\"WEB.1\" src=\"https:\/\/diarioelpopular.com\/wp-content\/uploads\/2012\/09\/WEB.120.jpg\" alt=\"\" width=\"756\" height=\"568\" \/><\/a><strong><em>M\u00e9xico.-<\/em><\/strong> La\u00a0prosperidad\u00a0de las ciudades no depende solo del crecimiento econ\u00f3mico, sino que est\u00e1 condicionada por otros par\u00e1metros como la calidad de vida, la infraestructura, la equidad o la sostenibilidad, seg\u00fan un informe divulgado hoy por ONU-H\u00e1bitat.<\/p>\n<div id=\"texto\">\n<div>\nEl documento &#8220;Estados de las ciudades del mundo 2012-2013: La\u00a0prosperidad\u00a0de las ciudades&#8221; aboga en esta nueva edici\u00f3n por mejorar el espacio p\u00fablico de las ciudades, ampliar los bienes p\u00fablicos, consolidar los derechos para todos y definir pol\u00edticas p\u00fablicas a partir del &#8220;ser humano como objetivo y fin \u00faltimo&#8221;.<\/p>\n<p>&#8220;Es necesario revisar y replantear una noci\u00f3n diferente de\u00a0prosperidad, no confiscada por intereses econ\u00f3micos y financieros&#8221;, asegur\u00f3 en un encuentro con medios internacionales antes de la presentaci\u00f3n oficial el coordinador de la Divisi\u00f3n de Investigaci\u00f3n y Desarrollo de Capacidades de ONU-H\u00e1bitat, Eduardo L\u00f3pez Moreno.<\/p>\n<p>Hasta el momento la calidad de vida ha estado vinculada a la ganancia y el crecimiento econ\u00f3mico, apunt\u00f3 y precis\u00f3 que las ciudades del mundo crecieron de media tres veces m\u00e1s de lo necesario en comparaci\u00f3n con el aumento de su poblaci\u00f3n.<\/p>\n<p>El informe, en el que se examinaron 110 ciudades de 35 pa\u00edses, propone el uso de dos nuevas herramientas para la evaluaci\u00f3n de las urbes: El \u00cdndice de\u00a0Prosperidad\u00a0de la Ciudad (IPC) y la Rueda de la\u00a0Prosperidad, que permite clasificar a las ciudades en seis grupos, del m\u00e1s alto nivel de &#8220;solidez en la\u00a0prosperidad&#8221; al m\u00e1s bajo.<\/p>\n<p>El llamado IPC incluye cinco dimensiones que deben ser tenidas en cuenta: la productividad, la infraestructura, la calidad de vida, la equidad y la sostenibilidad ambiental.<\/p>\n<p>Estos aspectos permitir\u00e1n a las autoridades, seg\u00fan el experto, identificar las oportunidades y posibles \u00e1reas a mejorar a lo largo del camino hacia la\u00a0prosperidad.<\/p>\n<p>Ciudades como Viena, Barcelona o Bruselas ocupan los primeros lugares por una fuerte integraci\u00f3n de todos los par\u00e1metros, mientras que Monrovia o Sierra Leona se sit\u00faan en los \u00faltimos puestos por su alta disfuncionalidad institucional, problemas sist\u00e9micos, pobreza y, en algunos casos, conflictos sociales y pol\u00edticos.<\/p>\n<p>Seg\u00fan L\u00f3pez Moreno, la reducci\u00f3n de la desigualdad es uno de los grandes retos de los pa\u00edses cuyas ciudades est\u00e1n peor situadas en el r\u00e1nking de la\u00a0prosperidad\u00a0en Latinoam\u00e9rica, ya que en la medida en que este par\u00e1metro es m\u00e1s alto, el peligro de un estallido de violencia es mayor.<\/p>\n<p>En lo que respecta a M\u00e9xico, precis\u00f3 que tanto la capital como Guadalajara, la segunda ciudad m\u00e1s grande del pa\u00eds, se encuentran dentro de la segunda clasificaci\u00f3n por tener un cierto nivel de avance homog\u00e9neo en las diferentes dimensiones de la\u00a0prosperidad, aunque con ciertos aspectos a mejorar.<\/p>\n<p>El jefe de Gobierno del Distrito Federal, Marcelo Ebrard, designado recientemente presidente de la Red Mundial de Ciudades Seguras e invitado a la presentaci\u00f3n del informe, record\u00f3 que el 80 % de la poblaci\u00f3n mexicana vive en ciudades y valor\u00f3 la recomendaci\u00f3n de reducir la desigualdad urbana.<\/p>\n<p>En este sentido, propuso &#8220;un aumento de los salarios por encima de la inflaci\u00f3n&#8221;, un &#8220;incremento de la aportaci\u00f3n fiscal de los que m\u00e1s tienen&#8221; o una &#8220;mejora de los \u00edndices de escolaridad&#8221; y se congratul\u00f3 por la inclusi\u00f3n de la Ciudad de M\u00e9xico en el segundo grupo dentro de la lista de\u00a0prosperidad\u00a0mundial.<\/p>\n<p>&#8220;Es la primera vez que vemos de manera sistematizada e independiente, cient\u00edficamente hecho, la demostraci\u00f3n de que a mayor equidad, mayor\u00a0prosperidad. La\u00a0prosperidad\u00a0no es s\u00f3lo que midas el nivel de crecimiento y de riqueza generada&#8221;, asever\u00f3 Ebrard.<\/p>\n<\/div>\n<\/div>\n","protected":false},"excerpt":{"rendered":"<p>La prosperidad de las ciudades no depende solo del crecimiento econ\u00f3mico, sino que est\u00e1 condicionada por otros par\u00e1metros como la calidad de vida, la infraestructura, la equidad o la sostenibilidad<\/p>\n","protected":false},"author":1,"featured_media":414242,"comment_status":"open","ping_status":"open","sticky":false,"template":"","format":"standard","meta":{"footnotes":""},"categories":[23,24],"tags":[4429,73,4964],"class_list":["post-414241","post","type-post","status-publish","format-standard","has-post-thumbnail","hentry","category-latinoamerica","category-mundo","tag-ciudades","tag-onu","tag-prosperidad"],"_links":{"self":[{"href":"https:\/\/diarioelpopular.com\/index.php\/wp-json\/wp\/v2\/posts\/414241","targetHints":{"allow":["GET"]}}],"collection":[{"href":"https:\/\/diarioelpopular.com\/index.php\/wp-json\/wp\/v2\/posts"}],"about":[{"href":"https:\/\/diarioelpopular.com\/index.php\/wp-json\/wp\/v2\/types\/post"}],"author":[{"embeddable":true,"href":"https:\/\/diarioelpopular.com\/index.php\/wp-json\/wp\/v2\/users\/1"}],"replies":[{"embeddable":true,"href":"https:\/\/diarioelpopular.com\/index.php\/wp-json\/wp\/v2\/comments?post=414241"}],"version-history":[{"count":0,"href":"https:\/\/diarioelpopular.com\/index.php\/wp-json\/wp\/v2\/posts\/414241\/revisions"}],"wp:featuredmedia":[{"embeddable":true,"href":"https:\/\/diarioelpopular.com\/index.php\/wp-json\/"}],"wp:attachment":[{"href":"https:\/\/diarioelpopular.com\/index.php\/wp-json\/wp\/v2\/media?parent=414241"}],"wp:term":[{"taxonomy":"category","embeddable":true,"href":"https:\/\/diarioelpopular.com\/index.php\/wp-json\/wp\/v2\/categories?post=414241"},{"taxonomy":"post_tag","embeddable":true,"href":"https:\/\/diarioelpopular.com\/index.php\/wp-json\/wp\/v2\/tags?post=414241"}],"curies":[{"name":"wp","href":"https:\/\/api.w.org\/{rel}","templated":true}]}}