{"id":414245,"date":"2012-09-26T22:18:41","date_gmt":"2012-09-27T02:18:41","guid":{"rendered":"http:\/\/diarioelpopular.com\/?p=414245"},"modified":"2012-09-26T22:18:41","modified_gmt":"2012-09-27T02:18:41","slug":"selena-gomez-deja-atras-a-la-chica-disney","status":"publish","type":"post","link":"https:\/\/diarioelpopular.com\/index.php\/2012\/09\/26\/selena-gomez-deja-atras-a-la-chica-disney\/","title":{"rendered":"Selena G\u00f3mez deja atr\u00e1s a la &#8220;chica Disney&#8221;"},"content":{"rendered":"<div id=\"attachment_414246\" style=\"width: 810px\" class=\"wp-caption aligncenter\"><a href=\"https:\/\/diarioelpopular.com\/wp-content\/uploads\/2012\/09\/20120926_634842805596676768w.jpg\"><img loading=\"lazy\" decoding=\"async\" aria-describedby=\"caption-attachment-414246\" class=\"size-full wp-image-414246\" title=\"20120926_634842805596676768w\" src=\"https:\/\/diarioelpopular.com\/wp-content\/uploads\/2012\/09\/20120926_634842805596676768w.jpg\" alt=\"\" width=\"800\" height=\"533\" \/><\/a><p id=\"caption-attachment-414246\" class=\"wp-caption-text\">LOS \u00c1NGELES (CA, EEUU).- Fotograf\u00eda de divulgaci\u00f3n sin fecha cedida por Sony Pictures Animation este mi\u00e9rcoles 26 de septiembre, de Selena G\u00f3mez durante la grabaci\u00f3n de su voz para la pel\u00edcula de dibujos animados de Sony &quot;Hotel Transilvania&quot;. La popular actriz se aleja de la etiqueta de &quot;chica Disney&quot; y estrena en EEUU esta comedia de animaci\u00f3n donde encarna a la hija del conde Dr\u00e1cula, una mujer vampiro que cumple la mayor\u00eda de edad, 118 a\u00f1os, y busca la libertad e independencia.<\/p><\/div>\n<p>Antonio Mart\u00edn Guirado<\/p>\n<div id=\"texto\">\n<div>\n<p><strong><em>Los \u00c1ngeles (EEUU).-<\/em><\/strong> La popular joven actriz Selena G\u00f3mez se aleja de la etiqueta de &#8220;chica Disney&#8221; y estrena en EEUU &#8220;Hotel Transylvania&#8221;, una comedia de animaci\u00f3n donde encarna a la hija del conde Dr\u00e1cula, una mujer vampiro que cumple la mayor\u00eda de edad, 118 a\u00f1os, y busca la libertad e independencia.<\/p>\n<p>En &#8220;Hotel Transylvania&#8221;, de Genndy Tartakovsky y que llega el viernes a los cines de EEUU, el conde Dr\u00e1cula (Adam Sandler) decide organizar una gran fiesta de cumplea\u00f1os para su hija Mavis (Selena G\u00f3mez) en su residencia, donde todos los monstruos y sus familias puedan campar a sus anchas sin que los humanos les molesten.<\/p>\n<p>Por all\u00ed desfilar\u00e1n Frankenstein y su novia, la Momia, el Hombre Invisible, una familia de hombres lobo y otros personajes que se ver\u00e1n amenazados por la aparici\u00f3n de un chico aventurero cautivado por la presencia de Mavis, algo que no gustar\u00e1 en absoluto a Dr\u00e1cula.<\/p>\n<p>&#8220;Todos los padres son muy protectores, incluido Dr\u00e1cula. Eso siempre ocurre&#8221;, dijo la actriz a Efe. &#8220;Cuando eres una adolescente y est\u00e1s creciendo aspiras a tener m\u00e1s libertad e independencia. A m\u00ed me pas\u00f3 lo mismo, pero entiendo perfectamente la actitud de los padres, que se resisten a ver la realidad de que sus hijos se hacen mayores&#8221;, a\u00f1adi\u00f3.<\/p>\n<p>La pel\u00edcula es la mayor apuesta comercial hasta ahora en la carrera cinematogr\u00e1fica de Selena G\u00f3mez, que a sus 20 a\u00f1os ha participado en t\u00edtulos como &#8220;Spy Kids 3-D: Game Over&#8221; (2003), &#8220;Ramona and Beezus&#8221; (2010) y &#8220;Monte Carlo&#8221; (2011).<\/p>\n<p>En esta ocasi\u00f3n se une a un reparto que incluye a reyes de la comedia como Sandler, Andy Samberg, Kevin James, Fran Drescher, Molly Shannon o David Spade.<\/p>\n<p>&#8220;Me sent\u00ed abrumada al estar rodeada de esos nombres; por momentos estaba hecha un manojo de nervios, pero se portaron muy bien conmigo&#8221;, afirm\u00f3 la int\u00e9rprete.<\/p>\n<p>&#8220;Fue un honor formar parte de este elenco tan genial. Adam es tambi\u00e9n productor de la cinta as\u00ed que pas\u00e9 mucho tiempo con \u00e9l. Me apoy\u00f3 much\u00edsimo -recalc\u00f3-. Se preocupaba por todo, por cualquier m\u00ednimo detalle&#8221;.<\/p>\n<p>&#8220;Hotel Transylvania&#8221; sigue la senda de pel\u00edculas que dan una vuelta a los elementos del g\u00e9nero de terror para hacerlo asequible y atractivo a un p\u00fablico m\u00e1s infantil, como ya ocurri\u00f3 recientemente en &#8220;Paranorman&#8221; y volver\u00e1 a pasar con &#8220;Frankenweenie&#8221;, lo nuevo de Tim Burton.<\/p>\n<p>&#8220;Me encant\u00f3 c\u00f3mo &#8216;Hotel Transylvania&#8217; presenta los monstruos y los hace accesibles para los ni\u00f1os. En esta pel\u00edcula los monstruos son los buenos y los seres humanos somos los malos; me gusta que muestre el lado divertido de esos personajes que habitualmente tienen otra cara. Creo que es una pel\u00edcula adorable&#8221;, declar\u00f3 la estrella de Disney.<\/p>\n<p>Su pasado a\u00fan queda muy reciente. Salt\u00f3 a la fama gracias a la serie de Disney &#8220;Wizards of Waverly Place&#8221; y por ser la vocalista del grupo musical &#8220;Selena G\u00f3mez &amp; The Scene&#8221;. La serie se emiti\u00f3 desde 2007 hasta enero de este a\u00f1o, cuando lleg\u00f3 su final tras cuatro temporadas.<\/p>\n<p>&#8220;Aquella serie me lo dio todo y me hizo quien soy&#8221;, explic\u00f3 la artista de ascendencia mexicana. &#8220;Me lo pas\u00e9 fant\u00e1sticamente y a\u00fan lo echo mucho de menos, aunque creo que era el momento de pasar p\u00e1gina. Me emocion\u00e9 mucho cuando tuve que despedirme de todos mis compa\u00f1eros. Nos queremos todos&#8221;, manifest\u00f3.<\/p>\n<p>Siempre llev\u00f3 con orgullo la etiqueta de &#8220;chica Disney&#8221; pero poco a poco quiere ir desprendi\u00e9ndose de ella. Lo har\u00e1 definitivamente con el estreno el pr\u00f3ximo a\u00f1o de &#8220;Spring Breakers&#8221;, filme en el que romper\u00e1 con su imagen angelical gracias a un personaje que cae en el alcohol y las drogas en plenas correr\u00edas juveniles.<\/p>\n<p>&#8220;Estaba asustada por hacer un papel as\u00ed pero pensaba que era el momento adecuado. Quer\u00eda hacer algo arriesgado y ver hasta d\u00f3nde pod\u00eda llegar. Creo que es un movimiento adecuado para m\u00ed. Me preocupo por mis fans pero esto es algo que quer\u00eda hacer porque era importante para m\u00ed personalmente&#8221;, declar\u00f3.<\/p>\n<p>Selena G\u00f3mez, para acentuar ese cambio de estrategia en su carrera, tambi\u00e9n ha participado en una pel\u00edcula de terror: &#8220;Aftershock&#8221;, dirigida por el chileno Nicol\u00e1s L\u00f3pez.<\/p>\n<p>Sin embargo, la m\u00fasica sigue siendo una constante en su vida.<\/p>\n<p>En estos momentos prepara el cuarto \u00e1lbum de su carrera y espera incluir en \u00e9l un par de canciones en espa\u00f1ol.<\/p>\n<p>&#8220;Estoy empezando ahora mismo, viendo qu\u00e9 direcci\u00f3n tomar&#8221;, coment\u00f3 G\u00f3mez, que seg\u00fan avanzaron medios estadounidenses, podr\u00eda contar con la colaboraci\u00f3n de su pareja, el artista canadiense Justin Bieber, para ese nuevo disco.<\/p>\n<p>&#8220;Estoy genial con \u00e9l pero me siento inc\u00f3moda hablando de ello&#8221;, indic\u00f3 la actriz y cantante. &#8220;A veces es frustrante la presi\u00f3n de los &#8216;paparazzi&#8217;, pero me siento bendecida y agradecida por poder centrarme en mi profesi\u00f3n&#8221;, agreg\u00f3.<\/p>\n<\/div>\n<\/div>\n","protected":false},"excerpt":{"rendered":"<p>Antonio Mart\u00edn Guirado Los \u00c1ngeles (EEUU).- La popular joven actriz Selena G\u00f3mez se aleja de la etiqueta de &#8220;chica Disney&#8221; y estrena en EEUU &#8220;Hotel&hellip;<\/p>\n","protected":false},"author":1,"featured_media":414246,"comment_status":"open","ping_status":"open","sticky":false,"template":"","format":"standard","meta":{"footnotes":""},"categories":[80,24],"tags":[4965,3619,4966,4967,3010,4968,4969],"class_list":["post-414245","post","type-post","status-publish","format-standard","has-post-thumbnail","hentry","category-cine-2","category-mundo","tag-angeles","tag-california","tag-colmillos","tag-gomez","tag-los","tag-saca","tag-selena"],"_links":{"self":[{"href":"https:\/\/diarioelpopular.com\/index.php\/wp-json\/wp\/v2\/posts\/414245","targetHints":{"allow":["GET"]}}],"collection":[{"href":"https:\/\/diarioelpopular.com\/index.php\/wp-json\/wp\/v2\/posts"}],"about":[{"href":"https:\/\/diarioelpopular.com\/index.php\/wp-json\/wp\/v2\/types\/post"}],"author":[{"embeddable":true,"href":"https:\/\/diarioelpopular.com\/index.php\/wp-json\/wp\/v2\/users\/1"}],"replies":[{"embeddable":true,"href":"https:\/\/diarioelpopular.com\/index.php\/wp-json\/wp\/v2\/comments?post=414245"}],"version-history":[{"count":0,"href":"https:\/\/diarioelpopular.com\/index.php\/wp-json\/wp\/v2\/posts\/414245\/revisions"}],"wp:featuredmedia":[{"embeddable":true,"href":"https:\/\/diarioelpopular.com\/index.php\/wp-json\/"}],"wp:attachment":[{"href":"https:\/\/diarioelpopular.com\/index.php\/wp-json\/wp\/v2\/media?parent=414245"}],"wp:term":[{"taxonomy":"category","embeddable":true,"href":"https:\/\/diarioelpopular.com\/index.php\/wp-json\/wp\/v2\/categories?post=414245"},{"taxonomy":"post_tag","embeddable":true,"href":"https:\/\/diarioelpopular.com\/index.php\/wp-json\/wp\/v2\/tags?post=414245"}],"curies":[{"name":"wp","href":"https:\/\/api.w.org\/{rel}","templated":true}]}}