{"id":414408,"date":"2012-09-26T22:27:51","date_gmt":"2012-09-27T02:27:51","guid":{"rendered":"http:\/\/diarioelpopular.com\/?p=414408"},"modified":"2012-09-26T22:27:51","modified_gmt":"2012-09-27T02:27:51","slug":"bisbal-traslada-su-acustica-al-royal-albert-hall","status":"publish","type":"post","link":"https:\/\/diarioelpopular.com\/index.php\/2012\/09\/26\/bisbal-traslada-su-acustica-al-royal-albert-hall\/","title":{"rendered":"Bisbal traslada su ac\u00fastica al Royal Albert Hall"},"content":{"rendered":"<div id=\"attachment_414409\" style=\"width: 810px\" class=\"wp-caption aligncenter\"><a href=\"https:\/\/diarioelpopular.com\/wp-content\/uploads\/2012\/09\/20120926_634842232280987175w.jpg\"><img loading=\"lazy\" decoding=\"async\" aria-describedby=\"caption-attachment-414409\" class=\"size-full wp-image-414409\" title=\"20120926_634842232280987175w\" src=\"https:\/\/diarioelpopular.com\/wp-content\/uploads\/2012\/09\/20120926_634842232280987175w.jpg\" alt=\"\" width=\"800\" height=\"533\" \/><\/a><p id=\"caption-attachment-414409\" class=\"wp-caption-text\">MIAMI (FL, EE.UU.).- Fotograf\u00eda promocional cedida por Universal Music del cantante espa\u00f1ol David Bisbal, que vuelve en octubre pr\u00f3ximo a EE.UU. con su gira ac\u00fastica. Bisbal prometi\u00f3 enamorar al p\u00fablico hispano con su lado &quot;\u00edntimo y diferente&quot; y afirm\u00f3 que el espect\u00e1culo encender\u00e1 &quot;esa pasi\u00f3n innata&quot; de los latinos. David Bisbal se mostr\u00f3 muy motivado con esta gira, &quot;David Bisbal Ac\u00fastico&quot;, que le llevar\u00e1 a los escenarios de una decena de ciudades del pa\u00eds, como Nueva York, Boston, Washington, Chicago, Houston, San Francisco, Los \u00c1ngeles, Las Vegas, Orlando y Miami.<\/p><\/div>\n<p>Paula D\u00edaz<\/p>\n<div id=\"texto\">\n<div>\n<p><strong><em>Londres.-<\/em><\/strong> El cantante espa\u00f1ol David Bisbal cumpli\u00f3 la noche de este mi\u00e9rcoles su &#8220;sue\u00f1o&#8221; de actuar en el escenario del Royal Albert Hall de Londres con un concierto ac\u00fastico en el que estuvo acompa\u00f1ado por artistas como Rosario o Pastora Soler.<\/p>\n<p>Ante un p\u00fablico mayoritariamente femenino que casi llenaba el recinto, Bisbal se convirti\u00f3 a sus 33 a\u00f1os en el tercer espa\u00f1ol que ofrece un concierto en este emblem\u00e1tico teatro, despu\u00e9s de Julio Iglesias y su hijo Enrique.<\/p>\n<p>Fue uno de los momentos estelares de su gira en ac\u00fastico, recogida en el disco &#8220;Una noche en el Teatro Real&#8221;, que prolongar\u00e1 por Estados Unidos y Canad\u00e1.<\/p>\n<p>&#8220;Es un sue\u00f1o y un honor para m\u00ed tocar en este espectacular teatro&#8221;, dijo Bisbal al comienzo del concierto, que dur\u00f3 dos horas y media y en el que le acompa\u00f1\u00f3 una orquesta formada por guitarras, percusi\u00f3n, piano y un octeto de cuerda.<\/p>\n<p>Tras m\u00e1s de una d\u00e9cada de carrera musical, Bisbal present\u00f3 un espect\u00e1culo que calific\u00f3 de &#8220;especial&#8221;, en el que ha combinado, en formato ac\u00fastico, temas de compositores en espa\u00f1ol de los \u00faltimos sesenta a\u00f1os con sus propias canciones m\u00e1s conocidas.<\/p>\n<p>\u00c9xitos como &#8220;Llorar\u00e9 las penas&#8221; o &#8220;C\u00f3mo olvidar&#8221; arrancaron de los asientos a un p\u00fablico internacional de todas las edades, m\u00e1s hispanohablante que brit\u00e1nico y mayoritariamente femenino.<\/p>\n<p>&#8220;Es un honor ver banderas de tantos pa\u00edses&#8221;, manifest\u00f3 Bisbal antes de cantar &#8220;Qui\u00e9n me iba a decir&#8221;, pues en el teatro se dieron cita seguidores de diecisiete pa\u00edses, ya que los clubs de fans de Bisbal en Europa y Latinoam\u00e9rica aprovecharon este concierto para organizar su primer encuentro.<\/p>\n<p>La platea, muy animada durante todo el espect\u00e1culo, estuvo salpicada con multitud de banderas de sus pa\u00edses de procedencia.<\/p>\n<p>Entre el p\u00fablico se encontraba Laura Gonz\u00e1lez, ganadora del concurso impulsado por la marca Dewar&#8217;s &#8220;White Label&#8221;, organizadora del concierto, al calor de la campa\u00f1a &#8220;Si crees en algo, hazlo&#8221;.<\/p>\n<p>Momentos antes de que se oyeran los primeros acordes, Laura reconoci\u00f3 estar &#8220;muy emocionada&#8221; por ver desde primera fila a su \u00eddolo, al que ha seguido desde que se diera a conocer en un programa de televisi\u00f3n y con el que comparte origen, Almer\u00eda.<\/p>\n<p>Andaluc\u00eda estuvo muy presente durante las dos horas y media de concierto, que abri\u00f3 con el tema &#8220;Almer\u00eda&#8221; e hizo vibrar a los presentes con &#8220;Al Andalus&#8221;, una canci\u00f3n &#8220;muy especial&#8221;, seg\u00fan Bisbal, pues le hace sentir &#8220;como en casa&#8221;.<\/p>\n<p>Vestido con traje negro y camisa blanca, el formato ac\u00fastico y m\u00e1s \u00edntimo del concierto no impidi\u00f3 al almeriense arrancarse a bailar, con el agradecimiento de sus fans, en &#8220;Besos de tu boca&#8221; o &#8220;Sin mirar atr\u00e1s&#8221;.<\/p>\n<p>Pero, sin duda, la parte m\u00e1s aplaudida del concierto fueron los d\u00faos que Bisbal comparti\u00f3 con Mal\u00fa (&#8220;Doy la vida&#8221;), Pastora Soler (&#8220;Adoro&#8221;), Rosario Flores (&#8220;Luc\u00eda&#8221;, de Joan Manel Serrat) y Luis Fonsi (&#8220;Aqu\u00ed estoy yo&#8221;).<\/p>\n<p>Con ellos repas\u00f3, en orden cronol\u00f3gico, las canciones en espa\u00f1ol que m\u00e1s le han marcado, entre las que destacaron dos de su amigo Alejandro Sanz: &#8220;Y si fuera ella&#8221; y &#8220;Sombra y luz&#8221;.<\/p>\n<p>Despu\u00e9s del concierto, Bisbal asegur\u00f3, &#8220;emocionado&#8221;, que actuar en el Royal Albert Hall londinense es &#8220;la guinda del pastel&#8221; a &#8220;un a\u00f1o y medio muy divertido&#8221;, tras el cual emprender\u00e1 una gira que lo llevar\u00e1 por Estados Unidos y Canad\u00e1.<\/p>\n<p>Al final de esta gira ser\u00e1 cuando el cantante se tomar\u00e1 un a\u00f1o sab\u00e1tico para &#8220;descansar&#8221; y &#8220;seguir mejorando tanto profesional como personalmente&#8221; con la intenci\u00f3n de volver a la carga.<\/p>\n<p>&#8220;Lo que he aprendido en quince a\u00f1os no ha llegado a su l\u00edmite&#8221;, subray\u00f3 Bisbal.<\/p>\n<p>En el concierto en la capital brit\u00e1nica lo acompa\u00f1aron sus compa\u00f1eros del programa de televisi\u00f3n en el que colabora actualmente como Jes\u00fas V\u00e1zquez y otros rostros conocidos como Boris Izaguirre, Lorena Bernal, Almudena Cid o Fonsi Nieto, entre otros.<\/p>\n<\/div>\n<\/div>\n","protected":false},"excerpt":{"rendered":"<p>El cantante espa\u00f1ol David Bisbal cumpli\u00f3 la noche de este mi\u00e9rcoles su &#8220;sue\u00f1o&#8221; de actuar en el escenario del Royal Albert Hall de Londres <\/p>\n","protected":false},"author":1,"featured_media":414409,"comment_status":"open","ping_status":"open","sticky":false,"template":"","format":"standard","meta":{"footnotes":""},"categories":[80,24],"tags":[4970,4971],"class_list":["post-414408","post","type-post","status-publish","format-standard","has-post-thumbnail","hentry","category-cine-2","category-mundo","tag-bisbal","tag-david"],"_links":{"self":[{"href":"https:\/\/diarioelpopular.com\/index.php\/wp-json\/wp\/v2\/posts\/414408","targetHints":{"allow":["GET"]}}],"collection":[{"href":"https:\/\/diarioelpopular.com\/index.php\/wp-json\/wp\/v2\/posts"}],"about":[{"href":"https:\/\/diarioelpopular.com\/index.php\/wp-json\/wp\/v2\/types\/post"}],"author":[{"embeddable":true,"href":"https:\/\/diarioelpopular.com\/index.php\/wp-json\/wp\/v2\/users\/1"}],"replies":[{"embeddable":true,"href":"https:\/\/diarioelpopular.com\/index.php\/wp-json\/wp\/v2\/comments?post=414408"}],"version-history":[{"count":0,"href":"https:\/\/diarioelpopular.com\/index.php\/wp-json\/wp\/v2\/posts\/414408\/revisions"}],"wp:featuredmedia":[{"embeddable":true,"href":"https:\/\/diarioelpopular.com\/index.php\/wp-json\/"}],"wp:attachment":[{"href":"https:\/\/diarioelpopular.com\/index.php\/wp-json\/wp\/v2\/media?parent=414408"}],"wp:term":[{"taxonomy":"category","embeddable":true,"href":"https:\/\/diarioelpopular.com\/index.php\/wp-json\/wp\/v2\/categories?post=414408"},{"taxonomy":"post_tag","embeddable":true,"href":"https:\/\/diarioelpopular.com\/index.php\/wp-json\/wp\/v2\/tags?post=414408"}],"curies":[{"name":"wp","href":"https:\/\/api.w.org\/{rel}","templated":true}]}}