{"id":414627,"date":"2012-09-27T22:47:11","date_gmt":"2012-09-28T02:47:11","guid":{"rendered":"http:\/\/diarioelpopular.com\/?p=414627"},"modified":"2012-09-27T22:47:11","modified_gmt":"2012-09-28T02:47:11","slug":"las-mejores-vestidas-de-los-emmy-2012","status":"publish","type":"post","link":"https:\/\/diarioelpopular.com\/index.php\/2012\/09\/27\/las-mejores-vestidas-de-los-emmy-2012\/","title":{"rendered":"Las mejores vestidas de los Emmy 2012"},"content":{"rendered":"<h3><a href=\"https:\/\/diarioelpopular.com\/wp-content\/uploads\/2012\/09\/Sofia-Vergara1.jpeg\"><img loading=\"lazy\" decoding=\"async\" class=\"aligncenter size-full wp-image-414628\" title=\"Sofia-Vergara1\" src=\"https:\/\/diarioelpopular.com\/wp-content\/uploads\/2012\/09\/Sofia-Vergara1.jpeg\" alt=\"\" width=\"650\" height=\"1021\" \/><\/a>El pasado domingo 23 de agosto, el Teatro Nokia de Los \u00c1ngeles se llen\u00f3 no solo de galardonados sino tambi\u00e9n de glamour.<\/h3>\n<h3>Las estrellas m\u00e1s importantes de la peque\u00f1a pantalla se reunieron para premiar a sus actores y como siempre, la tan esperada alfombra roja tuvo a sus mejores vestidas.<\/h3>\n<h3>En la lista de este a\u00f1o, como se ha vuelto ya costumbre, entr\u00f3 nuevamente la sensual colombiana Sof\u00eda Vergara, quien dej\u00f3 a todos con la boca abierta no solo por su vestido sino tambi\u00e9n por su alegr\u00eda y gran cuerpo.<\/h3>\n<div id=\"attachment_414629\" style=\"width: 650px\" class=\"wp-caption aligncenter\"><a href=\"https:\/\/diarioelpopular.com\/wp-content\/uploads\/2012\/09\/Sofia-Ropa-Interior.jpg\"><img loading=\"lazy\" decoding=\"async\" aria-describedby=\"caption-attachment-414629\" class=\"size-full wp-image-414629\" title=\"Sofia Ropa Interior\" src=\"https:\/\/diarioelpopular.com\/wp-content\/uploads\/2012\/09\/Sofia-Ropa-Interior.jpg\" alt=\"\" width=\"640\" height=\"360\" \/><\/a><p id=\"caption-attachment-414629\" class=\"wp-caption-text\">Un momento dif\u00edcil pas\u00f3 Sofia Vergara en el escenario cuando el cieere de su ajustado vestido se abri\u00f3, dejando al descubierto parte de su anatomia.<\/p><\/div>\n<h3>La artista luci\u00f3 un hermoso traje de Zuhair Murad, con corte de sirena de color esmeralda, complementado con 175 quilates en diamantes de Neil Lane.<a href=\"https:\/\/diarioelpopular.com\/wp-content\/uploads\/2012\/09\/Julianne-Hough.jpeg\"><img loading=\"lazy\" decoding=\"async\" class=\"aligncenter size-full wp-image-414630\" title=\"Julianne-Hough\" src=\"https:\/\/diarioelpopular.com\/wp-content\/uploads\/2012\/09\/Julianne-Hough.jpeg\" alt=\"\" width=\"650\" height=\"928\" \/><\/a><\/h3>\n<h3>Julianne Hough definitivamente brill\u00f3 en la alfombra roja, aunque algunos amaron su look otros lo odiaron, pero a nuestro parecer, la actriz de de 23 a\u00f1os de edad, deslumbr\u00f3 con este dise\u00f1o color verde agua de Georges Hobeika embellecido con cristales de Swarovski.<a href=\"https:\/\/diarioelpopular.com\/wp-content\/uploads\/2012\/09\/Heidi-Klum.jpeg\"><img loading=\"lazy\" decoding=\"async\" class=\"aligncenter size-full wp-image-414631\" title=\"Heidi-Klum\" src=\"https:\/\/diarioelpopular.com\/wp-content\/uploads\/2012\/09\/Heidi-Klum.jpeg\" alt=\"\" width=\"650\" height=\"1000\" \/><\/a><\/h3>\n<h3>La modelo de 39 a\u00f1os de edad, Heidi Klum resalt\u00f3 con mucha soltura y naturalidad en esta alfombre roja. Este a\u00f1o opt\u00f3 por un vestido del dise\u00f1ador Alexandre Vauthier de color azul celeste, lleno de transparencias y con una raja en la falda, que le permit\u00eda lucir sus piernas.<a href=\"https:\/\/diarioelpopular.com\/wp-content\/uploads\/2012\/09\/Hayden-Panettiere.jpeg\"><img loading=\"lazy\" decoding=\"async\" class=\"aligncenter size-full wp-image-414632\" title=\"Hayden-Panettiere\" src=\"https:\/\/diarioelpopular.com\/wp-content\/uploads\/2012\/09\/Hayden-Panettiere.jpeg\" alt=\"\" width=\"650\" height=\"900\" \/><\/a><\/h3>\n<h3>Hayden Panettiere, fue una de las mejores vestidas, su traje ajustado, con transparencias y muy extra\u00f1o, la hizo lucir muy radiante. El dise\u00f1o de Marchesa, se bas\u00f3 en la yuxtaposici\u00f3n de las telas. El azul marino y dorado predominaron en este traje.<a href=\"https:\/\/diarioelpopular.com\/wp-content\/uploads\/2012\/09\/January-Jones.jpeg\"><img loading=\"lazy\" decoding=\"async\" class=\"aligncenter size-full wp-image-414633\" title=\"January-Jones\" src=\"https:\/\/diarioelpopular.com\/wp-content\/uploads\/2012\/09\/January-Jones.jpeg\" alt=\"\" width=\"650\" height=\"965\" \/><\/a><\/h3>\n<h3>Por \u00faltimo se encuentra January Jones, quien luci\u00f3 un vestido color negro lleno de transparencias de Zac Posen. El vestido en la parte de arriba era bastante ajustado a diferencia de la falda vaporosa.<\/h3>\n<p><strong><em><a href=\"http:\/\/www.sinflash.com\/tendencias\/no-te-pierdas-a-las-peores-vestidas-de-los-emmy-2012-fotos\/28665\/\">Y las peores vestidas de los Emmy 2012<\/a><\/em><\/strong><\/p>\n<p>Ante toda ceremonia de premiaci\u00f3n, adem\u00e1s de querer saber qui\u00e9nes ser\u00e1n los afortunados ganadores de la noche, tambi\u00e9n se espera con ansias la llegada de las artistas a la alfombre roja, lugar donde ser\u00e1n criticadas o halagadas por su vestimenta.<\/p>\n<p>La 64\u00ba entrega de los premios Emmy tuvo a sus cinco actrices peores vestidas. En esta alfombra roja llam\u00f3 mucho la atenci\u00f3n que el color predominante en los trajes fue el amarillo, y m\u00e1s casualidad que tres de las peores vestidas llevaron este tono \u00bfSer\u00e1 el color o el vestido lo que no las hizo lucir?<a href=\"https:\/\/diarioelpopular.com\/wp-content\/uploads\/2012\/09\/Julianne-Moore.jpeg\"><img loading=\"lazy\" decoding=\"async\" class=\"aligncenter size-full wp-image-414634\" title=\"Julianne-Moore\" src=\"https:\/\/diarioelpopular.com\/wp-content\/uploads\/2012\/09\/Julianne-Moore.jpeg\" alt=\"\" width=\"650\" height=\"1000\" \/><\/a><\/p>\n<p>Julianne Moore, a pesar de haber salido con un premio en sus manos, no acert\u00f3 con su vestido. La actriz luci\u00f3 un vestido color amarillo de Christian Dior Couture, largo de mangas largas y sin escote alguno, en verdad parec\u00eda una monja.<a href=\"https:\/\/diarioelpopular.com\/wp-content\/uploads\/2012\/09\/Claire-Danes.jpeg\"><img loading=\"lazy\" decoding=\"async\" class=\"aligncenter size-full wp-image-414635\" title=\"Claire-Danes\" src=\"https:\/\/diarioelpopular.com\/wp-content\/uploads\/2012\/09\/Claire-Danes.jpeg\" alt=\"\" width=\"650\" height=\"975\" \/><\/a><\/p>\n<p>Claire Danes fue otra galardonada de la noche pero no por su traje. La artista, que se encuentra embarazada actualmente, no supo transmitir nada en la alfombra roja con un vestido sin forma, amarillo intenso de Lanvin que combin\u00f3 con unos stilettos de Barbara Bui.<a href=\"https:\/\/diarioelpopular.com\/wp-content\/uploads\/2012\/09\/Cuoco.jpeg\"><img loading=\"lazy\" decoding=\"async\" class=\"aligncenter size-full wp-image-414636\" title=\"Cuoco\" src=\"https:\/\/diarioelpopular.com\/wp-content\/uploads\/2012\/09\/Cuoco.jpeg\" alt=\"\" width=\"650\" height=\"1000\" \/><\/a><\/p>\n<p>Kaley Cuoco, llam\u00f3 mucho la atenci\u00f3n, pues generalmente suele estar entre las mejores vestidas. La actriz, tambi\u00e9n de color amarillo chill\u00f3n, se puso un traje que parec\u00eda quedarle grande y no la hizo lucir nada delgada, adem\u00e1s la famosa artista se aclar\u00f3 mucho el pelo, cosa que no le qued\u00f3 muy bien.<a href=\"https:\/\/diarioelpopular.com\/wp-content\/uploads\/2012\/09\/Christina-Hendricks.jpeg\"><img loading=\"lazy\" decoding=\"async\" class=\"aligncenter size-full wp-image-414637\" title=\"Christina-Hendricks\" src=\"https:\/\/diarioelpopular.com\/wp-content\/uploads\/2012\/09\/Christina-Hendricks.jpeg\" alt=\"\" width=\"650\" height=\"1002\" \/><\/a><\/p>\n<p>Christina Hendricks, a pesar de no llevar el color de moda de la noche, entr\u00f3 en esta lista con un vestido ajustado de color gris satinado, el cual no hac\u00eda juego con su piel, de Christian Siriano, el cual la hizo lucir adem\u00e1s de apretada muy voluptuosa.<a href=\"https:\/\/diarioelpopular.com\/wp-content\/uploads\/2012\/09\/Ginnifer-Goodwin.jpeg\"><img loading=\"lazy\" decoding=\"async\" class=\"aligncenter size-full wp-image-414638\" title=\"Ginnifer-Goodwin\" src=\"https:\/\/diarioelpopular.com\/wp-content\/uploads\/2012\/09\/Ginnifer-Goodwin.jpeg\" alt=\"\" width=\"650\" height=\"978\" \/><\/a><\/p>\n<p>Por \u00faltimo tenemos a Ginnifer Goodwin, que aunque otros medios la han puesto como mejor vestida, a nuestro parecer la actriz parec\u00eda llevar encima una alfombra encima. El traje de Monique Lhuillier, de color beige y naranja no la hicieron lucir ni resaltar su piel.<\/p>\n","protected":false},"excerpt":{"rendered":"<p>El pasado domingo 23 de agosto, el Teatro Nokia de Los \u00c1ngeles se llen\u00f3 no solo de galardonados sino tambi\u00e9n de glamour.<\/p>\n","protected":false},"author":1,"featured_media":414628,"comment_status":"open","ping_status":"open","sticky":false,"template":"","format":"standard","meta":{"footnotes":""},"categories":[80,24],"tags":[4900,2614,3310,3168,5000],"class_list":["post-414627","post","type-post","status-publish","format-standard","has-post-thumbnail","hentry","category-cine-2","category-mundo","tag-emmy","tag-mejor","tag-peor","tag-premios","tag-vestidas"],"_links":{"self":[{"href":"https:\/\/diarioelpopular.com\/index.php\/wp-json\/wp\/v2\/posts\/414627","targetHints":{"allow":["GET"]}}],"collection":[{"href":"https:\/\/diarioelpopular.com\/index.php\/wp-json\/wp\/v2\/posts"}],"about":[{"href":"https:\/\/diarioelpopular.com\/index.php\/wp-json\/wp\/v2\/types\/post"}],"author":[{"embeddable":true,"href":"https:\/\/diarioelpopular.com\/index.php\/wp-json\/wp\/v2\/users\/1"}],"replies":[{"embeddable":true,"href":"https:\/\/diarioelpopular.com\/index.php\/wp-json\/wp\/v2\/comments?post=414627"}],"version-history":[{"count":0,"href":"https:\/\/diarioelpopular.com\/index.php\/wp-json\/wp\/v2\/posts\/414627\/revisions"}],"wp:featuredmedia":[{"embeddable":true,"href":"https:\/\/diarioelpopular.com\/index.php\/wp-json\/"}],"wp:attachment":[{"href":"https:\/\/diarioelpopular.com\/index.php\/wp-json\/wp\/v2\/media?parent=414627"}],"wp:term":[{"taxonomy":"category","embeddable":true,"href":"https:\/\/diarioelpopular.com\/index.php\/wp-json\/wp\/v2\/categories?post=414627"},{"taxonomy":"post_tag","embeddable":true,"href":"https:\/\/diarioelpopular.com\/index.php\/wp-json\/wp\/v2\/tags?post=414627"}],"curies":[{"name":"wp","href":"https:\/\/api.w.org\/{rel}","templated":true}]}}