{"id":414801,"date":"2012-09-28T18:30:46","date_gmt":"2012-09-28T22:30:46","guid":{"rendered":"http:\/\/diarioelpopular.com\/?p=414801"},"modified":"2012-09-28T18:30:46","modified_gmt":"2012-09-28T22:30:46","slug":"carlos-santana-denuncia-el-estereotipo-negativo-contra-los-hispanos-en-eeuu","status":"publish","type":"post","link":"https:\/\/diarioelpopular.com\/index.php\/2012\/09\/28\/carlos-santana-denuncia-el-estereotipo-negativo-contra-los-hispanos-en-eeuu\/","title":{"rendered":"Carlos Santana denuncia el &#8220;estereotipo negativo&#8221; contra los hispanos en EEUU"},"content":{"rendered":"<p><a href=\"https:\/\/diarioelpopular.com\/wp-content\/uploads\/2012\/09\/web.santana.jpg\"><img loading=\"lazy\" decoding=\"async\" class=\"aligncenter size-full wp-image-414802\" title=\"web.santana\" src=\"https:\/\/diarioelpopular.com\/wp-content\/uploads\/2012\/09\/web.santana.jpg\" alt=\"\" width=\"705\" height=\"420\" \/><\/a>Emilio J. L\u00f3pez<\/p>\n<div id=\"texto\">\n<div>\n<p><strong><em>Miami (EE.UU.).-<\/em><\/strong> El guitarrista mexicano Carlos Santana carg\u00f3 este viernes en Miami (EE.UU.) contra los &#8220;estereotipos negativos&#8221; empleados en Estados Unidos contra los latinos, a menudo retratados en Hollywood, dijo, como &#8220;poco trabajadores o vendedores de droga&#8221;.<\/p>\n<p>Santana, de 65 a\u00f1os, critic\u00f3 con dureza el perfil de &#8220;flojos, no trabajadores duros y vendedores de drogas&#8221; que se han inventado en las producciones de Hollywood.<\/p>\n<p>Se trata de un &#8220;estereotipo muy negativo&#8221; que no se compadece con la verdadera labor y los valores que encarnan los hispanos en este pa\u00eds, resalt\u00f3.<\/p>\n<p>En ese sentido, Santana, que public\u00f3 este a\u00f1o &#8220;Shape Shifter&#8221;, un trabajo instrumental dedicado a los indios americanos, resalt\u00f3 la &#8220;contribuci\u00f3n incre\u00edble de los hispanos&#8221; a este pa\u00eds, pero lament\u00f3 al mismo tiempo que esta comunidad no se muestre m\u00e1s unida.<\/p>\n<p>&#8220;Nos beneficiar\u00eda unirnos m\u00e1s de lo que lo estamos para tener claridad y una voz m\u00e1s fuerte&#8221; en este pa\u00eds, asegur\u00f3 el guitarrista mexicano, que ha vendido m\u00e1s de 90 millones de discos y recibido 10 premios Grammy.<\/p>\n<p>La cadena estadounidense de grandes almacenes Macy&#8217;s y la revista Vanidades han elegido a Santana como figura representativa para la celebraci\u00f3n del Mes de la Herencia Hispana por ser una &#8220;leyenda de la m\u00fasica y un creador de estilo&#8221; con una enorme &#8220;influencia&#8221; internacional, se\u00f1al\u00f3 la organizaci\u00f3n.<\/p>\n<p>&#8220;Estoy muy agradecido y mi coraz\u00f3n est\u00e1 muy contento de que me hayan elegido para representar a la gente de lengua hispana&#8221;, apunt\u00f3 el m\u00fasico y compositor mexicano, considerado uno de los pioneros en el impulso del rock latino, con sonidos que fund\u00edan sus ra\u00edces con el blues.<\/p>\n<p>Expres\u00f3 a continuaci\u00f3n su admiraci\u00f3n por la labor realizada por activistas como C\u00e9sar Ch\u00e1vez y Dolores Huerta, quienes &#8220;lucharon para que los latinos tuvieran m\u00e1s integridad, dignidad y posiciones m\u00e1s altas&#8221; en Estados Unidos.<\/p>\n<p>Pero quiso dejar claro que la educaci\u00f3n es la clave para el \u00e9xito y los futuros logros de los hispanos, sin menosprecio, dijo, de las labores m\u00e1s humildes.<\/p>\n<p>&#8220;La clave y la llave del progreso se llama educaci\u00f3n&#8221;, hizo hincapi\u00e9, y lament\u00f3 que se registren cifras tan altas de abandono escolar entre los estudiantes hispanos.<\/p>\n<p>&#8220;Siete de cada diez estudiantes latinos abandonan la escuela&#8221;, se quej\u00f3 Santana, quien apost\u00f3 por que los gobiernos inviertan m\u00e1s dinero en la &#8220;educaci\u00f3n de los latinos para que completen&#8221; sus estudios.<\/p>\n<p>En cuanto a los 12 millones de indocumentados que residen en este pa\u00eds, Santana se mostr\u00f3 partidario de medidas favorables a los que &#8220;trabajan duro, se remangan y no tienen miedo al trabajo&#8221;. Esos deber\u00edan tener un &#8220;pasaporte para siempre&#8221; en este pa\u00eds, apostill\u00f3.<\/p>\n<p>En ese contexto, sostuvo: &#8220;si vamos a intentar deportar a las gentes, s\u00f3lo quedan los indios americanos&#8221;, dijo en referencia a que Estados Unidos es una naci\u00f3n fundada y construida por inmigrantes.<\/p>\n<p>Desde la &#8220;humildad&#8221;, pero con &#8220;fuerza&#8221;, Santana se coloc\u00f3 al mismo nivel que m\u00fasicos como Eric Clapton, Bob Marley o Michael Jackson. &#8220;Estoy al mismo nivel que todos ellos&#8221;, coment\u00f3 el artista nacido en Jalisco (M\u00e9xico), cuya banda en 1998 entr\u00f3 en el Sal\u00f3n de la Fama del Rock and Roll.<\/p>\n<p>Apunt\u00f3 que entre sus pr\u00f3ximos proyectos se encuentra la publicaci\u00f3n de un nuevo trabajo (ser\u00eda su trig\u00e9simo s\u00e9ptimo disco), un &#8220;nuevo \u00e1lbum como hicimos con &#8216;Supernatural&#8217;, pero para latinos, con artistas de lengua hispana&#8221;, precis\u00f3.<\/p>\n<p>La exitosa trayectoria de Carlos Santana comenz\u00f3 con una actuaci\u00f3n en el legendario festival de Woodstock, donde toc\u00f3 con su banda, Santana Blues Band, formada en San Francisco.<\/p>\n<\/div>\n<\/div>\n","protected":false},"excerpt":{"rendered":"<p>El guitarrista mexicano Carlos Santana carg\u00f3 este viernes en Miami (EE.UU.) contra los &#8220;estereotipos negativos&#8221; empleados en Estados Unidos contra los latinos.<\/p>\n","protected":false},"author":1,"featured_media":414802,"comment_status":"open","ping_status":"open","sticky":false,"template":"","format":"standard","meta":{"footnotes":""},"categories":[80,23,24],"tags":[3119,1202,5001,5002],"class_list":["post-414801","post","type-post","status-publish","format-standard","has-post-thumbnail","hentry","category-cine-2","category-latinoamerica","category-mundo","tag-carlos","tag-eeuu","tag-estereotipos","tag-santana"],"_links":{"self":[{"href":"https:\/\/diarioelpopular.com\/index.php\/wp-json\/wp\/v2\/posts\/414801","targetHints":{"allow":["GET"]}}],"collection":[{"href":"https:\/\/diarioelpopular.com\/index.php\/wp-json\/wp\/v2\/posts"}],"about":[{"href":"https:\/\/diarioelpopular.com\/index.php\/wp-json\/wp\/v2\/types\/post"}],"author":[{"embeddable":true,"href":"https:\/\/diarioelpopular.com\/index.php\/wp-json\/wp\/v2\/users\/1"}],"replies":[{"embeddable":true,"href":"https:\/\/diarioelpopular.com\/index.php\/wp-json\/wp\/v2\/comments?post=414801"}],"version-history":[{"count":0,"href":"https:\/\/diarioelpopular.com\/index.php\/wp-json\/wp\/v2\/posts\/414801\/revisions"}],"wp:featuredmedia":[{"embeddable":true,"href":"https:\/\/diarioelpopular.com\/index.php\/wp-json\/"}],"wp:attachment":[{"href":"https:\/\/diarioelpopular.com\/index.php\/wp-json\/wp\/v2\/media?parent=414801"}],"wp:term":[{"taxonomy":"category","embeddable":true,"href":"https:\/\/diarioelpopular.com\/index.php\/wp-json\/wp\/v2\/categories?post=414801"},{"taxonomy":"post_tag","embeddable":true,"href":"https:\/\/diarioelpopular.com\/index.php\/wp-json\/wp\/v2\/tags?post=414801"}],"curies":[{"name":"wp","href":"https:\/\/api.w.org\/{rel}","templated":true}]}}