{"id":416210,"date":"2012-10-05T22:50:59","date_gmt":"2012-10-06T02:50:59","guid":{"rendered":"http:\/\/diarioelpopular.com\/?p=416210"},"modified":"2012-10-05T22:50:59","modified_gmt":"2012-10-06T02:50:59","slug":"real-madrid-casi-medio-siglo-sin-ganar-dos-veces-seguidas-en-el-camp-nou","status":"publish","type":"post","link":"https:\/\/diarioelpopular.com\/index.php\/2012\/10\/05\/real-madrid-casi-medio-siglo-sin-ganar-dos-veces-seguidas-en-el-camp-nou\/","title":{"rendered":"Real Madrid: casi medio siglo sin ganar dos veces seguidas en el Camp Nou"},"content":{"rendered":"<p><a href=\"https:\/\/diarioelpopular.com\/wp-content\/uploads\/2012\/10\/20121006_634850827701991302.jpg\"><img loading=\"lazy\" decoding=\"async\" class=\"aligncenter size-full wp-image-416211\" title=\"20121006_634850827701991302\" src=\"https:\/\/diarioelpopular.com\/wp-content\/uploads\/2012\/10\/20121006_634850827701991302.jpg\" alt=\"\" width=\"600\" height=\"495\" \/><\/a><strong><em>Madrid.-<\/em><\/strong> El Real Madrid, que venci\u00f3 la temporada pasada en el Camp Nou por 1-2, lleva casi medio siglo sin ganar dos veces seguidas en Liga en el feudo del\u00a0Barcelona, al que visitar\u00e1 este domingo.<\/p>\n<div id=\"texto\">\n<p>El FC\u00a0Barcelona\u00a0domina netamente en la historia de los &#8216;cl\u00e1sicos&#8217; ante el Real Madrid en los partidos disputados en la Ciudad Condal.<\/p>\n<p>El conjunto azulgrana ha conseguido a lo largo de la historia liguera ganar 47 de los partidos disputados en feudo propio. En otras diecinueve ocasiones se impuso el Real Madrid y hubo diecis\u00e9is empates.<\/p>\n<p>El pasado 21 de abril, el cuadro de Jose Mourinho dej\u00f3 pr\u00e1cticamente sentenciado el t\u00edtulo de Liga con un triunfo por 1-2 merced a los goles del alem\u00e1n Sami Khedira y del portugu\u00e9s Cristiano Ronaldo, \u00e9ste pocos minutos despu\u00e9s de que el chileno Alexis S\u00e1nchez hubiera situado las tablas provisionales.<\/p>\n<p>La victoria acab\u00f3 con la mala racha madridista en Liga en el feudo barcelonista, donde no ganaba desde la temporada 2007-08, cuando derrot\u00f3 con un gol del brasile\u00f1o Julio Baptista al equipo entonces entrenado por el holand\u00e9s Frank Rijkaard.<\/p>\n<p>Solamente en una oportunidad el Real Madrid pudo repetir victoria en tierras catalanas ante el\u00a0Barcelona\u00a0durante tres a\u00f1os, en las temporadas 1962-63 (1-5) y 1963-64 (1-2) y 1964-65 (1-2).<\/p>\n<p>El primer partido disputado entre ambos equipos en\u00a0Barcelona\u00a0se jug\u00f3 el 17 de febrero de 1928, en la segunda jornada de Liga, cuando el equipo madrile\u00f1o gan\u00f3 por 1-2 con un doblete de Rafael Morera. En la siguiente temporada, el partido tambi\u00e9n acab\u00f3 con victoria visitante, por 1-4.<\/p>\n<p>La victoria m\u00e1s amplia de los blancos a domicilio es precisamente el 1-5 de la campa\u00f1a 1962-63, con un triplete de Ferenc Puskas y goles de Alfredo Di St\u00e9fano y Paco Gento.<\/p>\n<p>En cuanto a los triunfos azulgrana, destacan el 7-2 de la temporada 1950-51, en tanto que el 5-0 se ha registrado en las temporadas 1934-35, 1944-45, 1993-94 y 2010-11.<\/p>\n<p>El r\u00e9cord de victorias consecutivas del Bar\u00e7a ante el Madrid en casa es el que estableci\u00f3 entre la temporada 1992-93 y la 1998-99, con siete triunfos y un balance de 18 goles a favor y uno en contra.<\/p>\n<p>&#8211; Resultados de los partidos entre el\u00a0Barcelona\u00a0y el Real Madrid en\u00a0Barcelona:<\/p>\n<p>Temporada Resultado<\/p>\n<p>&#8212;&#8212;&#8212; &#8212;&#8212;&#8212;<\/p>\n<p>2011-12\u00a0Barcelona\u00a01 &#8211; Real Madrid 2<\/p>\n<p>2010-11\u00a0Barcelona\u00a05 &#8211; Real Madrid 0<\/p>\n<p>2009-10\u00a0Barcelona\u00a01 &#8211; Real Madrid 0<\/p>\n<p>2008-09\u00a0Barcelona\u00a02 &#8211; Real Madrid 0<\/p>\n<p>2007-08\u00a0Barcelona\u00a00 &#8211; Real Madrid 1<\/p>\n<p>2006-07\u00a0Barcelona\u00a03 &#8211; Real Madrid 3<\/p>\n<p>2005-06\u00a0Barcelona\u00a01 &#8211; Real Madrid 1<\/p>\n<p>2004-05\u00a0Barcelona\u00a03 &#8211; Real Madrid 0<\/p>\n<p>2003-04\u00a0Barcelona\u00a01 &#8211; Real Madrid 2<\/p>\n<p>2002-03\u00a0Barcelona\u00a00 &#8211; Real Madrid 0<\/p>\n<p>2001-02\u00a0Barcelona\u00a01 &#8211; Real Madrid 1<\/p>\n<p>2000-01\u00a0Barcelona\u00a02 &#8211; Real Madrid 0<\/p>\n<p>1999-00\u00a0Barcelona\u00a02 &#8211; Real Madrid 2<\/p>\n<p>1998-99\u00a0Barcelona\u00a03 &#8211; Real Madrid 0<\/p>\n<p>1997-98\u00a0Barcelona\u00a03 &#8211; Real Madrid 0<\/p>\n<p>1996-97\u00a0Barcelona\u00a01 &#8211; Real Madrid 0<\/p>\n<p>1995-96\u00a0Barcelona\u00a03 &#8211; Real Madrid 0<\/p>\n<p>1994-95\u00a0Barcelona\u00a01 &#8211; Real Madrid 0<\/p>\n<p>1993-94\u00a0Barcelona\u00a05 &#8211; Real Madrid 0<\/p>\n<p>1992-93\u00a0Barcelona\u00a02 &#8211; Real Madrid 1<\/p>\n<p>1991-92\u00a0Barcelona\u00a01 &#8211; Real Madrid 1<\/p>\n<p>1990-91\u00a0Barcelona\u00a02 &#8211; Real Madrid 1<\/p>\n<p>1989-90\u00a0Barcelona\u00a03 &#8211; Real Madrid 1<\/p>\n<p>1988-89\u00a0Barcelona\u00a00 &#8211; Real Madrid 0<\/p>\n<p>1987-88\u00a0Barcelona\u00a02 &#8211; Real Madrid 0<\/p>\n<p>1986-87\u00a0Barcelona\u00a02 &#8211; Real Madrid 1<\/p>\n<p>1986-87\u00a0Barcelona\u00a03 &#8211; Real Madrid 2<\/p>\n<p>1985-86\u00a0Barcelona\u00a02 &#8211; Real Madrid 0<\/p>\n<p>1984-85\u00a0Barcelona\u00a03 &#8211; Real Madrid 2<\/p>\n<p>1983-84\u00a0Barcelona\u00a01 &#8211; Real Madrid 2<\/p>\n<p>1982-83\u00a0Barcelona\u00a02 &#8211; Real Madrid 1<\/p>\n<p>1981-82\u00a0Barcelona\u00a03 &#8211; Real Madrid 1<\/p>\n<p>1980-81\u00a0Barcelona\u00a02 &#8211; Real Madrid 1<\/p>\n<p>1979-80\u00a0Barcelona\u00a00 &#8211; Real Madrid 2<\/p>\n<p>1978-79\u00a0Barcelona\u00a02 &#8211; Real Madrid 0<\/p>\n<p>1977-78\u00a0Barcelona\u00a02 &#8211; Real Madrid 3<\/p>\n<p>1976-77\u00a0Barcelona\u00a03 &#8211; Real Madrid 1<\/p>\n<p>1975-76\u00a0Barcelona\u00a02 &#8211; Real Madrid 1<\/p>\n<p>1974-75\u00a0Barcelona\u00a00 &#8211; Real Madrid 0<\/p>\n<p>1973-74\u00a0Barcelona\u00a00 &#8211; Real Madrid 0<\/p>\n<p>1972-73\u00a0Barcelona\u00a01 &#8211; Real Madrid 0<\/p>\n<p>1971-72\u00a0Barcelona\u00a01 &#8211; Real Madrid 0<\/p>\n<p>1970-71\u00a0Barcelona\u00a00 &#8211; Real Madrid 1<\/p>\n<p>1969-70\u00a0Barcelona\u00a01 &#8211; Real Madrid 0<\/p>\n<p>1968-69\u00a0Barcelona\u00a01 &#8211; Real Madrid 1<\/p>\n<p>1967-68\u00a0Barcelona\u00a01 &#8211; Real Madrid 1<\/p>\n<p>1966-67\u00a0Barcelona\u00a02 &#8211; Real Madrid 1<\/p>\n<p>1965-66\u00a0Barcelona\u00a02 &#8211; Real Madrid 1<\/p>\n<p>1964-65\u00a0Barcelona\u00a01 &#8211; Real Madrid 2<\/p>\n<p>1963-64\u00a0Barcelona\u00a01 &#8211; Real Madrid 2<\/p>\n<p>1962-63\u00a0Barcelona\u00a01 &#8211; Real Madrid 5<\/p>\n<p>1961-62\u00a0Barcelona\u00a03 &#8211; Real Madrid 1<\/p>\n<p>1960-61\u00a0Barcelona\u00a03 &#8211; Real Madrid 5<\/p>\n<p>1959-60\u00a0Barcelona\u00a02 &#8211; Real Madrid 1<\/p>\n<p>1958-59\u00a0Barcelona\u00a04 &#8211; Real Madrid 0<\/p>\n<p>1957-58\u00a0Barcelona\u00a00 &#8211; Real Madrid 2<\/p>\n<p>1956-57\u00a0Barcelona\u00a01 &#8211; Real Madrid 0<\/p>\n<p>1955-56\u00a0Barcelona\u00a02 &#8211; Real Madrid 0<\/p>\n<p>1954-55\u00a0Barcelona\u00a02 &#8211; Real Madrid 2<\/p>\n<p>1953-54\u00a0Barcelona\u00a05 &#8211; Real Madrid 1<\/p>\n<p>1952-53\u00a0Barcelona\u00a01 &#8211; Real Madrid 0<\/p>\n<p>1951-52\u00a0Barcelona\u00a04 &#8211; Real Madrid 2<\/p>\n<p>1950-51\u00a0Barcelona\u00a07 &#8211; Real Madrid 2<\/p>\n<p>1949-50\u00a0Barcelona\u00a02 &#8211; Real Madrid 3<\/p>\n<p>1948-49\u00a0Barcelona\u00a03 &#8211; Real Madrid 1<\/p>\n<p>1947-48\u00a0Barcelona\u00a04 &#8211; Real Madrid 2<\/p>\n<p>1946-47\u00a0Barcelona\u00a03 &#8211; Real Madrid 2<\/p>\n<p>1945-46\u00a0Barcelona\u00a01 &#8211; Real Madrid 0<\/p>\n<p>1944-45\u00a0Barcelona\u00a05 &#8211; Real Madrid 0<\/p>\n<p>1943-44\u00a0Barcelona\u00a01 &#8211; Real Madrid 2<\/p>\n<p>1942-43\u00a0Barcelona\u00a05 &#8211; Real Madrid 5<\/p>\n<p>1941-42\u00a0Barcelona\u00a00 &#8211; Real Madrid 2<\/p>\n<p>1940-41\u00a0Barcelona\u00a03 &#8211; Real Madrid 0<\/p>\n<p>1939-40\u00a0Barcelona\u00a00 &#8211; Real Madrid 0<\/p>\n<p>1935-36\u00a0Barcelona\u00a00 &#8211; Real Madrid 3<\/p>\n<p>1934-35\u00a0Barcelona\u00a05 &#8211; Real Madrid 0<\/p>\n<p>1933-34\u00a0Barcelona\u00a01 &#8211; Real Madrid 2<\/p>\n<p>1932-33\u00a0Barcelona\u00a01 &#8211; Real Madrid 1<\/p>\n<p>1931-32\u00a0Barcelona\u00a02 &#8211; Real Madrid 2<\/p>\n<p>1930-31\u00a0Barcelona\u00a03 &#8211; Real Madrid 1<\/p>\n<p>1929-30\u00a0Barcelona\u00a01 &#8211; Real Madrid 4<\/p>\n<p>1928-29\u00a0Barcelona\u00a01 &#8211; Real Madrid 2.<\/p>\n<div id=\"texto\">\n<p><strong><em>De la Supercopa al Cl\u00e1sico: pleno cul\u00e9, impulso madridista<\/em><\/strong><\/p>\n<div id=\"texto\">\n<div>\n<p>Olga Mart\u00edn<\/p>\n<p><strong><em>Madrid.-<\/em><\/strong> 39 d\u00edas antes del primer cl\u00e1sico liguero, el Real Madrid gan\u00f3 el pulso inicial al\u00a0Barcelona. La Supercopa, t\u00edtulo que prologa cada campa\u00f1a, se fue a las vitrinas del Santiago Bernab\u00e9u y augur\u00f3 una lucha muy abierta por la liga que parece ahora desmentida por los ocho puntos que separan a ambos equipos.<\/p>\n<p>La victoria en el partido de vuelta (29 de agosto) en el coliseo madrile\u00f1o (2-1), despu\u00e9s de que el Bar\u00e7a no sentenciara seis d\u00edas antes en la ida (3-2), hizo pensar en una reacci\u00f3n positiva que el madridismo a\u00fan sigue esperando tras el desconcertante inicio que ha tenido su equipo, si bien en los \u00faltimos partidos ha cogido impulso.<\/p>\n<p>La Supercopa se resolvi\u00f3 despu\u00e9s de dos primeras jornadas de Liga, en las que el saldo de unos y otros fue muy distinto.<\/p>\n<p>Los de Tito Vilanova llegaban al Bernab\u00e9u despu\u00e9s de un 5-1 sobre la Real Sociedad y un 1-2 en Pamplona. Por contra el empate (1-1) ante el Valencia en casa y la derrota (2-1) en Getafe presagiaban lo peor para el Real Madrid.<\/p>\n<p>Pero los pron\u00f3sticos se rompen a veces y tres d\u00edas despu\u00e9s de perder en Getafe los de Mourinho avasallaron al Bar\u00e7a. Los goles en la primera parte de Higua\u00edn y Cristiano -que no ha fallado en los \u00faltimos cinco cl\u00e1sicos- fueron suficientes para demostrar que segu\u00eda en pie el desaf\u00edo a la hegemon\u00eda azulgrana de los \u00faltimos a\u00f1os.<\/p>\n<p>En un escenario de paz lejos del que dejaron tras la Superocopa 2011, Vilanova y Mourinho, desafortunados protagonistas entonces, mostraron su lado m\u00e1s caballeroso y el papel conciliador que Iker Casillas y Xavi Hern\u00e1ndez tuvieron tras rivalidades anteriores les hizo merecedores d\u00edas despu\u00e9s del Premio Pr\u00edncipe de Asturias de los Deportes.<\/p>\n<p>Desde la Supercopa hasta el pr\u00f3ximo domingo habr\u00e1n pasado 39 d\u00edas. Una cuarentena en la que ambos han jugado seis partidos oficiales que han permitido a los cul\u00e9s, con pleno de victorias, aumentar todav\u00eda ligeramente su ventaja ante el Madrid (5 triunfos y una derrota).<\/p>\n<p>En lo que va de campa\u00f1a, el Bar\u00e7a ha ganado a Valencia (1-0), Getafe (1-4) y Sevilla (2-3), equipos con los que el Real Madrid s\u00f3lo ha podido sumar un punto, al empatar con el Valencia (1-1) y perder en Getafe (2-1) y en el S\u00e1nchez Pizju\u00e1n (1-0).<\/p>\n<p>Los de Vilanova, que tampoco han fallado en &#8220;Champions&#8221; ante el Spartak de Mosc\u00fa y el Benfica, tambi\u00e9n han ganado al Granada (2-0) y lideran la Liga con 8 puntos sobre el Real Madrid, que lleva pleno de victorias en Europa (Manchester City y Ajax) y ha solventado bien sus dos \u00faltimos partidos de Liga (Rayo y Deportivo).<\/p>\n<p>Resultados aparte, los vestuarios de unos y otros tampoco comparten ambiente. El Real Madrid ha mostrado s\u00edntomas de fractura entre jugadores y entrenador las \u00faltimas semanas. La suplencia del segundo capit\u00e1n Sergio Ramos y las cr\u00edticas del t\u00e9cnico a Mesut \u00d6zil, reemplazado por Kak\u00e1 en el once inicial el pasado mi\u00e9rcoles, han llenado titulares que el Bar\u00e7a ha ocupado por causas distintas.<\/p>\n<p>Solventado el presunto &#8220;problema&#8221; de la suplencia de Cesc F\u00e1bregas en los dos partidos de la Supercopa y preocupados por la nueva lesi\u00f3n en el codo del capit\u00e1n Carlos Puyol, la tercera de esta temporada, el Bar\u00e7a espera dar un gustazo a su p\u00fablico en el tercer cl\u00e1sico en 40 d\u00edas y abrir una brecha que puede ser decisiva tras solo siete jornadas de Liga.<\/p>\n<p><strong><em>Un cl\u00e1sico sazonado de tensi\u00f3n y de pol\u00edtica<\/em><\/strong><\/p>\n<div id=\"texto\">\n<div>\n<p>Barcelona.- La onda expansiva de la pasada manifestaci\u00f3n del 11 de septiembre en\u00a0Barcelona\u00a0sigue agitando la vida pol\u00edtica catalana y, coincidiendo con el cl\u00e1sico de la Liga, se colar\u00e1 inevitablemente el domingo en el Camp Nou, donde se espera un ambiente muy politizado, al que la junta del club no ha sido ajeno.<\/p>\n<p>La fuerza de aquella manifestaci\u00f3n multitudinaria, organizada hace casi un mes con un lema sin tapujos, en el que los convocantes reclamaron que la gente saliese a la calle para pedir la independencia, lejos de ir diluy\u00e9ndose, ha ido creciendo, tanto en sectores que agitan el momento para que no decaiga como de signo contrario.<\/p>\n<p>El FC\u00a0Barcelona, cuyo presidente Sandro Rosell garantiz\u00f3 que el club catal\u00e1n se desmarcar\u00eda de la pol\u00edtica en su mandato, ha lanzado un gui\u00f1o a la situaci\u00f3n pol\u00edtica que vive Catalu\u00f1a y ha dado el visto bueno para un mosaico gigante en el Camp Nou en el cl\u00e1sico, con la desaparici\u00f3n de los colores azul y grana para dar cabida a la bandera catalana, la &#8220;senyera&#8221;, y con un mensaje: &#8220;Bar\u00e7a!&#8221;.<\/p>\n<p>Este posicionamiento del Bar\u00e7a de Rosell ha sido toda una sorpresa, especialmente porque en su etapa como opositor hizo duras cr\u00edticas cada vez que el ex mandatario Joan Laporta llevaba a cabo alguna manifestaci\u00f3n pol\u00edtica, unida al club.<\/p>\n<p>Rosell, lejos de adoptar una posici\u00f3n equidistante o alejada de la pol\u00edtica, ha realizado diversas declaraciones p\u00fablicas sobre catalanidad y Bar\u00e7a m\u00e1s cercanas a las que en su d\u00eda pronunci\u00f3 Laporta que a la idea que defendi\u00f3 cuando fue candidato.<\/p>\n<p>Este giro le ha granjeado no pocos elogios en el entorno azulgrana, y m\u00e1s despu\u00e9s de que Rosell acudiese a la manifestaci\u00f3n del 11 de septiembre a t\u00edtulo personal con su familia, entre ellos, su padre (Jaume Rosell), un destacado miembro de Converg\u00e8ncia y ex gerente del club en los a\u00f1os setenta, cuando el Bar\u00e7a exhibi\u00f3 los primeros gestos catalanistas acabado el franquismo.<\/p>\n<p>As\u00ed, deporte y pol\u00edtica nuevamente se fusionar\u00e1n en un escenario propicio para estos asuntos, como es el Camp Nou, desde el que el FC\u00a0Barcelona\u00a0se ha convertido en un altavoz donde se han reclamado derechos o criticado gobernantes.<\/p>\n<p>Muchas asociaciones han reclamado que para la visita del Real Madrid, y siendo el cl\u00e1sico uno de los acontecimientos m\u00e1s importantes del calendario mundial futbol\u00edstico, los socios azulgranas acudan al Camp Nou con banderas independentistas.<\/p>\n<p>El objetivo es dar continuidad a la fuerza que se gener\u00f3 la manifestaci\u00f3n del 11 de septiembre y que contin\u00faa en la escena pol\u00edtica, con el adelantamiento de los comicios para el Parlamento catal\u00e1n al pr\u00f3ximo 25 de noviembre.<\/p>\n<p>El ambiente del cl\u00e1sico no estar\u00e1 m\u00e1s cargado que en otras ocasiones, debido a la tensi\u00f3n que de por s\u00ed ya genera este partido \u00fanico en el mundo, pero s\u00ed contar\u00e1 con un giro pol\u00edtico que lo har\u00e1 especial, sobre todo por la atm\u00f3sfera que se respira en Catalu\u00f1a desde hace unos meses y las tensiones entre los gobiernos central y auton\u00f3mico.<\/p>\n<p>Como ya viene siendo habitual en los \u00faltimos encuentros desde que se produjo la manifestaci\u00f3n, en el minuto 17 y 14 segundos, el Camp Nou volver\u00e1 a clamar por la independencia, aludiendo al a\u00f1o 1714, cuando las tropas de Felipe V entraron en\u00a0Barcelona\u00a0y abolieron instituciones como la Generalitat o el Consell de Cent e impusieron el uso del castellano.<\/p>\n<p>Este ser\u00e1, sin duda, el cl\u00e1sico m\u00e1s politizado de los \u00faltimos a\u00f1os, que no el m\u00e1s tenso a priori. Dada la sensibilidad que se respira ante el partido, declarado nuevamente de alto riesgo, los mossos d&#8217;esquadra -la polic\u00eda auton\u00f3mica- estar\u00e1n alerta para neutralizar cualquier tipo de crispaci\u00f3n que se desate, como as\u00ed ha advertido el conseller de Interior, Felip Puig.<\/p>\n<p><strong><em>Xavi: &#8220;Una victoria ser\u00eda un golpe moral y de confianza tremendo&#8221;<\/em><\/strong><\/p>\n<div id=\"attachment_416213\" style=\"width: 810px\" class=\"wp-caption aligncenter\"><a href=\"https:\/\/diarioelpopular.com\/wp-content\/uploads\/2012\/10\/20121005_634850418930099228w.jpg\"><img loading=\"lazy\" decoding=\"async\" aria-describedby=\"caption-attachment-416213\" class=\"size-full wp-image-416213\" title=\"20121005_634850418930099228w\" src=\"https:\/\/diarioelpopular.com\/wp-content\/uploads\/2012\/10\/20121005_634850418930099228w.jpg\" alt=\"\" width=\"800\" height=\"528\" \/><\/a><p id=\"caption-attachment-416213\" class=\"wp-caption-text\">SANT JOAN DESPI (BARCELONA).- El jugador del FC Barcelona, Xavi Hern\u00e1ndez, saluda durante la rueda de prensa en la ciudad deportiva Joan Gamper, previa al cl\u00e1sico que se disputar\u00e1 este domingo entre el Bar\u00e7a y el Real Madrid.<\/p><\/div>\n<div id=\"texto\">\n<div>\n<p><strong><em>Sant Joan Desp\u00ed (Espa\u00f1a).-<\/em><\/strong> El centrocampista Xavi Hern\u00e1ndez ha asegurado que una victoria del\u00a0Barcelona\u00a0ante el Real Madrid, que permitir\u00eda a los azulgrana disponer de once puntos de diferencia en la clasificaci\u00f3n sobre su principal rival liguero, supondr\u00eda &#8220;un golpe moral y de confianza tremendo&#8221;, aunque en ning\u00fan caso decisivo.<\/p>\n<p>Durante una rueda de prensa en la Ciudad Deportiva barcelonista, el cerebro azulgrana dijo que no tiene la sensaci\u00f3n de que exista una euforia en el ambiente debido a la gran racha de resultados del Bar\u00e7a y la ventaja de ocho puntos respecto al Real Madrid.<\/p>\n<p>&#8220;Tenemos una gran oportunidad de ganarlos y dejarlos a once puntos, pero todo acaba de comenzar. Estamos en la jornada seis. (Si ganamos), ser\u00eda una ventaja importante y tenemos una gran oportunidad. Adem\u00e1s, llegamos en un gran momento, con una buena din\u00e1mica y con confianza. Esperamos disfrutar en el campo&#8221;, ha insistido.<\/p>\n<p>Ha asegurado que la situaci\u00f3n en la que llegan al partido del domingo ambos equipos no supone una tranquilidad para los azulgrana, porque en estos \u00faltimos a\u00f1os &#8220;ha pasado de todo&#8221;.<\/p>\n<p>&#8220;Es el Madrid, el a\u00f1o pasado \u00edbamos de favoritos y nos ganaron en casa. Los ocho puntos (que tenemos) es algo a favor nuestro, tenemos confianza&#8221;, ha recordado Xavi Hern\u00e1ndez, quien considera que m\u00e1s all\u00e1 de considerandos, los jugadores del Bar\u00e7a piensan en la victoria m\u00e1s que ahondar en la herida del vestuario madridista despu\u00e9s de los \u00faltimos episodios de desencuentros.<\/p>\n<p>&#8220;Pensamos en ganar y en nosotros. Pensamos en que ser\u00eda un golpe de moral perfecto. Es un partido importante. Pensamos en nosotros, no en lo que pasa en el vestuario del Madrid. Ser\u00eda un golpe moral, en eso pensamos, no en otra cosa&#8221;, ha asegurado.<\/p>\n<p>Xavi ha explicado por qu\u00e9 los choques con el Madrid son tan especiales. &#8220;Tienes la sensaci\u00f3n de estar jugando el mejor partido de la temporada. Hay una tensi\u00f3n y unos nervios diferentes a cualquier otro partido, es una sensaci\u00f3n \u00fanica de nervios y de tensi\u00f3n, un punto m\u00e1s de lo habitual&#8221;, ha reconocido.<\/p>\n<p>El barcelonista desconoce qu\u00e9 tipo de juego desplegar\u00e1 el Real Madrid y Xavi recuerda: &#8220;Han cambiado el sistema aqu\u00ed. Vamos a ver qu\u00e9 sistema har\u00e1n. Nosotros no cambiamos, saldremos a apretar y a ser protagonistas. Nuestra filosof\u00eda es invariable&#8221;.<\/p>\n<p>Del Madrid destaca &#8220;su pegada&#8221; y el hecho de que tiene &#8220;mucho gol&#8221;. Es un equipo que juega con &#8220;transiciones rap\u00eddisimas&#8221; y dispone de jugadores &#8220;fuertes f\u00edsicamente&#8221;. Adem\u00e1s, los de Mourinho &#8220;sacan provecho del bal\u00f3n parado&#8221;, se trata de un equipo &#8220;poderoso&#8221;.<\/p>\n<p>Catorce a\u00f1os despu\u00e9s de su estreno profesional, Xavi se siente &#8220;muy contento&#8221; con su carrera en un &#8220;club tan exigente&#8221; como el Bar\u00e7a.<\/p>\n<p>&#8220;He vivido grandes momentos y otros dif\u00edciles. He aprendido de unos y he disfrutado de los otros. En ning\u00fan sitio no puedo estar mejor que aqu\u00ed&#8221;, ha dicho Xavi, por lo que ha reiterado que le gustar\u00eda retirarse en el Bar\u00e7a.<\/p>\n<p>Las conversaciones sobre su renovaci\u00f3n ya se han iniciado. &#8220;Est\u00e1 el tema ah\u00ed. Mi representante Iv\u00e1n (Corretja) est\u00e1 hablando con el club, vamos a ver. Me gustar\u00eda retirarme aqu\u00ed, lo he dicho siempre, el club est\u00e1 contento y creo que no habr\u00e1 ning\u00fan problema en mi renovaci\u00f3n&#8221;, ha argumentado.<\/p>\n<p><strong><em>Sergio Ramos, centro de atenci\u00f3n en el Cl\u00e1sico tras una semana dif\u00edcil<\/em><\/strong><\/p>\n<div id=\"attachment_416214\" style=\"width: 810px\" class=\"wp-caption aligncenter\"><a href=\"https:\/\/diarioelpopular.com\/wp-content\/uploads\/2012\/10\/20121002_634847958790936103w.jpg\"><img loading=\"lazy\" decoding=\"async\" aria-describedby=\"caption-attachment-416214\" class=\"size-full wp-image-416214\" title=\"20121002_634847958790936103w\" src=\"https:\/\/diarioelpopular.com\/wp-content\/uploads\/2012\/10\/20121002_634847958790936103w.jpg\" alt=\"\" width=\"800\" height=\"513\" \/><\/a><p id=\"caption-attachment-416214\" class=\"wp-caption-text\">MADRID.- Los jugadores del Real Madrid, Sergio Ramos (d), el brasile\u00f1o Marcelo Vieira da Silva (2d) y el alem\u00e1n Sami Khedira durante el entrenamiento que el equipo ha llevado a cabo en Valdebebas.<\/p><\/div>\n<div id=\"texto\">\n<div>\n<p>Roberto Morales<\/p>\n<p><strong><em>Madrid.-<\/em><\/strong> Cuando corr\u00edan otros tiempos y los protagonistas del siempre esperado cl\u00e1sico del f\u00fatbol espa\u00f1ol conced\u00edan entrevistas, el partido de la temporada llegaba repleto de piques y cruces de declaraciones. Ahora, con el &#8216;silenzio stampa&#8217; instalado en los clubes, la atenci\u00f3n se desv\u00eda. En una semana de marejada del Real Madrid, el protagonismo se lo gan\u00f3 Sergio Ramos.<\/p>\n<p>La convivencia entre dos personas de fuerte personalidad como Ramos y Jos\u00e9 Mourinho nunca ha sido sencilla. En un primer momento la relaci\u00f3n pas\u00f3 por su etapa m\u00e1s saludable por la admiraci\u00f3n mutua. Al t\u00e9cnico le sorprend\u00eda la personalidad de un futbolista que a\u00fan no era capit\u00e1n y que ten\u00eda poder en el grupo de jugadores. Al defensa andaluz le impresionaba el curr\u00edculum repleto de \u00e9xitos del portugu\u00e9s y lo bien que hablaban de \u00e9l sus futbolistas.<\/p>\n<p>Se inici\u00f3 una relaci\u00f3n en la que Ramos siempre aprovech\u00f3 la mano tendida de Mourinho. La puerta de su despacho siempre estaba abierta para hablar y el andaluz, que va de cara, no dud\u00f3 en trasladarle al entrenador aspectos sobre su manera de actuar o sus decisiones con los que buena parte de la plantilla no ha estado de acuerdo.<\/p>\n<p>El choque de trenes era cuesti\u00f3n de tiempo. El mal inicio de temporada del Real Madrid, con derrotas ligueras en Getafe y Sevilla, obligaba a una r\u00e1pida reacci\u00f3n.<\/p>\n<p>El t\u00e9cnico madridista no se mordi\u00f3 la lengua en dos ruedas de prensa en las que arremeti\u00f3 contra los jugadores y eligi\u00f3 dos figuras para dar ejemplo al resto. En el primer partido grande de la temporada, ante el Manchester City en Liga de Campeones, Sergio Ramos y Mesut \u00d6zil fueron al banquillo. Los dos se sintieron se\u00f1alados.<\/p>\n<p>La reacci\u00f3n del central andaluz ha marcado la semana del cl\u00e1sico. Sus primeras declaraciones tras volver al once en Vallecas fueron un dardo -&#8220;En mi familia los trapos sucios se lavan dentro del vestuario&#8221;- y tuvieron continuidad tras regresar al lateral derecho ante el Deportivo de la Coru\u00f1a: &#8220;Si algo no me gusta no me voy a callar&#8221;.<\/p>\n<p>Ese d\u00eda, Ramos jug\u00f3 la segunda parte con la camiseta de \u00d6zil debajo de la suya en un gesto de amistad que se interpret\u00f3 como un desaf\u00edo al entrenador portugu\u00e9s.<\/p>\n<p>La situaci\u00f3n fue tomando un cariz peligroso hasta que los protagonistas decidieron zanjarlo. Primero fue Mourinho el que puso una nota de humor en la rueda de prensa previa al duelo europeo en Amsterdam ante el Ajax. &#8220;Mi relaci\u00f3n con mi mujer es mucho mejor que con Sergio Ramos&#8221;, brome\u00f3 cambiando la l\u00ednea de sus declaraciones.<\/p>\n<p>El segundo capit\u00e1n madridista tom\u00f3 la palabra el d\u00eda del partido, tras la charla t\u00e9cnica de Mourinho, pidi\u00f3 disculpas por si alguien se hab\u00eda sentido ofendido y explic\u00f3 las razones por las que tuvo el gesto hacia \u00d6zil. El incendio se hab\u00eda apagado. Para los dos protagonistas, por encima de todo ha estado el Real Madrid.<\/p>\n<p>Desde que lleg\u00f3 al club blanco, el defensa andaluz ha jugado todos los cl\u00e1sicos ligueros. Ramos nunca ha faltado a la cita ante el\u00a0Barcelona. En sus primeras temporadas como lateral derecho y desde hace un a\u00f1o asentado como central, en un movimiento estrat\u00e9gico de Mourinho que ayud\u00f3 a cambiar la suerte de los duelos ante el eterno enemigo.<\/p>\n<p>Los \u00faltimos acontecimientos no dejan lugar a la duda: Ramos se perfila como titular, encargado junto al portugu\u00e9s Pepe de intentar frenar al argentino Leo Messi para intentar desquitarse sobre el c\u00e9sped de todo lo ocurrido en una semana en la que los focos se han centrado en \u00e9l.<\/p>\n<\/div>\n<\/div>\n<\/div>\n<\/div>\n<\/div>\n<\/div>\n<\/div>\n<\/div>\n<\/div>\n<\/div>\n","protected":false},"excerpt":{"rendered":"<p>El Real Madrid, que venci\u00f3 la temporada pasada en el Camp Nou por 1-2, lleva casi medio siglo sin ganar dos veces seguidas en Liga en el feudo del Barcelona, al que visitar\u00e1 este domingo.<\/p>\n","protected":false},"author":1,"featured_media":416211,"comment_status":"open","ping_status":"open","sticky":false,"template":"","format":"standard","meta":{"footnotes":""},"categories":[28],"tags":[178,5122,2432],"class_list":["post-416210","post","type-post","status-publish","format-standard","has-post-thumbnail","hentry","category-deportes","tag-barcelona","tag-madird","tag-real"],"_links":{"self":[{"href":"https:\/\/diarioelpopular.com\/index.php\/wp-json\/wp\/v2\/posts\/416210","targetHints":{"allow":["GET"]}}],"collection":[{"href":"https:\/\/diarioelpopular.com\/index.php\/wp-json\/wp\/v2\/posts"}],"about":[{"href":"https:\/\/diarioelpopular.com\/index.php\/wp-json\/wp\/v2\/types\/post"}],"author":[{"embeddable":true,"href":"https:\/\/diarioelpopular.com\/index.php\/wp-json\/wp\/v2\/users\/1"}],"replies":[{"embeddable":true,"href":"https:\/\/diarioelpopular.com\/index.php\/wp-json\/wp\/v2\/comments?post=416210"}],"version-history":[{"count":0,"href":"https:\/\/diarioelpopular.com\/index.php\/wp-json\/wp\/v2\/posts\/416210\/revisions"}],"wp:featuredmedia":[{"embeddable":true,"href":"https:\/\/diarioelpopular.com\/index.php\/wp-json\/"}],"wp:attachment":[{"href":"https:\/\/diarioelpopular.com\/index.php\/wp-json\/wp\/v2\/media?parent=416210"}],"wp:term":[{"taxonomy":"category","embeddable":true,"href":"https:\/\/diarioelpopular.com\/index.php\/wp-json\/wp\/v2\/categories?post=416210"},{"taxonomy":"post_tag","embeddable":true,"href":"https:\/\/diarioelpopular.com\/index.php\/wp-json\/wp\/v2\/tags?post=416210"}],"curies":[{"name":"wp","href":"https:\/\/api.w.org\/{rel}","templated":true}]}}