{"id":416657,"date":"2012-10-10T11:11:54","date_gmt":"2012-10-10T15:11:54","guid":{"rendered":"http:\/\/diarioelpopular.com\/?p=416657"},"modified":"2012-10-10T11:11:54","modified_gmt":"2012-10-10T15:11:54","slug":"canada-se-incorpora-plenamente-al-proceso-negociador-del-tpp-del-pacifico","status":"publish","type":"post","link":"https:\/\/diarioelpopular.com\/index.php\/2012\/10\/10\/canada-se-incorpora-plenamente-al-proceso-negociador-del-tpp-del-pacifico\/","title":{"rendered":"Canad\u00e1 se incorpora plenamente al proceso negociador del TPP del Pac\u00edfico"},"content":{"rendered":"<p><a href=\"https:\/\/diarioelpopular.com\/wp-content\/uploads\/2012\/10\/web.134.jpg\"><img loading=\"lazy\" decoding=\"async\" class=\"aligncenter size-full wp-image-416660\" title=\"web.1\" src=\"https:\/\/diarioelpopular.com\/wp-content\/uploads\/2012\/10\/web.134.jpg\" alt=\"\" width=\"705\" height=\"420\" \/><\/a><strong><em>Toronto.-<\/em><\/strong> Canad\u00e1 anunci\u00f3 su incorporaci\u00f3n plena a las conversaciones para el establecimiento de la Asociaci\u00f3n Trans-Pac\u00edfico, un acuerdo comercial que est\u00e1n negociando 11 pa\u00edses de la cuenca del Pac\u00edfico incluidos los Estados Unidos, M\u00e9xico, Chile y Per\u00fa.<\/p>\n<div id=\"texto\">\n<div>\n<p>El ministro de Comercio Internacional de Canad\u00e1, Ed Fast, dijo a trav\u00e9s de un comunicado que la incorporaci\u00f3n de Canad\u00e1 al proceso negociador &#8220;representa buenas noticias&#8221; y que el pa\u00eds norteamericano est\u00e1 &#8220;satisfecho de unirse formalmente a las negociaciones del TPP&#8221;.<\/p>\n<p>La incorporaci\u00f3n de Canad\u00e1 al llamado TPP permitir\u00e1 que el pa\u00eds se siente en la mesa de la pr\u00f3xima reuni\u00f3n negociadora, a celebrar en la capital de Nueva Zelanda, Auckland, del 3 al 12 de diciembre.<\/p>\n<p>Canad\u00e1 desde\u00f1\u00f3 en un principio las negociaciones de la Asociaci\u00f3n Trans-Pac\u00edfico por el peligro que el acuerdo supondr\u00e1 a las barreras proteccionistas de las que se benefician algunos sectores de la econom\u00eda canadiense, especialmente la agricultura.<\/p>\n<p>Por ejemplo, en el caso de los productos av\u00edcolas procedentes del extranjero, Canad\u00e1 impone tarifas arancelarias de entre el 150 y el 300 por ciento.<\/p>\n<p>Pero una de las condiciones para sentarse en las negociaciones del TPP es poner todos los sectores sobre la mesa, algo que el primer ministro canadiense, Stephen Harper, se ha resistido por el peligro electoral que supone.<\/p>\n<p>Sin embargo, a medida que el proceso negociador del TPP avanz\u00f3, Canad\u00e1 empez\u00f3 a mostrar un mayor inter\u00e9s en participar en el acuerdo y en junio pasado, Harper consigui\u00f3 que los pa\u00edses del TPP le incluyesen como pa\u00eds observador.<\/p>\n<p>En caso de culminar de forma satisfactoria las negociaciones, el TPP crear\u00e1 un mercado de 658 millones de personas con un producto interior bruto combinado de 20,5 billones de d\u00f3lares.<\/p>\n<p>Canad\u00e1 record\u00f3 hoy que desde que el Partido Conservador de Harper lleg\u00f3 al poder en 2006, el gobierno canadiense ha finalizado acuerdos comerciales con seis pa\u00edses (Colombia, Honduras, Jordania, Panam\u00e1, Per\u00fa y la Asociaci\u00f3n Europea de Libre Comercio) y est\u00e1 negociando con la Uni\u00f3n Europa, India y Jap\u00f3n.<\/p>\n<\/div>\n<\/div>\n","protected":false},"excerpt":{"rendered":"<p>Canad\u00e1 anunci\u00f3 su incorporaci\u00f3n plena a las conversaciones para el establecimiento de la Asociaci\u00f3n Trans-Pac\u00edfico, un acuerdo comercial que est\u00e1n negociando 11 pa\u00edses de la cuenca del Pac\u00edfico.<\/p>\n","protected":false},"author":1,"featured_media":416660,"comment_status":"open","ping_status":"open","sticky":false,"template":"","format":"standard","meta":{"footnotes":""},"categories":[21,24],"tags":[5146,1572,5147],"class_list":["post-416657","post","type-post","status-publish","format-standard","has-post-thumbnail","hentry","category-canada","category-mundo","tag-cuenca","tag-pacifico","tag-tpp"],"_links":{"self":[{"href":"https:\/\/diarioelpopular.com\/index.php\/wp-json\/wp\/v2\/posts\/416657","targetHints":{"allow":["GET"]}}],"collection":[{"href":"https:\/\/diarioelpopular.com\/index.php\/wp-json\/wp\/v2\/posts"}],"about":[{"href":"https:\/\/diarioelpopular.com\/index.php\/wp-json\/wp\/v2\/types\/post"}],"author":[{"embeddable":true,"href":"https:\/\/diarioelpopular.com\/index.php\/wp-json\/wp\/v2\/users\/1"}],"replies":[{"embeddable":true,"href":"https:\/\/diarioelpopular.com\/index.php\/wp-json\/wp\/v2\/comments?post=416657"}],"version-history":[{"count":0,"href":"https:\/\/diarioelpopular.com\/index.php\/wp-json\/wp\/v2\/posts\/416657\/revisions"}],"wp:featuredmedia":[{"embeddable":true,"href":"https:\/\/diarioelpopular.com\/index.php\/wp-json\/"}],"wp:attachment":[{"href":"https:\/\/diarioelpopular.com\/index.php\/wp-json\/wp\/v2\/media?parent=416657"}],"wp:term":[{"taxonomy":"category","embeddable":true,"href":"https:\/\/diarioelpopular.com\/index.php\/wp-json\/wp\/v2\/categories?post=416657"},{"taxonomy":"post_tag","embeddable":true,"href":"https:\/\/diarioelpopular.com\/index.php\/wp-json\/wp\/v2\/tags?post=416657"}],"curies":[{"name":"wp","href":"https:\/\/api.w.org\/{rel}","templated":true}]}}