{"id":416881,"date":"2012-10-12T00:03:51","date_gmt":"2012-10-12T04:03:51","guid":{"rendered":"http:\/\/diarioelpopular.com\/?p=416881"},"modified":"2012-10-12T00:03:51","modified_gmt":"2012-10-12T04:03:51","slug":"comparece-en-la-corte-con-heridas-en-la-cabeza","status":"publish","type":"post","link":"https:\/\/diarioelpopular.com\/index.php\/2012\/10\/12\/comparece-en-la-corte-con-heridas-en-la-cabeza\/","title":{"rendered":"Comparece en la corte con heridas en la cabeza"},"content":{"rendered":"<div id=\"attachment_416882\" style=\"width: 710px\" class=\"wp-caption aligncenter\"><a href=\"https:\/\/diarioelpopular.com\/wp-content\/uploads\/2012\/10\/web.146.jpg\"><img loading=\"lazy\" decoding=\"async\" aria-describedby=\"caption-attachment-416882\" class=\"size-full wp-image-416882\" title=\"web.1\" src=\"https:\/\/diarioelpopular.com\/wp-content\/uploads\/2012\/10\/web.146.jpg\" alt=\"\" width=\"700\" height=\"420\" \/><\/a><p id=\"caption-attachment-416882\" class=\"wp-caption-text\">Richard Henry Bain, de 50 a\u00f1os, en el momento de ser detenido tras disparar contra dos personas y matando a una el pasado 4 de septiembre<\/p><\/div>\n<p><strong><em>MONTREAL.-<\/em><\/strong> El hombre que abri\u00f3 fuego durante el mitin pol\u00edtico con el que el Parti Quebecois celebr\u00f3 la victoria de las pasadas elecciones, se present\u00f3 hoy jueves ante el tribunal con dos heridas sangrantes en la cabeza.<\/p>\n<p>Richard Henry Bain lleg\u00f3 a la corte de Montreal con un par de rasgu\u00f1os en el cuero cabelludo, uno del tama\u00f1o de un d\u00f3lar canadiense, el otro tan grande como una moneda.<\/p>\n<p>Bain le dijo a su abogada, lo bastante alto para que toda la sala de audiencias lo pudiese o\u00edr, que hab\u00eda sido &#8220;empujado&#8221; por un guardia durante su detenci\u00f3n. Su abogado pedir\u00e1 una investigaci\u00f3n sobre lo sucedido.<\/p>\n<p>La pr\u00f3xima fecha en la que Bain debe comparecer ante la corte es el 7 de diciembre.<\/p>\n<p>El acusado se enfrenta a 16 cargos, incluyendo asesinato en primer grado, tres cargos de intento de asesinato, incendio provocado, y una serie de cargos de armas derivados del incidente del pasado 4 de septiembre incidente en el que dos personas fueron disparadas y una result\u00f3 muerta.<\/p>\n<p>Los amigos de la v\u00edctima, el t\u00e9cnico de escenario Denis Blanchette, estaban sentados en frente de la sala y no dijeron una palabra durante el procedimiento.<\/p>\n<p>Durante la audiencia, las evidencias contra Bain fueron proporcionadas en ingl\u00e9s a su abogada.<\/p>\n<p>La evidencia para ser usada contra Bain incluir\u00e1 la grabaci\u00f3n del audio de una entrevista que concedi\u00f3 a una emisora online de Quebec el pasado mes, en la que comparti\u00f3 opiniones pol\u00edticas, como su creencia de que Montreal deber\u00eda ser un pa\u00eds independiente.<\/p>\n<p>El pasado 4 de septiembre, Bain, de 50 a\u00f1os, abri\u00f3 fuego dentro del local de Montreal donde Marois celebraba con centenares de seguidores su victoria electoral.<\/p>\n<p>La polic\u00eda inform\u00f3 de que, antes de ser detenido, el individuo provoc\u00f3 un incendio en la parte trasera del local.<\/p>\n<p>La l\u00edder del PQ, que tras su victoria se converti\u00f3 en la primera mujer en la historia de Qu\u00e9bec en dirigir el Ejecutivo de la provincia, sali\u00f3 ilesa del incidente, a\u00f1adi\u00f3 la Polic\u00eda.<\/p>\n<p>El incidente se inici\u00f3 cuando el discurso de victoria de Marois fue interrumpido repentinamente por su servicio de seguridad.<\/p>\n<p>Marois acababa de proclamar &#8220;queremos un pa\u00eds&#8221; ante centenares de seguidores del Partido Quebequ\u00e9s en un local de Montreal cuando dos miembros de su equipo de seguridad saltaron al escenario y retiraron a toda velocidad a la futura primera ministra de Qu\u00e9bec.<\/p>\n<p>Poco despu\u00e9s, Marois volvi\u00f3 aparecer en el escenario del local donde el PQ celebraba su victoria electoral y solicit\u00f3 a todos los presentes que evacuaran con tranquilidad el lugar.<\/p>\n<p>Minutos despu\u00e9s, im\u00e1genes de televisi\u00f3n mostraron a varios agentes de polic\u00eda deteniendo a un individuo y un fuego en la puerta trasera del local donde se celebraba la reuni\u00f3n del PQ. Las im\u00e1genes tambi\u00e9n mostraron a un agente de polic\u00eda recogiendo del suelo un rifle.<\/p>\n<p>La Polic\u00eda de Montreal confirm\u00f3 a trav\u00e9s de su cuenta de Twitter la detenci\u00f3n de una persona y que dos personas hab\u00edan resultado heridas. La televisi\u00f3n p\u00fablica canadiense CBC dijo que el individuo arrestado grit\u00f3 en franc\u00e9s &#8220;los anglos est\u00e1n despertando&#8221;.<\/p>\n<p>Uno de los principales temas de la campa\u00f1a electoral de Qu\u00e9bec ha sido la posibilidad de que una victoria del Partido Quebequ\u00e9s en las elecciones abra la puerta para la convocatoria de un tercer referendo separatista, tras los celebrados en 1980 y 1995.<\/p>\n","protected":false},"excerpt":{"rendered":"<p>Richard Henry Bain le dijo a su abogada, lo bastante alto para que toda la sala de audiencias lo pudiese o\u00edr, que hab\u00eda sido &#8220;empujado&#8221; por un guardia durante su detenci\u00f3n, hiri\u00e9ndole en la cabeza<\/p>\n","protected":false},"author":1,"featured_media":416882,"comment_status":"open","ping_status":"open","sticky":false,"template":"","format":"standard","meta":{"footnotes":""},"categories":[21],"tags":[3581,2939,3837,2794,400,5173,5174],"class_list":["post-416881","post","type-post","status-publish","format-standard","has-post-thumbnail","hentry","category-canada","tag-comparece","tag-corte","tag-disparos","tag-hombre","tag-montreal","tag-party","tag-quebecois"],"_links":{"self":[{"href":"https:\/\/diarioelpopular.com\/index.php\/wp-json\/wp\/v2\/posts\/416881","targetHints":{"allow":["GET"]}}],"collection":[{"href":"https:\/\/diarioelpopular.com\/index.php\/wp-json\/wp\/v2\/posts"}],"about":[{"href":"https:\/\/diarioelpopular.com\/index.php\/wp-json\/wp\/v2\/types\/post"}],"author":[{"embeddable":true,"href":"https:\/\/diarioelpopular.com\/index.php\/wp-json\/wp\/v2\/users\/1"}],"replies":[{"embeddable":true,"href":"https:\/\/diarioelpopular.com\/index.php\/wp-json\/wp\/v2\/comments?post=416881"}],"version-history":[{"count":0,"href":"https:\/\/diarioelpopular.com\/index.php\/wp-json\/wp\/v2\/posts\/416881\/revisions"}],"wp:featuredmedia":[{"embeddable":true,"href":"https:\/\/diarioelpopular.com\/index.php\/wp-json\/"}],"wp:attachment":[{"href":"https:\/\/diarioelpopular.com\/index.php\/wp-json\/wp\/v2\/media?parent=416881"}],"wp:term":[{"taxonomy":"category","embeddable":true,"href":"https:\/\/diarioelpopular.com\/index.php\/wp-json\/wp\/v2\/categories?post=416881"},{"taxonomy":"post_tag","embeddable":true,"href":"https:\/\/diarioelpopular.com\/index.php\/wp-json\/wp\/v2\/tags?post=416881"}],"curies":[{"name":"wp","href":"https:\/\/api.w.org\/{rel}","templated":true}]}}