{"id":416939,"date":"2012-10-12T12:43:21","date_gmt":"2012-10-12T16:43:21","guid":{"rendered":"http:\/\/diarioelpopular.com\/?p=416939"},"modified":"2012-10-12T12:43:21","modified_gmt":"2012-10-12T16:43:21","slug":"festival-de-cine-medioambiental-planet-in-focus-se-fija-en-latinoamerica","status":"publish","type":"post","link":"https:\/\/diarioelpopular.com\/index.php\/2012\/10\/12\/festival-de-cine-medioambiental-planet-in-focus-se-fija-en-latinoamerica\/","title":{"rendered":"Festival de cine medioambiental &#8220;Planet in Focus&#8221; se fija en Latinoam\u00e9rica"},"content":{"rendered":"<p><a href=\"https:\/\/diarioelpopular.com\/wp-content\/uploads\/2012\/10\/web.149.jpg\"><img loading=\"lazy\" decoding=\"async\" class=\"aligncenter size-full wp-image-416940\" title=\"web.1\" src=\"https:\/\/diarioelpopular.com\/wp-content\/uploads\/2012\/10\/web.149.jpg\" alt=\"\" width=\"705\" height=\"420\" \/><\/a><strong><em>Toronto.-<\/em><\/strong> La XIII edici\u00f3n de &#8220;Planet in Focus&#8221;, el mayor festival de cine medioambiental de Canad\u00e1, que inici\u00f3 en Toronto, exhibe este a\u00f1o cuatro largometrajes centrados en Latinoam\u00e9rica.<\/p>\n<div id=\"texto\">\n<div>\n<p>El festival comenz\u00f3 con el estreno mundial de &#8220;Lost Rivers&#8221;, dirigido por Caroline Bacle, y se cerrar\u00e1 el pr\u00f3ximo 14 de octubre con la proyecci\u00f3n de &#8220;Chasing Ice&#8221;, del director Jeff Orlowski, y que se centra en el renombrado fot\u00f3grafo de National Geographic, James Balog.<\/p>\n<p>Durante los cinco d\u00edas que durar\u00e1 &#8220;Planet in Focus&#8221;, se proyectar\u00e1n 31 largometrajes y 32 cortos de todo el mundo, entre ellos siete estrenos mundiales y dos estrenos norteamericanos.<\/p>\n<p>De entre estas pel\u00edculas, cuatro est\u00e1n centradas en Latinoam\u00e9rica.<\/p>\n<p>&#8220;Cerro rico, tierra rica&#8221;, de Juan Vallejo, ofrece una particular mirada de dos comunidades del Altiplano boliviano dedicadas a la miner\u00eda.<\/p>\n<p>&#8220;Can\u00edcula&#8221;, del mexicano Jos\u00e9 \u00c1lvarez, quien estar\u00e1 presente en el festival, refleja la vida de la comunidad de Zapotal-Santa Cruz, durante el verano. El film gan\u00f3 el premio FIPRESCI al Mejor Film Internacional en el Festival Documental de Tesal\u00f3nica, as\u00ed como el Premio Signis, del Festival de Cine Latinoam\u00e9rica de Toulouse.<\/p>\n<p>&#8220;Raising Resistance&#8221;, dirigido por Bettina Borgfeld y David Bernet, presta atenci\u00f3n a la creciente industria de la soja en Paraguay, lo que est\u00e1 afectando a la vida de los campesinos m\u00e1s humildes del pa\u00eds.<\/p>\n<p>Finalmente, &#8220;Heart of the Sky, Heart of the Earth&#8221;, de Frauke Sandig y Eric Black, estudia el d\u00eda a d\u00eda de seis comunidades mayas en Guatemala y Chiapas.<\/p>\n<\/div>\n<\/div>\n","protected":false},"excerpt":{"rendered":"<p>La XIII edici\u00f3n de &#8220;Planet in Focus&#8221;, el mayor festival de cine medioambiental de Canad\u00e1, que inici\u00f3 en Toronto, exhibe este a\u00f1o cuatro largometrajes centrados en Latinoam\u00e9rica.<\/p>\n","protected":false},"author":1,"featured_media":416940,"comment_status":"open","ping_status":"open","sticky":false,"template":"","format":"standard","meta":{"footnotes":""},"categories":[21,80],"tags":[2202,5197,5198,5199,5200,5201],"class_list":["post-416939","post","type-post","status-publish","format-standard","has-post-thumbnail","hentry","category-canada","category-cine-2","tag-cine-3","tag-focus","tag-in","tag-lost","tag-plante","tag-river"],"_links":{"self":[{"href":"https:\/\/diarioelpopular.com\/index.php\/wp-json\/wp\/v2\/posts\/416939","targetHints":{"allow":["GET"]}}],"collection":[{"href":"https:\/\/diarioelpopular.com\/index.php\/wp-json\/wp\/v2\/posts"}],"about":[{"href":"https:\/\/diarioelpopular.com\/index.php\/wp-json\/wp\/v2\/types\/post"}],"author":[{"embeddable":true,"href":"https:\/\/diarioelpopular.com\/index.php\/wp-json\/wp\/v2\/users\/1"}],"replies":[{"embeddable":true,"href":"https:\/\/diarioelpopular.com\/index.php\/wp-json\/wp\/v2\/comments?post=416939"}],"version-history":[{"count":0,"href":"https:\/\/diarioelpopular.com\/index.php\/wp-json\/wp\/v2\/posts\/416939\/revisions"}],"wp:featuredmedia":[{"embeddable":true,"href":"https:\/\/diarioelpopular.com\/index.php\/wp-json\/"}],"wp:attachment":[{"href":"https:\/\/diarioelpopular.com\/index.php\/wp-json\/wp\/v2\/media?parent=416939"}],"wp:term":[{"taxonomy":"category","embeddable":true,"href":"https:\/\/diarioelpopular.com\/index.php\/wp-json\/wp\/v2\/categories?post=416939"},{"taxonomy":"post_tag","embeddable":true,"href":"https:\/\/diarioelpopular.com\/index.php\/wp-json\/wp\/v2\/tags?post=416939"}],"curies":[{"name":"wp","href":"https:\/\/api.w.org\/{rel}","templated":true}]}}