{"id":416943,"date":"2012-10-12T12:56:08","date_gmt":"2012-10-12T16:56:08","guid":{"rendered":"http:\/\/diarioelpopular.com\/?p=416943"},"modified":"2012-10-12T12:56:08","modified_gmt":"2012-10-12T16:56:08","slug":"el-fmi-advierte-de-los-desafios-regionales-por-el-frenazo-economico-global","status":"publish","type":"post","link":"https:\/\/diarioelpopular.com\/index.php\/2012\/10\/12\/el-fmi-advierte-de-los-desafios-regionales-por-el-frenazo-economico-global\/","title":{"rendered":"El FMI advierte de los desaf\u00edos regionales por el frenazo econ\u00f3mico global"},"content":{"rendered":"<div id=\"attachment_416944\" style=\"width: 810px\" class=\"wp-caption aligncenter\"><a href=\"https:\/\/diarioelpopular.com\/wp-content\/uploads\/2012\/10\/20121012_634856536224408648w.jpg\"><img loading=\"lazy\" decoding=\"async\" aria-describedby=\"caption-attachment-416944\" class=\"size-full wp-image-416944\" title=\"20121012_634856536224408648w\" src=\"https:\/\/diarioelpopular.com\/wp-content\/uploads\/2012\/10\/20121012_634856536224408648w.jpg\" alt=\"\" width=\"800\" height=\"563\" \/><\/a><p id=\"caption-attachment-416944\" class=\"wp-caption-text\">TOKIO (JAP\u00d3N).- El ministro surcoreano de Finanzas, Bahk Jae Wan (i), y el secretario del Tesoro de EEUU, Timothy Geithner, durante una reuni\u00f3n de alto nivel sobre el Programa Global para la Agricultura y la Seguridad Alimentaria, en el marco de la asamblea anual del Fondo Monetario Internacional (FMI) y del Banco Mundial (BM) en Tokio, Jap\u00f3n, este 12 de octubre.<\/p><\/div>\n<p>Maribel Izcue<\/p>\n<div id=\"texto\">\n<div>\n<p><strong><em>Tokio.-<\/em><\/strong> El Fondo Monetario Internacional (FMI) advirti\u00f3 este viernes de que el frenazo econ\u00f3mico salpica a todas las regiones y abre nuevos desaf\u00edos en zonas como Latinoam\u00e9rica y el Caribe, que vio una desaceleraci\u00f3n de su crecimiento en el primer semestre hasta menos del 3 por ciento.<\/p>\n<p>El FMI present\u00f3 hoy en Tokio sus an\u00e1lisis econ\u00f3micos por regiones en el marco de su asamblea anual con el BM, en la que la crisis en la eurozona, la incertidumbre en Estados Unidos y su impacto en los emergentes centran la mayor parte de los debates.<\/p>\n<p>El discurso del Fondo en relaci\u00f3n a Europa pone acento en restar peso a las metas &#8220;nominales&#8221; y dar el tiempo necesario a que los mecanismos estabilizadores lleven a cabo su funci\u00f3n en las econom\u00edas con problemas.<\/p>\n<p>Pero, sobre todo, reconoce que la situaci\u00f3n es alarmante y ha hecho mella en la demanda mundial, lo que ya se ha dejado sentir este a\u00f1o en las diversas regiones y planea sobre sus resultados anuales, seg\u00fan reflejan los informes publicados hoy.<\/p>\n<p>Am\u00e9rica Latina y el Caribe, afectada en parte por la ca\u00edda de las exportaciones pero tambi\u00e9n por el impacto del endurecimiento de pol\u00edticas aplicadas previamente, crecer\u00e1 en 2012 un 3,2 por ciento, un 0,6 por ciento menos de lo proyectado en abril, estima el FMI.<\/p>\n<p>Los vientos en contra tambi\u00e9n est\u00e1n suponiendo un creciente lastre para Asia Pac\u00edfico, que hab\u00eda mantenido un s\u00f3lido ritmo incluso tras el estallido de la crisis en 2008 pero que en los seis primeros meses del a\u00f1o creci\u00f3 un 5,5 por ciento, su ritmo m\u00e1s bajo de los \u00faltimos cuatro a\u00f1os.<\/p>\n<p>Su ralentizaci\u00f3n contagia a su vez a otras zonas, y en este sentido el Fondo advirti\u00f3 a Am\u00e9rica Latina de las consecuencias de un eventual aterrizaje m\u00e1s brusco en China, segunda econom\u00eda mundial ya que podr\u00eda constre\u00f1ir la demanda externa y afectar tambi\u00e9n a los precios de las materias primas.<\/p>\n<p>Las perspectivas del FMI toman muy en cuenta los riesgos que emanan del problema de la deuda en Europa y la amenaza del precipicio fiscal al que se avecina Estados Unidos si antes de fin de a\u00f1o no se prorrogan las rebajas impositivas y se evita activar los recortes autom\u00e1ticos en el gasto.<\/p>\n<p>As\u00ed, advierte de que si ello causa un nuevo deterioro de las condiciones financieras globales, existe el riesgo de efectos indirectos sobre los precios de las materias primas.<\/p>\n<p>El organismo tambi\u00e9n ha tenido en cuenta la &#8220;fuerte presencia&#8221; de bancos espa\u00f1oles en Am\u00e9rica Latina, que a su juicio plantea riesgos de desinversiones en el caso de un &#8220;evento extremo&#8221;, aunque por ahora, a juicio del FMI, &#8220;parecen estar contenidos&#8221; gracias al modelo de filiales y las estrictas regulaciones.<\/p>\n<p>Brasil, Chile, Colombia, M\u00e9xico, Per\u00fa y Uruguay, econom\u00edas integradas a los mercados financieros, han moderado su crecimiento en un contexto de debilidad de las exportaciones y tambi\u00e9n de la demanda interna.<\/p>\n<p>Si bien las desaceleraci\u00f3n fue &#8220;particularmente fuerte&#8221; en Brasil por el impacto de las pol\u00edticas adoptadas en 2011 para controlar la demanda, M\u00e9xico, por ejemplo, se ha beneficiado de la recuperaci\u00f3n relativamente s\u00f3lida de la actividad manufacturera en EEUU.<\/p>\n<p>Para la regi\u00f3n de Am\u00e9rica Central, Panam\u00e1 y Rep\u00fablica Dominicana, el FMI destaca las tasas &#8220;relativamente saludables&#8221; de crecimiento, aunque da prioridad a la reducci\u00f3n de la deuda y &#8220;la recomposici\u00f3n del espacio fiscal&#8221;.<\/p>\n<p>Desde el inicio de la crisis, el Fondo ha comprometido 540.000 millones de d\u00f3lares y desembolsado 157.000 millones en 126 programas de desarrollo &#8220;para ayudar a todo tipo de pa\u00edses con todo tipo de problemas&#8221;, record\u00f3 hoy su titular, Christine Lagarde, que insisti\u00f3 en la necesidad de crear un FMI que &#8220;represente al mundo&#8221;.<\/p>\n<p>En este sentido, los emergentes miran de cerca la evoluci\u00f3n de la reforma en el seno del organismo, aprobada en 2010 pero que todav\u00eda necesita alcanzar el 85 por ciento de los votos necesarios para que se aplique, algo que ya est\u00e1 descartado suceda en esta reuni\u00f3n.<\/p>\n<p>Una vez suceda, EEUU seguir\u00eda manteniendo la principal cuota y Jap\u00f3n la segunda mayor, pero China pasar\u00eda a ocupar la tercera posici\u00f3n en lugar de la sexta y otros, como Brasil o la India, se situar\u00edan entre los diez primeros.<\/p>\n<\/div>\n<\/div>\n","protected":false},"excerpt":{"rendered":"<p>El Fondo Monetario Internacional (FMI) advirti\u00f3 este viernes de que el frenazo econ\u00f3mico salpica a todas las regiones.<\/p>\n","protected":false},"author":1,"featured_media":416944,"comment_status":"open","ping_status":"open","sticky":false,"template":"","format":"standard","meta":{"footnotes":""},"categories":[24],"tags":[4987,1057,5202,3647,1050,5203,5204,5205,744],"class_list":["post-416943","post","type-post","status-publish","format-standard","has-post-thumbnail","hentry","category-mundo","tag-advertencia","tag-crecimiento","tag-desafkio","tag-economico","tag-fmi","tag-frenazo","tag-global","tag-imf","tag-japon"],"_links":{"self":[{"href":"https:\/\/diarioelpopular.com\/index.php\/wp-json\/wp\/v2\/posts\/416943","targetHints":{"allow":["GET"]}}],"collection":[{"href":"https:\/\/diarioelpopular.com\/index.php\/wp-json\/wp\/v2\/posts"}],"about":[{"href":"https:\/\/diarioelpopular.com\/index.php\/wp-json\/wp\/v2\/types\/post"}],"author":[{"embeddable":true,"href":"https:\/\/diarioelpopular.com\/index.php\/wp-json\/wp\/v2\/users\/1"}],"replies":[{"embeddable":true,"href":"https:\/\/diarioelpopular.com\/index.php\/wp-json\/wp\/v2\/comments?post=416943"}],"version-history":[{"count":0,"href":"https:\/\/diarioelpopular.com\/index.php\/wp-json\/wp\/v2\/posts\/416943\/revisions"}],"wp:featuredmedia":[{"embeddable":true,"href":"https:\/\/diarioelpopular.com\/index.php\/wp-json\/"}],"wp:attachment":[{"href":"https:\/\/diarioelpopular.com\/index.php\/wp-json\/wp\/v2\/media?parent=416943"}],"wp:term":[{"taxonomy":"category","embeddable":true,"href":"https:\/\/diarioelpopular.com\/index.php\/wp-json\/wp\/v2\/categories?post=416943"},{"taxonomy":"post_tag","embeddable":true,"href":"https:\/\/diarioelpopular.com\/index.php\/wp-json\/wp\/v2\/tags?post=416943"}],"curies":[{"name":"wp","href":"https:\/\/api.w.org\/{rel}","templated":true}]}}