{"id":416947,"date":"2012-10-12T13:08:16","date_gmt":"2012-10-12T17:08:16","guid":{"rendered":"http:\/\/diarioelpopular.com\/?p=416947"},"modified":"2012-10-12T13:08:16","modified_gmt":"2012-10-12T17:08:16","slug":"el-grito-de-oswaldo-guayasamin-pintor-rebelde-de-iberoamerica","status":"publish","type":"post","link":"https:\/\/diarioelpopular.com\/index.php\/2012\/10\/12\/el-grito-de-oswaldo-guayasamin-pintor-rebelde-de-iberoamerica\/","title":{"rendered":"El grito de Oswaldo Guayasam\u00edn, pintor rebelde de Iberoam\u00e9rica"},"content":{"rendered":"<div id=\"attachment_416948\" style=\"width: 810px\" class=\"wp-caption aligncenter\"><a href=\"https:\/\/diarioelpopular.com\/wp-content\/uploads\/2012\/10\/20121012_634856600834856028w.jpg\"><img loading=\"lazy\" decoding=\"async\" aria-describedby=\"caption-attachment-416948\" class=\"size-full wp-image-416948\" title=\"20121012_634856600834856028w\" src=\"https:\/\/diarioelpopular.com\/wp-content\/uploads\/2012\/10\/20121012_634856600834856028w.jpg\" alt=\"\" width=\"800\" height=\"545\" \/><\/a><p id=\"caption-attachment-416948\" class=\"wp-caption-text\">C\u00c1DIZ,.- Aspecto de la exposici\u00f3n &quot;El tiempo que me ha tocado vivir&quot;, inaugurada en C\u00e1diz y dedicada al pintor ecuatoriano Oswaldo Guayasam\u00edn, el pintor rebelde de Iberoam\u00e9rica, quien trece a\u00f1os despu\u00e9s de su muerte ve cumplido su sue\u00f1o: su obra, un descarnado grito contra la injusticia, llega a C\u00e1diz para convertirse en un canto a la integraci\u00f3n durante la pr\u00f3xima Cumbre Iberoamericana de Jefes de Estado y de Gobierno; durante seis meses, el Castillo de Santa Catalina de la ciudad andaluza ofrece una retrospectiva de uno de los mayores protagonistas de la vanguardia art\u00edstico-intelectual de Iberoam\u00e9rica del siglo XX.<\/p><\/div>\n<p>Isabel Laguna<\/p>\n<div id=\"texto\">\n<div>\n<p><strong><em>C\u00e1diz (Espa\u00f1a).-\u00a0<\/em><\/strong>Trece a\u00f1os despu\u00e9s de su muerte, Oswaldo Guayasam\u00edn, el pintor rebelde de Iberoam\u00e9rica, ve cumplido su sue\u00f1o: su obra, un descarnado grito contra la injusticia, llega a C\u00e1diz (sur de Espa\u00f1a) para convertirse en un canto a la integraci\u00f3n durante la pr\u00f3xima Cumbre Iberoamericana de Jefes de Estado y de Gobierno.<\/p>\n<div id=\"attachment_416950\" style=\"width: 810px\" class=\"wp-caption aligncenter\"><a href=\"https:\/\/diarioelpopular.com\/wp-content\/uploads\/2012\/10\/20121012_634856592346116028w.jpg\"><img loading=\"lazy\" decoding=\"async\" aria-describedby=\"caption-attachment-416950\" class=\"size-full wp-image-416950\" title=\"20121012_634856592346116028w\" src=\"https:\/\/diarioelpopular.com\/wp-content\/uploads\/2012\/10\/20121012_634856592346116028w.jpg\" alt=\"\" width=\"800\" height=\"506\" \/><\/a><p id=\"caption-attachment-416950\" class=\"wp-caption-text\">Aspecto de la exposici\u00f3n &quot;El tiempo que me ha tocado vivir&quot;, inaugurada en C\u00e1diz y dedicada al pintor ecuatoriano Oswaldo Guayasam\u00edn.<\/p><\/div>\n<p>&#8220;El tiempo que me ha tocado vivir&#8221;, una de las frases insignia de este artista ecuatoriano que dec\u00eda que hab\u00eda vivido m\u00e1s de 3.000 a\u00f1os a trav\u00e9s de las tristezas y alegr\u00edas de los pueblos ind\u00edgenas, es el t\u00edtulo de la muestra que a partir de este viernes, y durante seis meses, ofrece una retrospectiva de uno de los mayores protagonistas de la vanguardia art\u00edstico-intelectual de Iberoam\u00e9rica del siglo XX.<\/p>\n<p>El Castillo de Santa Catalina de C\u00e1diz acoge esta muestra que integra cincuenta obras y treinta dibujos originales de Guayasam\u00edn (Quito, Ecuador 1919 &#8211; Baltimore, EEUU, 1999), junto a cerca de 145 piezas de arte prehisp\u00e1nico y cuarenta de arte colonial que &#8220;el pintor de Iberoam\u00e9rica&#8221; coleccion\u00f3.<\/p>\n<p>&#8220;Hemos tra\u00eddo siete mil kilos de peso para esta exposici\u00f3n, ha sido un esfuerzo inmenso, pero estamos muy agradecidos porque vemos un sue\u00f1o de Guayasam\u00edn hecho realidad&#8221;, explic\u00f3 su nieto Pablo Guayasam\u00edn, director ejecutivo de la fundaci\u00f3n que se ocupa de conservar el legado art\u00edstico &#8220;y moral&#8221; del pintor.<\/p>\n<p>Un legado que se convertir\u00e1 en uno de los actos culturales principales que C\u00e1diz vivir\u00e1 este a\u00f1o, cuando celebra el bicentenario de la promulgaci\u00f3n de la Constituci\u00f3n de 1812, que asent\u00f3 las semillas de la democracia e inspir\u00f3 numerosos movimientos de independencia en Am\u00e9rica, un hito que har\u00e1 que los pr\u00f3ximos 16 y 17 de noviembre la XXII Cumbre Iberoamericana de Jefes de Estado y de Gobierno se celebre en la ciudad, que, adem\u00e1s, es Capital Iberoamericana de la Cultura.<\/p>\n<p>Guayasam\u00edn fue nombrado precisamente &#8220;Pintor de Iberoam\u00e9rica&#8221; en la Cumbre de Jefes de Estado y de Gobierno de Iberoam\u00e9rica que se celebr\u00f3 en 1999, un reconocimiento a un artista que comenz\u00f3 a pintar a los 7 a\u00f1os, cuando ya vend\u00eda dibujos a los turistas, y recorri\u00f3 una prolija trayectoria en la que caben desde retratos del rey Juan Carlos o de Fidel Castro hasta grandes murales como los que hay en el aeropuerto de Madrid o en la Sede de la Unesco en Par\u00eds.<\/p>\n<p>A C\u00e1diz llega &#8220;una visi\u00f3n amplia&#8221; de la evoluci\u00f3n de este artista que cre\u00f3 grandes series como &#8220;La edad de la ira&#8221;, en las que todo para \u00e9l era gris, blanco y negro, o como &#8220;La edad de la ternura&#8221;, en la que llen\u00f3 de vivos colores sus cuadros.<\/p>\n<p>La exposici\u00f3n tiene obras de &#8220;La serie de las manos&#8221;, en la que se ayuda de estas para contar la historia de Iberoam\u00e9rica, en unas piezas que, seg\u00fan el nieto del artista, ser\u00e1 la \u00faltima vez que salgan de Ecuador.<\/p>\n<p>Tambi\u00e9n cuadros de &#8220;La serie del pent\u00e1gono&#8221; en los que re\u00fane retratos ficticios de personajes que seg\u00fan \u00e9l hab\u00edan sido nefastos para la historia (un militar, un religioso manipulador o un pol\u00edtico sin escr\u00fapulos, entre ellos), y de la serie &#8220;Mujeres llorando&#8221;, que pint\u00f3 nada m\u00e1s acabar la Guerra Civil espa\u00f1ola y en la que convirti\u00f3 en ata\u00fades los cuerpos de madres.<\/p>\n<p>Obras de su pintura indigenista, un retrato de Paco de Luc\u00eda, un autorretrato y obras de flores y paisajes completan una exposici\u00f3n a la que se han incorporado tambi\u00e9n sus dibujos para mostrar el proceso creativo de Guayasam\u00edn.<\/p>\n<p>&#8220;Frente a un lienzo se transformaba. Ten\u00eda dos personalidades, una humana, en la que era absolutamente cari\u00f1oso, emotivo y solidario, y la art\u00edstica. Cuando se pon\u00eda a trabajar parec\u00eda que se estaba acabando el mundo, era como un trol, se encerraba con la m\u00fasica cl\u00e1sica a tope desde las siete de la ma\u00f1ana a la noche&#8221;, cont\u00f3 su nieto.<\/p>\n<p>Siempre irreverente, Guayasamil, cuyo nombre en quechua significa &#8220;Ave blanca volando&#8221;, era hijo de un padre indio que le castigaba para que no pintara, algo que hizo que desde sus inicios se dedicara a retratar el sufrimiento de los pueblos, para lo que incluso visit\u00f3 campos de concentraci\u00f3n o Hiroshima.<\/p>\n<p>Guayasam\u00edn, candidato para el premio Pr\u00edncipe de Asturias de Artes Pl\u00e1sticas 1990 y 1995, falleci\u00f3 de un paro cardiaco en la recepci\u00f3n de un hotel.<\/p>\n<p>El artista, que cre\u00eda que la muerte solo era un paso por el que el esp\u00edritu se dilu\u00eda, se march\u00f3 sin cumplir su mayor sue\u00f1o, la culminaci\u00f3n de la Capilla del Hombre, una monumental obra de 3.600 metros cuadrados en la que dise\u00f1\u00f3 un homenaje a los hombres y las mujeres de Am\u00e9rica, y que finalmente fue inaugurado en 2002.<\/p>\n<div id=\"attachment_416949\" style=\"width: 710px\" class=\"wp-caption aligncenter\"><a href=\"https:\/\/diarioelpopular.com\/wp-content\/uploads\/2012\/10\/20121012_634856608812852028w.jpg\"><img loading=\"lazy\" decoding=\"async\" aria-describedby=\"caption-attachment-416949\" class=\"size-full wp-image-416949\" title=\"20121012_634856608812852028w\" src=\"https:\/\/diarioelpopular.com\/wp-content\/uploads\/2012\/10\/20121012_634856608812852028w.jpg\" alt=\"\" width=\"700\" height=\"949\" \/><\/a><p id=\"caption-attachment-416949\" class=\"wp-caption-text\">C\u00c1DIZ,.- Un hombre contempla el &quot;Retrato de Atahualpa Yupanqui. 1974&quot;, obra de Oswaldo Guayasam\u00edn que forma parte de la exposici\u00f3n &quot;El tiempo que me ha tocado vivir&quot;.<\/p><\/div>\n<\/div>\n<\/div>\n","protected":false},"excerpt":{"rendered":"<p> Trece a\u00f1os despu\u00e9s de su muerte, Oswaldo Guayasam\u00edn, el pintor rebelde de Iberoam\u00e9rica, ve cumplido su sue\u00f1o: su obra, un descarnado grito contra la injusticia.<\/p>\n","protected":false},"author":1,"featured_media":416948,"comment_status":"open","ping_status":"open","sticky":false,"template":"","format":"standard","meta":{"footnotes":""},"categories":[23,24],"tags":[2680,5206,308,5207,444,1966,3673,5208,5209],"class_list":["post-416947","post","type-post","status-publish","format-standard","has-post-thumbnail","hentry","category-latinoamerica","category-mundo","tag-arte","tag-cadiz","tag-ecuador","tag-ecuatoriano","tag-espana","tag-exposicion","tag-guayasamin","tag-oswaldo","tag-pintor"],"_links":{"self":[{"href":"https:\/\/diarioelpopular.com\/index.php\/wp-json\/wp\/v2\/posts\/416947","targetHints":{"allow":["GET"]}}],"collection":[{"href":"https:\/\/diarioelpopular.com\/index.php\/wp-json\/wp\/v2\/posts"}],"about":[{"href":"https:\/\/diarioelpopular.com\/index.php\/wp-json\/wp\/v2\/types\/post"}],"author":[{"embeddable":true,"href":"https:\/\/diarioelpopular.com\/index.php\/wp-json\/wp\/v2\/users\/1"}],"replies":[{"embeddable":true,"href":"https:\/\/diarioelpopular.com\/index.php\/wp-json\/wp\/v2\/comments?post=416947"}],"version-history":[{"count":0,"href":"https:\/\/diarioelpopular.com\/index.php\/wp-json\/wp\/v2\/posts\/416947\/revisions"}],"wp:featuredmedia":[{"embeddable":true,"href":"https:\/\/diarioelpopular.com\/index.php\/wp-json\/"}],"wp:attachment":[{"href":"https:\/\/diarioelpopular.com\/index.php\/wp-json\/wp\/v2\/media?parent=416947"}],"wp:term":[{"taxonomy":"category","embeddable":true,"href":"https:\/\/diarioelpopular.com\/index.php\/wp-json\/wp\/v2\/categories?post=416947"},{"taxonomy":"post_tag","embeddable":true,"href":"https:\/\/diarioelpopular.com\/index.php\/wp-json\/wp\/v2\/tags?post=416947"}],"curies":[{"name":"wp","href":"https:\/\/api.w.org\/{rel}","templated":true}]}}