{"id":416954,"date":"2012-10-12T22:25:20","date_gmt":"2012-10-13T02:25:20","guid":{"rendered":"http:\/\/diarioelpopular.com\/?p=416954"},"modified":"2012-10-12T22:25:20","modified_gmt":"2012-10-13T02:25:20","slug":"falcao-mi-pierna-derecha-ya-esta-celosa-por-los-goles-de-la-izquierda","status":"publish","type":"post","link":"https:\/\/diarioelpopular.com\/index.php\/2012\/10\/12\/falcao-mi-pierna-derecha-ya-esta-celosa-por-los-goles-de-la-izquierda\/","title":{"rendered":"Falcao: &#8220;Mi pierna derecha ya est\u00e1 celosa por los goles de la izquierda&#8221;"},"content":{"rendered":"<div id=\"attachment_416955\" style=\"width: 810px\" class=\"wp-caption aligncenter\"><a href=\"https:\/\/diarioelpopular.com\/wp-content\/uploads\/2012\/10\/20121013_634856941843528469w.jpg\"><img loading=\"lazy\" decoding=\"async\" aria-describedby=\"caption-attachment-416955\" class=\"size-full wp-image-416955\" title=\"20121013_634856941843528469w\" src=\"https:\/\/diarioelpopular.com\/wp-content\/uploads\/2012\/10\/20121013_634856941843528469w.jpg\" alt=\"\" width=\"800\" height=\"539\" \/><\/a><p id=\"caption-attachment-416955\" class=\"wp-caption-text\">BARRANQUILLA (COLOMBIA).- El jugador de Colombia, Radamel Falcao Garc\u00eda, despu\u00e9s de anotar el 2-0 contra Paraguay este viernes 12 de octubre de 2012, durante un juego de la fase clasificatoria para la Copa Mundo Brasil 2014 en el estadio Metropolitano de Barranquilla<\/p><\/div>\n<p><strong><em>Bogot\u00e1.-<\/em><\/strong> Radamel Falcao Garc\u00eda confes\u00f3 este viernes que su pierna derecha est\u00e1 celosa con la izquierda por los goles que ha marcado en los \u00faltimos partidos.<\/p>\n<div id=\"texto\">\n<div>\n<p>Los dos \u00faltimos, marcados sentenciaron la victoria de la selecci\u00f3n de Colombia por 2-0 sobre la de Paraguay en la novena jornada de las eliminatorias del pr\u00f3ximo Mundial.<\/p>\n<p>&#8220;El segundo fue muy similar a los que le hice al Chelsea y al Atl\u00e9tico de Bilbao, por eso ya la (pierna) derecha se est\u00e1 poniendo celosa, porque siempre marco con la izquierda&#8221;, dijo hoy entre risas el delantero del Atl\u00e9tico de Madrid.<\/p>\n<p>Falcao record\u00f3 que el primer tiempo tuvo una oportunidad de marcar con su pierna diestra pero fall\u00f3 por poco.<\/p>\n<p>&#8220;Lo hab\u00eda buscado, intent\u00e9 con la pierna derecha pero no pude. Pero la zurda est\u00e1 &#8216;on fire'&#8221;, explic\u00f3 con gracia.<\/p>\n<p>Destac\u00f3 que su primer gol tuvo el valor de darles &#8220;un poco de tranquilidad&#8221; para luego &#8220;definir el partido en un momento en que ellos (los paraguayos) estaban presionando&#8221;.<\/p>\n<p>Falcao afirm\u00f3 que sus compatriotas deben celebrar por el crecimiento del equipo en las eliminatorias y las tres victorias al hilo que lo han encumbrado, pero matiz\u00f3 que se &#8220;debe disfrutar con mesura&#8221;.<\/p>\n<p>&#8220;Nuestro objetivo es el Mundial y falta mucho&#8221;, afirm\u00f3.<\/p>\n<p>&#8220;Tenemos que continuar con la misma intensidad y con la misma mentalidad para ir partido a partido consiguiendo el objetivo que queremos&#8221;, dijo.<\/p>\n<p>Falcao reconoci\u00f3 adem\u00e1s que el triunfo de hoy con el que Colombia lleg\u00f3 a 16 puntos, ha sido un trabajo de equipo.<\/p>\n<p>&#8220;Gracias a Dios mis goles sirvieron para ganar, pero fue un trabajo de todo el equipo, as\u00ed que estoy muy contento con la victoria y con los goles&#8221;, afirm\u00f3.<\/p>\n<p>Adem\u00e1s, record\u00f3 que la selecci\u00f3n colombiana &#8220;est\u00e1 en construcci\u00f3n&#8221; y debe seguir trabajando.<\/p>\n<p>El astro del Atl\u00e9tico de Madrid elogi\u00f3 al seleccionador, el argentino Jos\u00e9 Pekerman: &#8220;Ha entendido lo que necesit\u00e1bamos y nos ha dado gran confianza&#8221;, puntualiz\u00f3.<\/p>\n<\/div>\n<\/div>\n","protected":false},"excerpt":{"rendered":"<p> Radamel Falcao Garc\u00eda confes\u00f3 este viernes que su pierna derecha est\u00e1 celosa con la izquierda por los goles que ha marcado en los \u00faltimos partidos.<\/p>\n","protected":false},"author":1,"featured_media":416955,"comment_status":"open","ping_status":"open","sticky":false,"template":"","format":"standard","meta":{"footnotes":""},"categories":[28],"tags":[486,3489,1002,1326],"class_list":["post-416954","post","type-post","status-publish","format-standard","has-post-thumbnail","hentry","category-deportes","tag-colombia","tag-eliminatorias","tag-falcao","tag-paraguay"],"_links":{"self":[{"href":"https:\/\/diarioelpopular.com\/index.php\/wp-json\/wp\/v2\/posts\/416954","targetHints":{"allow":["GET"]}}],"collection":[{"href":"https:\/\/diarioelpopular.com\/index.php\/wp-json\/wp\/v2\/posts"}],"about":[{"href":"https:\/\/diarioelpopular.com\/index.php\/wp-json\/wp\/v2\/types\/post"}],"author":[{"embeddable":true,"href":"https:\/\/diarioelpopular.com\/index.php\/wp-json\/wp\/v2\/users\/1"}],"replies":[{"embeddable":true,"href":"https:\/\/diarioelpopular.com\/index.php\/wp-json\/wp\/v2\/comments?post=416954"}],"version-history":[{"count":0,"href":"https:\/\/diarioelpopular.com\/index.php\/wp-json\/wp\/v2\/posts\/416954\/revisions"}],"wp:featuredmedia":[{"embeddable":true,"href":"https:\/\/diarioelpopular.com\/index.php\/wp-json\/"}],"wp:attachment":[{"href":"https:\/\/diarioelpopular.com\/index.php\/wp-json\/wp\/v2\/media?parent=416954"}],"wp:term":[{"taxonomy":"category","embeddable":true,"href":"https:\/\/diarioelpopular.com\/index.php\/wp-json\/wp\/v2\/categories?post=416954"},{"taxonomy":"post_tag","embeddable":true,"href":"https:\/\/diarioelpopular.com\/index.php\/wp-json\/wp\/v2\/tags?post=416954"}],"curies":[{"name":"wp","href":"https:\/\/api.w.org\/{rel}","templated":true}]}}