{"id":417340,"date":"2012-10-15T12:02:00","date_gmt":"2012-10-15T16:02:00","guid":{"rendered":"http:\/\/diarioelpopular.com\/?p=417340"},"modified":"2012-10-15T12:02:00","modified_gmt":"2012-10-15T16:02:00","slug":"termina-mayor-festival-de-cine-medioambiental-de-canada-con-film-sobre-artico","status":"publish","type":"post","link":"https:\/\/diarioelpopular.com\/index.php\/2012\/10\/15\/termina-mayor-festival-de-cine-medioambiental-de-canada-con-film-sobre-artico\/","title":{"rendered":"Termina mayor festival de cine medioambiental de Canad\u00e1 con film sobre \u00c1rtico"},"content":{"rendered":"<div id=\"attachment_417341\" style=\"width: 715px\" class=\"wp-caption aligncenter\"><a href=\"https:\/\/diarioelpopular.com\/wp-content\/uploads\/2012\/10\/web.158.jpg\"><img loading=\"lazy\" decoding=\"async\" aria-describedby=\"caption-attachment-417341\" class=\"size-full wp-image-417341\" title=\"web.1\" src=\"https:\/\/diarioelpopular.com\/wp-content\/uploads\/2012\/10\/web.158.jpg\" alt=\"\" width=\"705\" height=\"420\" \/><\/a><p id=\"caption-attachment-417341\" class=\"wp-caption-text\">Un film sobre el trabajo en el \u00c1rtico de James Balog, fot\u00f3grafo de National Geographic.<\/p><\/div>\n<p><strong><em>Toronto.-<\/em><\/strong> La XIII edici\u00f3n de &#8220;Planet in Focus&#8221;, el mayor festival de cine medioambiental de Canad\u00e1, termin\u00f3 este lunes en Toronto con la proyecci\u00f3n de &#8220;Chasing Ice&#8221;, un film sobre el trabajo en el \u00c1rtico de James Balog, fot\u00f3grafo de National Geographic.<\/p>\n<div id=\"texto\">\n<div>\n<p>La pel\u00edcula, dirigida por Jeff Orlowski, sigue a Balog y su equipo de colaboradores mientras colocan sus c\u00e1maras en las regiones \u00e1rticas para capturar el alarmante progreso del cambio clim\u00e1tico en la regi\u00f3n m\u00e1s septentrional del planeta.<\/p>\n<p>Este a\u00f1o, &#8220;Planet in Focus&#8221; ha proyectado 31 largometrajes de todo el mundo, entre ellos cuatro filmes centrados en Latinoam\u00e9rica: &#8220;Cerro rico, tierra rica&#8221;, &#8220;Can\u00edcula&#8221;, &#8220;Raising Resistance&#8221; y &#8220;Heart of the Sky, Heart of the Earth&#8221;.<\/p>\n<p>Durante una entrevista, el director de &#8220;Can\u00edcula&#8221;, Jos\u00e9 \u00c1lvarez, expres\u00f3 su satisfacci\u00f3n por la positiva respuesta del p\u00fablico canadiense a su film aunque se mostr\u00f3 cr\u00edtico del impacto que las empresas mineras canadienses est\u00e1n teniendo en comunidades ind\u00edgenas de M\u00e9xico y Guatemala.<\/p>\n<p>El film, que gan\u00f3 el premio FIPRESCI al Mejor Film Internacional en el Festival Documental de Tesal\u00f3nica as\u00ed como el Premio Signis del Festival de Cine Latinoam\u00e9rica de Toulouse, refleja las costumbres de los ind\u00edgenas totonacos de la comunidad de Zapotal-Santa Cruz, en el estado mexicano de Veracruz.<\/p>\n<p>&#8220;Hay que proteger a los ind\u00edgenas de las minas, de los mineros canadienses. Es incre\u00edble lo que quieren hacer en el desierto. O es incre\u00edble lo que han hecho en Guatemala y lo que han hecho en Chiapas. La destrucci\u00f3n que han generado de zonas arqueol\u00f3gicas completas con tal de encontrar unas vetas de oro o de plata&#8221; dijo \u00c1lvarez.<\/p>\n<p>Precisamente en su primer largometraje, &#8220;Flores en el desierto&#8221;, \u00c1lvarez retrata a los huicholes mexicanos y su relaci\u00f3n con el medio ambiente, lo que de paso le sirve para denunciar la presi\u00f3n que las empresas mineras canadienses est\u00e1n ejerciendo sobre la comunidad.<\/p>\n<p>\u00c1lvarez dijo que la cultura occidental tiene mucho que aprender de las culturas ind\u00edgenas.<\/p>\n<p>&#8220;Creo que tienen una gran sabidur\u00eda. Por ejemplo, la manera de curarse. Cuando no utilizan m\u00e1s que la medicina tradicional, saben que muchas enfermedades est\u00e1n relacionada con el psique, con la mente, con las emociones&#8221; dijo el director.<\/p>\n<p>Por contra, &#8220;todo lo que hacen incorrectamente los ind\u00edgenas es lo que han aprendido del mundo occidental. No digo que todo lo que han aprendido del mundo occidental sea malo. Pero lo que hacen es lo que han malaprendido del mundo occidental&#8221; a\u00f1adi\u00f3.<\/p>\n<p>\u00c1lvarez tambi\u00e9n se mostr\u00f3 cr\u00edtico con los festivales de cine espa\u00f1oles, que a pesar del \u00e9xito internacional obtenido por &#8220;Can\u00edcula&#8221;, no han programado el documental en el pa\u00eds.<\/p>\n<p>&#8220;Los espa\u00f1oles no la han querido en ning\u00fan festival. Eso me ha podido. Pero tampoco &#8220;Flores en el desierto&#8221;, ni tampoco &#8220;Venus&#8221; mi cortometraje. En Espa\u00f1a no se han podido exhibir ninguna de mis pel\u00edculas&#8221; dijo el director.<\/p>\n<p>&#8220;Creo que la selecci\u00f3n en los festivales espa\u00f1oles peca de pretenciosa. Est\u00e1n un poco enganchados en un asunto de pretensi\u00f3n y creo que se equivocan&#8221; continu\u00f3 \u00c1lvarez.<\/p>\n<p>&#8220;Me parece que en su pretensi\u00f3n de buscar pel\u00edculas &#8216;cool&#8217;, rechazan autom\u00e1ticamente, un documental que, entre comillas, resulta antropol\u00f3gico. No se atreven a entender ese lenguaje&#8221; termin\u00f3 se\u00f1alando.<\/p>\n<\/div>\n<\/div>\n","protected":false},"excerpt":{"rendered":"<p>La XIII edici\u00f3n de &#8220;Planet in Focus&#8221;, el mayor festival de cine medioambiental de Canad\u00e1, termin\u00f3 este lunes en Toronto con la proyecci\u00f3n de &#8220;Chasing Ice&#8221;.<\/p>\n","protected":false},"author":1,"featured_media":417341,"comment_status":"open","ping_status":"open","sticky":false,"template":"","format":"standard","meta":{"footnotes":""},"categories":[21,80],"tags":[315,5241,2202,5197,5198,3031,5242],"class_list":["post-417340","post","type-post","status-publish","format-standard","has-post-thumbnail","hentry","category-canada","category-cine-2","tag-artico","tag-balog","tag-cine-3","tag-focus","tag-in","tag-james","tag-planet"],"_links":{"self":[{"href":"https:\/\/diarioelpopular.com\/index.php\/wp-json\/wp\/v2\/posts\/417340","targetHints":{"allow":["GET"]}}],"collection":[{"href":"https:\/\/diarioelpopular.com\/index.php\/wp-json\/wp\/v2\/posts"}],"about":[{"href":"https:\/\/diarioelpopular.com\/index.php\/wp-json\/wp\/v2\/types\/post"}],"author":[{"embeddable":true,"href":"https:\/\/diarioelpopular.com\/index.php\/wp-json\/wp\/v2\/users\/1"}],"replies":[{"embeddable":true,"href":"https:\/\/diarioelpopular.com\/index.php\/wp-json\/wp\/v2\/comments?post=417340"}],"version-history":[{"count":0,"href":"https:\/\/diarioelpopular.com\/index.php\/wp-json\/wp\/v2\/posts\/417340\/revisions"}],"wp:featuredmedia":[{"embeddable":true,"href":"https:\/\/diarioelpopular.com\/index.php\/wp-json\/"}],"wp:attachment":[{"href":"https:\/\/diarioelpopular.com\/index.php\/wp-json\/wp\/v2\/media?parent=417340"}],"wp:term":[{"taxonomy":"category","embeddable":true,"href":"https:\/\/diarioelpopular.com\/index.php\/wp-json\/wp\/v2\/categories?post=417340"},{"taxonomy":"post_tag","embeddable":true,"href":"https:\/\/diarioelpopular.com\/index.php\/wp-json\/wp\/v2\/tags?post=417340"}],"curies":[{"name":"wp","href":"https:\/\/api.w.org\/{rel}","templated":true}]}}