{"id":418138,"date":"2012-10-17T13:02:02","date_gmt":"2012-10-17T17:02:02","guid":{"rendered":"http:\/\/diarioelpopular.com\/?p=418138"},"modified":"2012-10-17T13:02:02","modified_gmt":"2012-10-17T17:02:02","slug":"dos-generales-dos-abogados-y-filosofo-negociadores-de-gobierno-con-las-farc","status":"publish","type":"post","link":"https:\/\/diarioelpopular.com\/index.php\/2012\/10\/17\/dos-generales-dos-abogados-y-filosofo-negociadores-de-gobierno-con-las-farc\/","title":{"rendered":"Dos generales, dos abogados y fil\u00f3sofo, negociadores de Gobierno con las FARC"},"content":{"rendered":"<div id=\"attachment_418141\" style=\"width: 810px\" class=\"wp-caption aligncenter\"><a href=\"https:\/\/diarioelpopular.com\/wp-content\/uploads\/2012\/10\/20121016_634860265227171537w.jpg\"><img loading=\"lazy\" decoding=\"async\" aria-describedby=\"caption-attachment-418141\" class=\"size-full wp-image-418141\" title=\"20121016_634860265227171537w\" src=\"https:\/\/diarioelpopular.com\/wp-content\/uploads\/2012\/10\/20121016_634860265227171537w.jpg\" alt=\"\" width=\"800\" height=\"529\" \/><\/a><p id=\"caption-attachment-418141\" class=\"wp-caption-text\">BOGOT\u00c1 (COLOMBIA).- El jefe del equipo de negociadores del Gobierno colombiano, Humberto de la Calle (2-d), acompa\u00f1ado de los miembros de la comisi\u00f3n Luis Carlos Villegas (i), Sergio Jaramillo (2-i) y Frank Pearl (d), ofrece declaraciones a la prensa, en el aeropuerto militar de Catam en Bogot\u00e1. Los negociadores designados por el Gobierno de Colombia para abrir los di\u00e1logos de paz con las FARC partieron con &quot;optimismo moderado&quot; hacia Oslo, donde empezar\u00e1 la segunda fase de un proceso que esperan culminar &quot;con buenas noticias&quot;.<\/p><\/div>\n<p>Ovidio Castro Medina<\/p>\n<div id=\"texto\">\n<div>\n<p><strong><em>Bogot\u00e1.-<\/em><\/strong> Dos generales retirados del Ej\u00e9rcito y la Polic\u00eda, dos abogados y un fil\u00f3sofo experto en seguridad ser\u00e1n los negociadores del Gobierno colombiano con la guerrilla de las FARC tras la constituci\u00f3n de la mesa oficial de di\u00e1logo por la paz en Oslo.<\/p>\n<p>El equipo est\u00e1 liderado por el abogado liberal y exvicepresidente Humberto de la Calle, un gran conocedor de los entresijos del Estado y representante de la clase pol\u00edtica.<\/p>\n<p>Estar\u00e1 acompa\u00f1ado del tambi\u00e9n abogado Luis Carlos Villegas, presidente de la Asociaci\u00f3n Nacional de Empresarios de Colombia (ANDI), y por el fil\u00f3sofo y Alto Consejero para la Paz, Sergio Jaramillo, la mano derecha del presidente Juan Manuel Santos.<\/p>\n<p>La presencia de dos representantes de las Fuerzas Armadas colombianas otorga a la mesa de negociaci\u00f3n la visi\u00f3n del campo de batalla.<\/p>\n<p>Se trata del general retirado del Ej\u00e9rcito Jorge Enrique Mora Rangel y el general retirado de la Polic\u00eda Oscar Naranjo, ambos con amplia trayectoria de lucha contra la subversi\u00f3n.<\/p>\n<p>De la Calle, el jefe negociador, fue uno de los arquitectos de la Constituci\u00f3n de 1991, adem\u00e1s de magistrado de la Corte Suprema, embajador colombiano en la Organizaci\u00f3n de Estados Americanos (OEA) y ministro del Interior.<\/p>\n<p>Fue vicepresidente en el Gobierno de Ernesto Samper (1994-1998), cargo al que renunci\u00f3 por el esc\u00e1ndalo de la supuesta financiaci\u00f3n de esa campa\u00f1a por el narcotr\u00e1fico.<\/p>\n<p>Ha participado en varios procesos de paz, entre ellos el que llev\u00f3 al Movimiento 19 de abril (M-19) a dejar las armas en 1990.<\/p>\n<p>A este abogado se le considera con capacidad de convocar a la clase pol\u00edtica y de conciliar sin generar tensiones. Y aunque siempre ha defendido la v\u00eda militar, ha privilegiado una salida negociada al conflicto armado.<\/p>\n<p>A su lado estar\u00e1 el fil\u00f3sofo Sergio Jaramillo, un experto en seguridad que acompa\u00f1\u00f3 a Santos como viceministro y asesor en derechos humanos cuando el presidente actual fue titular de Defensa, durante el Gobierno de \u00c1lvaro Uribe (2002-2010).<\/p>\n<p>En los a\u00f1os que Santos y Jaramillo dirig\u00edan este importante Ministerio se empezaron a forjar los golpes m\u00e1s fuertes contra las FARC.<\/p>\n<p>El representante de los empresarios en la mesa de negociaci\u00f3n ser\u00e1 Villegas, presidente gremial y agudo observador de la realidad colombiana con un reconocido tacto diplom\u00e1tico.<\/p>\n<p>El presidente de la ANDI particip\u00f3 en las fracasadas negociaciones con las FARC durante el Gobierno de Andr\u00e9s Pastrana (1998-2002) e incluso acompa\u00f1\u00f3 entonces a jefes guerrilleros en una gira europea para promover aquella iniciativa de paz.<\/p>\n<p>Una de sus hijas estuvo secuestrada por las FARC entre 2001 y 2002.<\/p>\n<p>En cuanto al general retirado Mora Rangel fue comandante de las Fuerzas Militares durante el proceso de paz que lider\u00f3 Pastrana y el \u00fanico jefe militar que entonces levant\u00f3 la voz contra los denunciados desmanes de la guerrilla en la zona que se desmilitariz\u00f3 para aquel di\u00e1logo.<\/p>\n<p>Fue uno de los responsables de implementar el llamado Plan Patriota, la primera ofensiva contra la insurgencia del Gobierno de Uribe financiada con fondos del Plan Colombia.<\/p>\n<p>En 2003, tras 42 a\u00f1os al servicio del Ej\u00e9rcito, pidi\u00f3 su retiro y fue nombrado embajador en Corea y Filipinas. A su regreso a Colombia se dedic\u00f3 a la docencia y a la asesor\u00eda en asuntos de seguridad.<\/p>\n<p>El exdirector de la Polic\u00eda Nacional de Colombia y exsecretario ejecutivo de la Polic\u00eda de las Am\u00e9ricas (Americapol), \u00d3scar Naranjo, es el otro general retirado que negociar\u00e1 con las FARC.<\/p>\n<p>En 2010 fue designado &#8220;el mejor polic\u00eda del mundo&#8221; por la Asociaci\u00f3n Internacional de jefes Policiales en reconocimiento a su lucha contra el crimen, y actualmente asesora en temas de seguridad al presidente electo de M\u00e9xico, Enrique Pe\u00f1a Nieto.<\/p>\n<p>Naranjo ha sido clave en los golpes m\u00e1s contundentes contra las FARC en los \u00faltimos cinco a\u00f1os, como las operaciones Jaque, que llev\u00f3 a la liberaci\u00f3n de 15 secuestros entre ellos la excandidata presidencial \u00cdngrid Betancourt; y F\u00e9nix, que acab\u00f3 con la vida en Ecuador del n\u00famero dos de la guerrilla, Luis Edgar Devia, alias &#8220;Ra\u00fal Reyes&#8221;, ambos en 2008.<\/p>\n<p>Tambi\u00e9n en 2010 del bombardeo al campamento del jefe militar de las FARC, V\u00edctor Julio Su\u00e1rez Rojas, alias &#8220;Mono Jojoy&#8221;, quien result\u00f3 muerto; as\u00ed como de la muerte de su m\u00e1ximo jefe, Guillermo Le\u00f3n S\u00e1enz, alias &#8220;Alfonso Cano&#8221;, en 2011.<\/p>\n<p>En la mesa que se constituir\u00e1 en Oslo estar\u00e1n como suplentes el ex alto comisionado para la Paz Frank Pearl y el actual alto consejero para la Reintegraci\u00f3n, Alejandro \u00c9der.<\/p>\n<p>Tambi\u00e9n asistir\u00e1n las funcionarias Luc\u00eda Jaramillo y Elena Ambrosi, quienes participaron en las conversaciones exploratorias celebradas en La Habana entre febrero y agosto pasado.<\/p>\n<p><strong><em>Hist\u00f3ricos, &#8220;duros&#8221; e ide\u00f3logos, el equipo de las FARC que negociar\u00e1 la paz<\/em><\/strong><\/p>\n<div id=\"attachment_418139\" style=\"width: 810px\" class=\"wp-caption aligncenter\"><a href=\"https:\/\/diarioelpopular.com\/wp-content\/uploads\/2012\/10\/20121014_634858519874583065w.jpg\"><img loading=\"lazy\" decoding=\"async\" aria-describedby=\"caption-attachment-418139\" class=\"size-full wp-image-418139\" title=\"20121014_634858519874583065w\" src=\"https:\/\/diarioelpopular.com\/wp-content\/uploads\/2012\/10\/20121014_634858519874583065w.jpg\" alt=\"\" width=\"800\" height=\"534\" \/><\/a><p id=\"caption-attachment-418139\" class=\"wp-caption-text\">BOGOT\u00c1 (COLOMBIA)- La directora de la fundaci\u00f3n Pa\u00eds Libre, la exsecuestrada Clara Rojas (i), habla con familiares de secuestrados, desaparecidos y reclutados forzosos de las FARC que llegaron a la Plaza de Bol\u00edvar en Bogot\u00e1, para participar en el Primer Encuentro de V\u00edctimas, que se celebro a s\u00f3lo tres d\u00edas del anuncio formal del inicio del proceso de paz colombiano en Oslo.<\/p><\/div>\n<div id=\"texto\">\n<div>\n<p>Roberto Rojas Monroy<\/p>\n<p><strong><em>Bogot\u00e1.-<\/em><\/strong> Hist\u00f3ricos de las FARC, guerrilleros del ala m\u00e1s dura, ide\u00f3logos y un preso en Estados Unidos integran el equipo negociador que buscar\u00e1 la paz con el Gobierno de Colombia tras casi 50 a\u00f1os de lucha armada.<\/p>\n<p>El n\u00famero dos de las Fuerzas Armadas Revolucionarias de Colombia (FARC), Luciano Mar\u00edn Arango, alias &#8220;Iv\u00e1n M\u00e1rquez&#8221;, es el rebelde con m\u00e1s peso en la mesa de negociaci\u00f3n.<\/p>\n<p>Estar\u00e1 acompa\u00f1ado por Rodrigo Granda o &#8220;Ricardo T\u00e9llez&#8221;; Jes\u00fas Emilio Carvajalino o &#8220;Andr\u00e9s Par\u00eds&#8221;; Luis Alberto Alb\u00e1n o &#8220;Marcos Le\u00f3n Calarc\u00e1&#8221;; y el m\u00e1s pol\u00e9mico, el ide\u00f3logo Juvenal Ricardo Ovidio Palmera, conocido como &#8220;Sim\u00f3n Trinidad&#8221;, quien cumple en Estados Unidos una condena de 60 a\u00f1os de c\u00e1rcel por secuestro.<\/p>\n<p>La ministra de Justicia colombiana, Ruth Stella Correa, apunt\u00f3 hace unos d\u00edas la posibilidad de que &#8220;Simon Trinidad&#8221; pudiera participar a trav\u00e9s de videoconferencia.<\/p>\n<p>La holandesa Tanja Nijmeijer, de 34 a\u00f1os y conocida en las FARC con los alias de &#8220;Alexandra&#8221; y &#8220;Eileen&#8221;, se incorpor\u00f3 a la lista de negociadores en el \u00faltimo momento.<\/p>\n<p>Nijmeijer se incorporar\u00e1 despu\u00e9s al di\u00e1logo en La Habana &#8220;con un salvoconducto&#8221;, pues su incorporaci\u00f3n de \u00faltima hora al equipo negociador y su nacionalidad holandesa dificultaron los tr\u00e1mites para que pudiera viajar a Oslo.<\/p>\n<p>&#8220;Iv\u00e1n M\u00e1rquez&#8221; es el segundo al mando de las FARC tras Rodrigo Londo\u00f1o Echeverry, alias &#8220;Timol\u00e9on Jim\u00e9nez&#8221; o &#8220;Timochenko&#8221;, y portavoz internacional.<\/p>\n<p>Ingres\u00f3 al grupo armado en 1977 y lo abandon\u00f3 para unirse a la Uni\u00f3n Patri\u00f3tica, un partido que germin\u00f3 tras un primer proceso de paz en los a\u00f1os ochenta del siglo pasado y que termin\u00f3 con el exterminio de sus integrantes por los paramilitares y el propio Estado.<\/p>\n<p>En medio de la muerte de unos 3.000 militantes y dirigentes de ese partido, &#8220;Iv\u00e1n M\u00e1rquez&#8221;, que lleg\u00f3 a tener un esca\u00f1o en la C\u00e1mara Baja, regres\u00f3 a la lucha armada y desde entonces estuvo a la sombra de los jefes hist\u00f3ricos: los fallecidos Pedro Antonio Mar\u00edn o &#8220;Tirofijo&#8221;, Luis Morantes o &#8220;Jacobo Arenas&#8221; y V\u00edctor Julio Su\u00e1rez Rojas o &#8220;Mono Jojoy&#8221;.<\/p>\n<p>Tras la muerte de &#8220;Alfonso Cano&#8221;, sucesor de &#8220;Tirofijo&#8221;, su nombre sonaba como posible sucesor, pero la m\u00e1xima jefatura recay\u00f3 en &#8220;Timochenko&#8221;.<\/p>\n<p>En cuanto a Rodrigo Granda tuvo gran notoriedad cuando fue detenido en 2004 en Venezuela y el expresidente franc\u00e9s Nicol\u00e1s Sarkozy pidi\u00f3 al entonces presidente colombiano, \u00c1lvaro Uribe, su puesta en libertad para favorecer la liberaci\u00f3n de \u00cdngrid Betancourt, entonces secuestrada.<\/p>\n<p>Entre 1970 e inicios de los a\u00f1os ochenta form\u00f3 parte de la direcci\u00f3n del Partido Comunista y fue responsable de propaganda; luego apoy\u00f3 las campa\u00f1as de los candidatos de la Uni\u00f3n Patri\u00f3tica a la Presidencia, Jaime Pardo Leal y Bernardo Jamarillo, ambos asesinados.<\/p>\n<p>Aquellos hechos le empujaron a sumarse a las filas de las FARC, donde centr\u00f3 sus labores en Venezuela y Ecuador y mantuvo contactos con organizaciones de la izquierda europea.<\/p>\n<p>&#8220;Andr\u00e9s Par\u00eds&#8221;, otro de los hombres fuertes de la mesa, siempre ha formado parte del ala pol\u00edtica y pertenece al Estado Mayor Conjunto. Particip\u00f3 en el fallido proceso de paz con el Gobierno de Andr\u00e9s Pastrana (1998-2002) y, seg\u00fan las autoridades, ha mantenido v\u00ednculos con jefes de carteles internacionales de la droga.<\/p>\n<p>&#8220;Marcos Le\u00f3n Calarc\u00e1&#8221; fue embajador de las FARC en M\u00e9xico hasta 2002, cuando el Gobierno de Vicente Fox lo expuls\u00f3 y se traslad\u00f3 a Bolivia. Este guerrillero ha sido durante a\u00f1os representante en varios pa\u00edses sudamericanos y centroamericanos.<\/p>\n<p>Por \u00faltimo, la elecci\u00f3n de &#8220;Sim\u00f3n Trinidad&#8221; fue el primer desaf\u00edo que las FARC plantearon al Gobierno tras el anuncio del nuevo di\u00e1logo de paz ya que cumple una condena de 60 a\u00f1os en EE.UU. por secuestro.<\/p>\n<p>Este guerrillero, quien estudio Finanzas en la Universidad de Harvard, lleg\u00f3 a ser gerente de un banco colombiano antes de sumarse a las filas rebeldes en 1987.<\/p>\n<p>Fue cuando huy\u00f3 a la Sierra Nevada de Santa Marta y termin\u00f3 convirti\u00e9ndose en el m\u00e1ximo jefe del Bloque Caribe de las FARC. Est\u00e1 considerado un ide\u00f3logo y uno de los &#8220;duros&#8221; del grupo armado.<\/p>\n<p>Durante las negociaciones con Pastrana, &#8220;Sim\u00f3n Trinidad&#8221; fue uno de los portavoces de las FARC.<\/p>\n<p>Entre los suplentes estar\u00e1 el octogenario Miguel \u00c1ngel Pascuas (&#8220;Sargento Pascuas&#8221;), cofundador de la guerrilla junto a &#8220;Tirofijo&#8221; y comandante del VI Frente, uno de los m\u00e1s activos y que opera en el suroeste de Colombia.<\/p>\n<p>Tambi\u00e9n Seuxis Paucias Hern\u00e1ndez Solarte (&#8220;Jes\u00fas Santrich&#8221;), integrante del grupo subversivo desde hace 27 a\u00f1os y muy pr\u00f3ximo a &#8220;Iv\u00e1n M\u00e1rquez&#8221;; y Orlando Jurado Palomino (&#8220;Hermes Aguilar&#8221;), a quien la justicia de Paraguay vincula con el secuestro y asesinato de Cecilia Cubas, hija del expresidente de ese pa\u00eds Ra\u00fal Cubas.<\/p>\n<p>Por \u00faltimo ser\u00e1n suplentes &#8220;Bernardo Salcedo&#8221;, de la Comisi\u00f3n Pol\u00edtica y tambi\u00e9n negociador en la era Pastrana.<\/p>\n<p>Y Emiro del Carmen Ropero Su\u00e1rez (&#8220;Rub\u00e9n Zamora&#8221;), quien ingres\u00f3 a las FARC en 1985 en medio de la persecuci\u00f3n a la Uni\u00f3n Patri\u00f3tica.<\/p>\n<p><strong><em>Cronolog\u00eda de negociaciones de paz entre el Gobierno colombiano y las FARC<\/em><\/strong><\/p>\n<div id=\"attachment_418140\" style=\"width: 810px\" class=\"wp-caption aligncenter\"><a href=\"https:\/\/diarioelpopular.com\/wp-content\/uploads\/2012\/10\/20121015_634859313319386205w.jpg\"><img loading=\"lazy\" decoding=\"async\" aria-describedby=\"caption-attachment-418140\" class=\"size-full wp-image-418140\" title=\"20121015_634859313319386205w\" src=\"https:\/\/diarioelpopular.com\/wp-content\/uploads\/2012\/10\/20121015_634859313319386205w.jpg\" alt=\"\" width=\"800\" height=\"619\" \/><\/a><p id=\"caption-attachment-418140\" class=\"wp-caption-text\">BOGOT\u00c1 (COLOMBIA).- Fotograf\u00eda de archivo sin fechar cedida por el Ministerio de Defensa de Colombia que muestra a la guerrillera holandesa Tanja Nijmeijer (d) junto a un hombre no identificado. El jefe m\u00e1ximo de la guerrilla de las FARC, alias &quot;Timochenko&quot;, confirm\u00f3, en su primera entrevista a medios locales que Nijmeijer hace parte del equipo que negociar\u00e1 la paz con el Gobierno de Colombia. &quot;&#039;Alexandra&#039; (alias de la rebelde), la guerrillera de las FARC a la que usted se refiere, hace parte de nuestra delegaci\u00f3n&quot;, asegur\u00f3 &quot;Timochenko&quot; o Rodrigo Le\u00f3n Londo\u00f1o en di\u00e1logo telef\u00f3nico con el canal RCN Televisi\u00f3n y la emisora La FM.<\/p><\/div>\n<div id=\"texto\">\n<div>\n<p><strong><em>Oslo.-<\/em><\/strong> El equipo negociador del Gobierno colombiano y los delegados de las Fuerzas Armadas Revolucionarias de Colombia (FARC) que deben definir los detalles log\u00edsticos para comenzar las conversaciones de paz se encuentran ya en Oslo.<\/p>\n<p>Acontecimientos m\u00e1s relevantes relacionados con el conflicto y los di\u00e1logos de paz entre el Gobierno de Colombia y la guerrilla de las FARC desde 1998:<\/p>\n<p>9 julio 1998.- El presidente electo Andr\u00e9s Pastrana celebra una primera reuni\u00f3n con el jefe y fundador de las FARC, Pedro Antonio Mar\u00edn, &#8220;Tirofijo&#8221;.<\/p>\n<p>23 octubre 1998.- Pastrana ordena la desmilitarizaci\u00f3n de cinco municipios (San Vicente del Cagu\u00e1n, La Macarena, Uribe, Mesetas y Vista Hermosa) en un \u00e1rea de 42.139 kil\u00f3metros cuadrados para que sirvan de sede de las negociaciones.<\/p>\n<p>7 enero 1999.- Inicio oficial del proceso de paz en un acto con invitados nacionales e internacionales en San Vicente del Cagu\u00e1n, con la ausencia de &#8220;Tirofijo&#8221;.<\/p>\n<p>2 mayo 1999.- Pastrana y &#8220;Tirofijo&#8221; se re\u00fanen en la zona neutral.<\/p>\n<p>25 mayo 1999.- Se acuerda la Agenda Com\u00fan para el Cambio, como gu\u00eda de las negociaciones.<\/p>\n<p>18 noviembre 1999.- Las FARC no aceptan una comisi\u00f3n internacional neutral del proceso.<\/p>\n<p>8 septiembre 2000.- El guerrillero Arnubio Ramos secuestra un avi\u00f3n y lo obliga a aterrizar en la zona neutral, lo que interrumpe las negociaciones.<\/p>\n<p>9 febrero 2001.- Pastrana y &#8220;Tirofijo&#8221; celebran la tercera &#8220;cumbre&#8221; para salvar el proceso y alcanzan el Acuerdo de Los Pozos.<\/p>\n<p>5 octubre 2001.- Gobierno y FARC suscriben el Acuerdo de San Francisco de la Sombra, que les compromete con la inmediata discusi\u00f3n de un alto el fuego.<\/p>\n<p>7 octubre 2001.- Tras el secuestro y asesinato de la exministra de Cultura Consuelo Ara\u00fajo, el Gobierno prorroga hasta el 20 de enero siguiente la vigencia del \u00e1rea neutral, pero anuncia mayores controles.<\/p>\n<p>17 octubre 2001.- Las FARC se levantan de la mesa de negociaciones y piden el levantamiento de las nuevas medidas de control.<\/p>\n<p>20 febrero 2002.- El Gobierno da por terminada la llamada &#8220;zona de distensi\u00f3n&#8221; a ra\u00edz del secuestro del senador Jorge Eduardo Gechem, d\u00edas antes de que Ej\u00e9rcito recupere el control del \u00e1rea.<\/p>\n<p>25 julio 2005.- Se promulga la Ley de Justicia y Paz, promovida por el presidente Uribe para comenzar un proceso de desmilitarizaci\u00f3n de paramilitares y guerrilleros.<\/p>\n<p>28 marzo 2008.- Fallece &#8220;Tirofijo&#8221; de un infarto.<\/p>\n<p>02 julio 2008.- El Ej\u00e9rcito colombiano pone fin al secuestro de 15 personas en poder de las FARC, entre ellas la excandidata presidencial Ingrid Betancourt.<\/p>\n<p>17 marzo 2009.- Las FARC liberan al ingeniero sueco Roland Larsson, \u00faltimo extranjero que manten\u00edan cautivo.<\/p>\n<p>11 junio 2011.- Colombia aprueba una Ley de V\u00edctimas y de Restituci\u00f3n de Tierras, considerada fundamental para la paz.<\/p>\n<p>4 noviembre 2011.- Un operativo militar termina con la vida del jefe m\u00e1ximo de la organizaci\u00f3n, &#8220;Alfonso Cano&#8221;.<\/p>\n<p>26 febrero 2012.- Las FARC anuncian su renuncia al secuestro con fines de extorsi\u00f3n y la liberaci\u00f3n de los \u00faltimos diez militares y polic\u00edas que manten\u00edan como rehenes. Dichas liberaciones se llevan a cabo el 2 de abril.<\/p>\n<p>14 junio 2012.- El Congreso colombiano aprueba el Marco Jur\u00eddico para la Paz que implica la reforma constitucional y otorga herramientas para una negociaci\u00f3n con los grupos armados.<\/p>\n<p>26 agosto 2012.- El Gobierno y las FARC suscriben en La Habana el llamado &#8220;Acuerdo general para la terminaci\u00f3n del conflicto y la construcci\u00f3n de una paz estable y duradera&#8221; que no incluye un alto el fuego previo, tras seis meses de conversaciones secretas en Cuba.<\/p>\n<p>27 agosto 2012.- El presidente Santos anuncia que ha habido conversaciones con las FARC para entablar un di\u00e1logo de paz e invita al Ej\u00e9rcito de Liberaci\u00f3n Nacional (ELN) a sumarse al proceso.<\/p>\n<p>4 septiembre 2012.- Santos confirma el inicio del proceso de paz. La primera reuni\u00f3n se celebrar\u00e1 en Oslo en octubre.<\/p>\n<p>4 octubre 2012.- La mesa de di\u00e1logo entre el Gobierno de Colombia y las FARC quedar\u00e1 establecida el 17 de octubre en Oslo, informa el Gobierno noruego.<\/p>\n<p>17 octubre 2012.- El equipo negociador del Gobierno colombiano llega a Oslo para definir los detalles log\u00edsticos de las conversaciones de paz con los delegados de las FARC.<\/p>\n<\/div>\n<\/div>\n<\/div>\n<\/div>\n<\/div>\n<\/div>\n","protected":false},"excerpt":{"rendered":"<p>El equipo est\u00e1 liderado por el abogado liberal y exvicepresidente Humberto de la Calle, un gran conocedor de los entresijos del Estado y representante de la clase pol\u00edtica.<\/p>\n","protected":false},"author":1,"featured_media":418141,"comment_status":"open","ping_status":"open","sticky":false,"template":"","format":"standard","meta":{"footnotes":""},"categories":[23,24],"tags":[486,580,5303,4801,1475,5304,4716],"class_list":["post-418138","post","type-post","status-publish","format-standard","has-post-thumbnail","hentry","category-latinoamerica","category-mundo","tag-colombia","tag-farc","tag-guerrilla","tag-negociaciones","tag-noruega","tag-pazoslo","tag-terroristas"],"_links":{"self":[{"href":"https:\/\/diarioelpopular.com\/index.php\/wp-json\/wp\/v2\/posts\/418138","targetHints":{"allow":["GET"]}}],"collection":[{"href":"https:\/\/diarioelpopular.com\/index.php\/wp-json\/wp\/v2\/posts"}],"about":[{"href":"https:\/\/diarioelpopular.com\/index.php\/wp-json\/wp\/v2\/types\/post"}],"author":[{"embeddable":true,"href":"https:\/\/diarioelpopular.com\/index.php\/wp-json\/wp\/v2\/users\/1"}],"replies":[{"embeddable":true,"href":"https:\/\/diarioelpopular.com\/index.php\/wp-json\/wp\/v2\/comments?post=418138"}],"version-history":[{"count":0,"href":"https:\/\/diarioelpopular.com\/index.php\/wp-json\/wp\/v2\/posts\/418138\/revisions"}],"wp:featuredmedia":[{"embeddable":true,"href":"https:\/\/diarioelpopular.com\/index.php\/wp-json\/"}],"wp:attachment":[{"href":"https:\/\/diarioelpopular.com\/index.php\/wp-json\/wp\/v2\/media?parent=418138"}],"wp:term":[{"taxonomy":"category","embeddable":true,"href":"https:\/\/diarioelpopular.com\/index.php\/wp-json\/wp\/v2\/categories?post=418138"},{"taxonomy":"post_tag","embeddable":true,"href":"https:\/\/diarioelpopular.com\/index.php\/wp-json\/wp\/v2\/tags?post=418138"}],"curies":[{"name":"wp","href":"https:\/\/api.w.org\/{rel}","templated":true}]}}