{"id":418148,"date":"2012-10-17T13:27:58","date_gmt":"2012-10-17T17:27:58","guid":{"rendered":"http:\/\/diarioelpopular.com\/?p=418148"},"modified":"2012-10-17T13:27:58","modified_gmt":"2012-10-17T17:27:58","slug":"tony-bennett-recuerda-su-carrera-musical","status":"publish","type":"post","link":"https:\/\/diarioelpopular.com\/index.php\/2012\/10\/17\/tony-bennett-recuerda-su-carrera-musical\/","title":{"rendered":"Tony Bennett recuerda su carrera musical"},"content":{"rendered":"<div id=\"attachment_418149\" style=\"width: 810px\" class=\"wp-caption aligncenter\"><a href=\"https:\/\/diarioelpopular.com\/wp-content\/uploads\/2012\/10\/20121017_634860978538131755w.jpg\"><img loading=\"lazy\" decoding=\"async\" aria-describedby=\"caption-attachment-418149\" class=\"size-full wp-image-418149\" title=\"20121017_634860978538131755w\" src=\"https:\/\/diarioelpopular.com\/wp-content\/uploads\/2012\/10\/20121017_634860978538131755w.jpg\" alt=\"\" width=\"800\" height=\"533\" \/><\/a><p id=\"caption-attachment-418149\" class=\"wp-caption-text\">El m\u00fasico Tony Bennett habla durante una entrevista en Nueva York (EE.UU.). Bennett vuelve a entonar algunas de las canciones que lo hicieron una leyenda de la m\u00fasica junto a una decena de artistas latinos, en un disco con el que evoca una carrera de m\u00e1s de seis d\u00e9cadas en la que siente que no ha trabajado &quot;ni un solo d\u00eda&quot;, por haber hecho siempre lo que m\u00e1s ama: cantar. Este \u00e1lbum es el tercero de duetos que graba el artista, quien, en esta ocasi\u00f3n, se vio acompa\u00f1ado por estrellas latinas como Chayanne, Marc Anthony, Gloria Estefan, Miguel Bos\u00e9, Juan Luis Guerra, Christina Aguilera, Dani Mart\u00edn, Romeo Santos, Vicentico, Franco De Vita, Vicente Fern\u00e1ndez, Mar\u00eda Gad\u00fa y Thal\u00eda.<\/p><\/div>\n<p>Marta Quint\u00edn<\/p>\n<div id=\"texto\">\n<div>\n<p><strong><em>Nueva York.-<\/em><\/strong> Tony Bennett vuelve a entonar algunas de las canciones que lo hicieron una leyenda de la m\u00fasica junto a una decena de artistas latinos, en un disco con el que evoca una carrera de m\u00e1s de seis d\u00e9cadas en la que siente que no ha trabajado &#8220;ni un solo d\u00eda&#8221;, por haber hecho siempre lo que m\u00e1s ama: cantar.<\/p>\n<p>&#8220;Cuando termin\u00e9 este disco de duetos, lo escuch\u00e9, pregunt\u00e1ndome si funcionar\u00eda o no, y qued\u00e9 muy contento con el resultado, porque me di cuenta de que todos los artistas hab\u00edan puesto su alma, y de que nunca pasar\u00eda de moda, siempre sonar\u00eda bien&#8221;, asegur\u00f3 Bennett sobre &#8220;Viva Duets&#8221;, que sale a la venta el 22 de octubre.<\/p>\n<p>Este \u00e1lbum es el tercero de duetos que graba el artista, quien, en esta ocasi\u00f3n, estuvo acompa\u00f1ado por estrellas latinas como Chayanne, Marc Anthony, Gloria Estefan, Miguel Bos\u00e9, Juan Luis Guerra, Christina Aguilera, Dani Mart\u00edn, Romeo Santos, Vicentico, Franco De Vita, Vicente Fern\u00e1ndez, Mar\u00eda Gad\u00fa o Thal\u00eda.<\/p>\n<p>&#8220;Lo que adoro de todos los artistas con los que cant\u00e9 es que todos ellos creen en lo que yo creo, en el sentimiento y el significado de lo que est\u00e1n cantando, ya que eso es lo que hace que el disco no se quede obsoleto, que quieras escucharlo de nuevo&#8221;, apunt\u00f3 Bennett.<\/p>\n<p>Algunos de estos temas que podr\u00e1 recordar el p\u00fablico, pero remozados con toques latinos, son los consagrados &#8220;For Once in My Life&#8221;, &#8220;Return to Me&#8221; o &#8220;Blue Velvet&#8221;, que la c\u00e1lida voz del cantante neoyorquino desgran\u00f3 a lo largo de m\u00e1s de cuatro d\u00e9cadas de \u00e9xitos, en las que consigui\u00f3 hasta 17 premios Grammy.<\/p>\n<p>Tony Bennett destac\u00f3 las interpretaciones &#8220;tan honestas&#8221; que se han hecho de estos hitos musicales y la &#8220;gran emoci\u00f3n&#8221; que le produjo escucharlos traducidos al espa\u00f1ol, &#8220;un bello idioma&#8221; que lamenta no conocer.<\/p>\n<p>&#8220;De lo \u00fanico de lo que me arrepiento es de no hablar espa\u00f1ol&#8221;, indic\u00f3 Bennett, quien, pese a su ascendencia italiana tampoco sabe esta lengua, ya que sus familiares le aconsejaron cuando era peque\u00f1o que no la aprendiera, dado que, de lo contrario, no encontrar\u00eda trabajo en Estados Unidos.<\/p>\n<p>&#8220;En cambio ahora es tan maravilloso que los ni\u00f1os puedan aprender idiomas en la escuela. Eso les beneficia&#8221;, asever\u00f3 el artista, que har\u00e1 una gira por Latinoam\u00e9rica a partir de noviembre presentando &#8220;Viva Duets&#8221;, un viaje que espera &#8220;con mucha ilusi\u00f3n y dispuesto a subir al escenario con energ\u00eda&#8221;.<\/p>\n<p>Para Bennett, que creci\u00f3 mir\u00e1ndose en el espejo de sus \u00eddolos Ella Fitzgerald, Nat King Cole o Frank Sinatra, el momento culminante de su dilatada carrera lo alcanz\u00f3 el a\u00f1o pasado, durante una gala ben\u00e9fica para el Metropolitan Opera House en la que fue invitado a participar.<\/p>\n<p>&#8220;Yo empec\u00e9 cantando en cabar\u00e9s, en salones muy peque\u00f1os, y de pronto estaba cantando en el Metropolitan Opera. Estaba muy inquieto, era algo diferente, pero real, y fue el momento m\u00e1s grande de toda mi vida. No lo olvidar\u00e9, fue como escalar el Everest&#8221;, declar\u00f3.<\/p>\n<p>Sin embargo, a Bennett, a sus 86 a\u00f1os, a\u00fan le quedan proyectos por delante, como grabar un disco de swing con Lady Gaga, de quien dijo que se trata de &#8220;una de las mejores cantantes&#8221; que ha escuchado y que va a &#8220;sorprender a todo el mundo&#8221;.<\/p>\n<p>Y tambi\u00e9n piensa seguir pintando, su otra gran pasi\u00f3n, que practica a diario, inspir\u00e1ndose en la naturaleza que se despliega al otro lado de la ventana de su estudio con vistas a Central Park, en el que atesora lienzos que muestran desde taxis neoyorquinos al mism\u00edsimo jard\u00edn del impresionista franc\u00e9s Claude Monet.<\/p>\n<p>Desde la privilegiada posici\u00f3n que le confiere su experiencia como icono de la m\u00fasica, Bennett aconsej\u00f3 a los que quieran internarse en este mundo que &#8220;canten canciones inteligentes, que nunca insulten a la audiencia, que la respeten, ya que es la \u00fanica manera de tener una carrera larga&#8221;.<\/p>\n<p>&#8220;Los que se quieran dedicar a esto tienen que ir a las escuelas de m\u00fasica, estudiar con buenos maestros. Es la forma tradicional de hacerlo y es la correcta. Si lo \u00fanico que quieres es hacer algo r\u00e1pido para ganar dinero, te olvidar\u00e1n enseguida&#8221;, dictamin\u00f3.<\/p>\n<p>Es el consejo de un artista que empez\u00f3 a cantar en la d\u00e9cada de los cincuenta y que afirma que, &#8220;si volviera a nacer, har\u00eda lo mismo&#8221;, y que no ha trabajado &#8220;ni un solo d\u00eda&#8221; de su vida, porque ha podido consagrarla a su gran pasi\u00f3n: la m\u00fasica.<\/p>\n<\/div>\n<\/div>\n","protected":false},"excerpt":{"rendered":"<p>Tony Bennett vuelve a entonar algunas de las canciones que lo hicieron una leyenda de la m\u00fasica junto a una decena de artistas latinos, en un disco con el que evoca una carrera de m\u00e1s de seis d\u00e9cadas.<\/p>\n","protected":false},"author":1,"featured_media":418149,"comment_status":"open","ping_status":"open","sticky":false,"template":"","format":"standard","meta":{"footnotes":""},"categories":[80,24],"tags":[5306,2071,195,5273],"class_list":["post-418148","post","type-post","status-publish","format-standard","has-post-thumbnail","hentry","category-cine-2","category-mundo","tag-benett","tag-latinos","tag-musica","tag-tony"],"_links":{"self":[{"href":"https:\/\/diarioelpopular.com\/index.php\/wp-json\/wp\/v2\/posts\/418148","targetHints":{"allow":["GET"]}}],"collection":[{"href":"https:\/\/diarioelpopular.com\/index.php\/wp-json\/wp\/v2\/posts"}],"about":[{"href":"https:\/\/diarioelpopular.com\/index.php\/wp-json\/wp\/v2\/types\/post"}],"author":[{"embeddable":true,"href":"https:\/\/diarioelpopular.com\/index.php\/wp-json\/wp\/v2\/users\/1"}],"replies":[{"embeddable":true,"href":"https:\/\/diarioelpopular.com\/index.php\/wp-json\/wp\/v2\/comments?post=418148"}],"version-history":[{"count":0,"href":"https:\/\/diarioelpopular.com\/index.php\/wp-json\/wp\/v2\/posts\/418148\/revisions"}],"wp:featuredmedia":[{"embeddable":true,"href":"https:\/\/diarioelpopular.com\/index.php\/wp-json\/"}],"wp:attachment":[{"href":"https:\/\/diarioelpopular.com\/index.php\/wp-json\/wp\/v2\/media?parent=418148"}],"wp:term":[{"taxonomy":"category","embeddable":true,"href":"https:\/\/diarioelpopular.com\/index.php\/wp-json\/wp\/v2\/categories?post=418148"},{"taxonomy":"post_tag","embeddable":true,"href":"https:\/\/diarioelpopular.com\/index.php\/wp-json\/wp\/v2\/tags?post=418148"}],"curies":[{"name":"wp","href":"https:\/\/api.w.org\/{rel}","templated":true}]}}