{"id":418960,"date":"2012-10-20T23:47:02","date_gmt":"2012-10-21T03:47:02","guid":{"rendered":"http:\/\/diarioelpopular.com\/?p=418960"},"modified":"2012-10-20T23:47:02","modified_gmt":"2012-10-21T03:47:02","slug":"israel-asalta-la-iii-flotilla-y-traslada-sus-ocupantes-al-puerto-de-ashdod","status":"publish","type":"post","link":"https:\/\/diarioelpopular.com\/index.php\/2012\/10\/20\/israel-asalta-la-iii-flotilla-y-traslada-sus-ocupantes-al-puerto-de-ashdod\/","title":{"rendered":"Israel asalta la III Flotilla y traslada sus ocupantes al puerto de Ashdod"},"content":{"rendered":"<div id=\"attachment_418961\" style=\"width: 810px\" class=\"wp-caption aligncenter\"><a href=\"https:\/\/diarioelpopular.com\/wp-content\/uploads\/2012\/10\/20121020_634863664628993816w.jpg\"><img loading=\"lazy\" decoding=\"async\" aria-describedby=\"caption-attachment-418961\" class=\"size-full wp-image-418961\" title=\"20121020_634863664628993816w\" src=\"https:\/\/diarioelpopular.com\/wp-content\/uploads\/2012\/10\/20121020_634863664628993816w.jpg\" alt=\"\" width=\"800\" height=\"533\" \/><\/a><p id=\"caption-attachment-418961\" class=\"wp-caption-text\">ASHDOD (ISRAEL).- Vista del velero Estelle, perteneciente a la &quot;III Flotilla de la Libertad&quot;, en el puerto de Ashdod (Israel) este s\u00e1bado 20 de octubre de 2012. El primer ministro israel\u00ed, Benjam\u00edn Netanyahu, dijo que si a los activistas de la llamada &quot;Flotilla de la Libertad&quot; les preocupasen los derechos humanos &quot;navegar\u00edan a Siria&quot;, al tiempo que neg\u00f3 que exista una crisis humanitaria en la franja de Gaza. Netanyahu elogi\u00f3 la actuaci\u00f3n del Ej\u00e9rcito israel\u00ed, que abord\u00f3 al velero Estelle, perteneciente a la &quot;III Flotilla de la Libertad&quot;, cuando pretend\u00eda dirigirse a la franja de Gaza para protestar por el bloqueo de Israel a la franja.<\/p><\/div>\n<p>El\u00edas L. Benarroch<\/p>\n<div id=\"texto\">\n<div>\n<p><strong><em>Jerusal\u00e9n.-<\/em><\/strong> El Ej\u00e9rcito israel\u00ed asalt\u00f3 este s\u00e1bado la III &#8220;Flotilla de la Libertad&#8221; que se dirig\u00eda a Gaza con activistas internacionales abordo, entre ellos un diputado espa\u00f1ol, con la intenci\u00f3n de protestar por el bloqueo a la franja palestina.<\/p>\n<p>&#8220;Soldados de la Marina abordaron el Estelle, un barco que se dirig\u00eda a la franja de Gaza para tratar de romper el bloqueo mar\u00edtimo de seguridad&#8221;, dice el parte militar israel\u00ed, que asegura que el proceso se complet\u00f3 de forma pac\u00edfica y que los pasajeros son trasladados al puerto de Ashdod.<\/p>\n<p>El abordaje ha sido llevado a cabo, seg\u00fan el comunicado, &#8220;de acuerdo al derecho internacional, bajo las \u00f3rdenes del Gobierno israel\u00ed y despu\u00e9s de que se hicieron todo tipo de intentos -directos y a trav\u00e9s de canales diplom\u00e1ticos- de impedir de que el barco llegara a Gaza&#8221;.<\/p>\n<p>Siguiendo los procedimientos empleados con anteriores flotillas, el Ej\u00e9rcito israel\u00ed realiz\u00f3 sucesivos llamamientos a la tripulaci\u00f3n y al pasaje para que cambiaran de rumbo, llamamientos que, seg\u00fan Israel, &#8220;fueron ignorados&#8221;.<\/p>\n<p>Desde Madrid, la ONG &#8220;Rumbo a Gaza&#8221;, que dirige y coordina la actividades en Espa\u00f1a de la denominada &#8220;Flotilla de la Libertad&#8221;, dijo que el asalto por &#8220;soldados enmascarados&#8221; se produjo en aguas internacionales a las 10.15 hora local (08.15 GMT), despu\u00e9s de que &#8220;cinco o seis barcos militares la rodearan&#8221;.<\/p>\n<p>En una comunicaci\u00f3n enviada desde el nav\u00edo y trasladada a los medios por la ONG, el Estelle fue atacado en las coordenadas N31 26 E33 45.<\/p>\n<p>De acuerdo a fuentes en Gaza, el abordaje tuvo lugar a unas 40 millas de la costa.<\/p>\n<p>Amjad al-Shawa, director de la Red de ONG Palestinas (PNGO), estuvo en contacto con los activistas del barco, que le transmitieron que despu\u00e9s de un viaje que en algunos cases hab\u00eda durado tres meses, estaban decididos a alcanzar Gaza.<\/p>\n<p>El Estelle es un velero de tres palos que, con ayuda humanitaria simb\u00f3lica en sus dep\u00f3sitos, trataba de romper el bloqueo que Israel impuso a la franja hace cinco a\u00f1os.<\/p>\n<p>Abordo se encuentran activistas y parlamentarios de Espa\u00f1a, Finlandia, Suecia, Noruega, Canad\u00e1, Italia, Grecia e Israel.<\/p>\n<p>El viernes por la tarde, en una \u00faltima comunicaci\u00f3n telef\u00f3nica dede el velero, el diputado espa\u00f1ol de Izquierda Unida Ricardo Sixto inform\u00f3 de que la embarcaci\u00f3n se encontraba a 80 millas de la costa y llegar\u00eda a la franja por la ma\u00f1ana.<\/p>\n<p>El diputado espa\u00f1ol, que viajaba acompa\u00f1ado de la activista Laura Arau y la abogada Bego\u00f1a Zabala, recalc\u00f3 que su viaje era &#8220;una misi\u00f3n pac\u00edfica para reivindicar que el bloqueo a Gaza est\u00e1 de m\u00e1s y hay que acabar con \u00e9l&#8221;.<\/p>\n<p>Israel impuso esa medida respecto a las aguas de Gaza en 2007 despu\u00e9s de que el movimiento islamista Ham\u00e1s se hiciera con el control de la franja y expulsara de all\u00ed a las fuerzas leales a Mahmud Ab\u00e1s, presidente de la Autoridad Nacional Palestina (ANP).<\/p>\n<p>La primera &#8220;Flotilla de la Libertad&#8221; a Gaza, en 2010, en la que viajaban dos espa\u00f1oles, fue asaltada por comandos israel\u00edes, en un enfrentamiento en el que fallecieron ocho turcos y un ciudadano estadounidense de origen turco.<\/p>\n<p>Tras ese suceso, que provoc\u00f3 la peor crisis en las relaciones turco-israel\u00edes, el secretario general de la ONU, Ban Ki Moon, form\u00f3 un panel internacional que concluy\u00f3 que Israel se hab\u00eda excedido en el uso de la fuerza pero, a la vez, declar\u00f3 legal el bloqueo mar\u00edtimo como medio para impedir el contrabando de armas a las milicias palestinas.<\/p>\n<p>El Ej\u00e9rcito israel\u00ed asegur\u00f3 hoy que sus soldados &#8220;tomaron todas las precauciones necesarias para garantizar la seguridad del pasaje&#8221; y que se les ofreci\u00f3 &#8220;comida y bebida&#8221;.<\/p>\n<p>Situado a unos 40 kil\u00f3metros al norte de la franja de Gaza, el puerto de Ashdod es la principal base militar en la costa sur de Israel.<\/p>\n<p>&#8220;Al llegar (..) los pasajeros ser\u00e1n puestos bajo la custodia de la Polic\u00eda de Israel y de las autoridades de inmigraci\u00f3n del Ministerio del Interior&#8221;, concluye la nota militar.<\/p>\n<p>El proceso que suele seguir Israel incluye la firma por parte de los detenidos de un documento en el que aceptan ser expulsados el pa\u00eds o de lo contrario ser juzgados.<\/p>\n<\/div>\n<\/div>\n","protected":false},"excerpt":{"rendered":"<p>El Ej\u00e9rcito israel\u00ed asalt\u00f3 este s\u00e1bado la III &#8220;Flotilla de la Libertad&#8221; que se dirig\u00eda a Gaza con activistas internacionales abordo.<\/p>\n","protected":false},"author":1,"featured_media":418961,"comment_status":"open","ping_status":"open","sticky":false,"template":"","format":"standard","meta":{"footnotes":""},"categories":[24],"tags":[1206,5370,5371],"class_list":["post-418960","post","type-post","status-publish","format-standard","has-post-thumbnail","hentry","category-mundo","tag-asalto","tag-flotilla","tag-gaza"],"_links":{"self":[{"href":"https:\/\/diarioelpopular.com\/index.php\/wp-json\/wp\/v2\/posts\/418960","targetHints":{"allow":["GET"]}}],"collection":[{"href":"https:\/\/diarioelpopular.com\/index.php\/wp-json\/wp\/v2\/posts"}],"about":[{"href":"https:\/\/diarioelpopular.com\/index.php\/wp-json\/wp\/v2\/types\/post"}],"author":[{"embeddable":true,"href":"https:\/\/diarioelpopular.com\/index.php\/wp-json\/wp\/v2\/users\/1"}],"replies":[{"embeddable":true,"href":"https:\/\/diarioelpopular.com\/index.php\/wp-json\/wp\/v2\/comments?post=418960"}],"version-history":[{"count":0,"href":"https:\/\/diarioelpopular.com\/index.php\/wp-json\/wp\/v2\/posts\/418960\/revisions"}],"wp:featuredmedia":[{"embeddable":true,"href":"https:\/\/diarioelpopular.com\/index.php\/wp-json\/"}],"wp:attachment":[{"href":"https:\/\/diarioelpopular.com\/index.php\/wp-json\/wp\/v2\/media?parent=418960"}],"wp:term":[{"taxonomy":"category","embeddable":true,"href":"https:\/\/diarioelpopular.com\/index.php\/wp-json\/wp\/v2\/categories?post=418960"},{"taxonomy":"post_tag","embeddable":true,"href":"https:\/\/diarioelpopular.com\/index.php\/wp-json\/wp\/v2\/tags?post=418960"}],"curies":[{"name":"wp","href":"https:\/\/api.w.org\/{rel}","templated":true}]}}