{"id":420136,"date":"2012-10-26T09:33:36","date_gmt":"2012-10-26T13:33:36","guid":{"rendered":"http:\/\/diarioelpopular.com\/?p=420136"},"modified":"2012-10-26T09:33:36","modified_gmt":"2012-10-26T13:33:36","slug":"el-gobierno-federal-afirma-que-el-suicido-asistido-degrada-la-vida","status":"publish","type":"post","link":"https:\/\/diarioelpopular.com\/index.php\/2012\/10\/26\/el-gobierno-federal-afirma-que-el-suicido-asistido-degrada-la-vida\/","title":{"rendered":"El gobierno federal afirma que el suicido asistido degrada la vida"},"content":{"rendered":"<div id=\"attachment_420139\" style=\"width: 710px\" class=\"wp-caption aligncenter\"><a href=\"https:\/\/diarioelpopular.com\/wp-content\/uploads\/2012\/10\/web.1106.jpg\"><img loading=\"lazy\" decoding=\"async\" aria-describedby=\"caption-attachment-420139\" class=\"size-full wp-image-420139\" title=\"web.1\" src=\"https:\/\/diarioelpopular.com\/wp-content\/uploads\/2012\/10\/web.1106.jpg\" alt=\"\" width=\"700\" height=\"420\" \/><\/a><p id=\"caption-attachment-420139\" class=\"wp-caption-text\">Gloria es ayudada por su hermana Patty Ferguson en los exteriores de la Corte Suprema de Canad\u00e1.<\/p><\/div>\n<p><strong><em>VANCOUVER.-<\/em><\/strong> El gobierno federal ha dictaminado que permitir el suicidio asistido degrada el valor de la vida y pone en riesgo a las personas vulnerables en los momentos de debilidad.<\/p>\n<p>Ottawa ha presentado sus argumentos en la apelaci\u00f3n de una decisi\u00f3n del tribunal de British Columbia que revoc\u00f3 la prohibici\u00f3n de suicidio asistido por m\u00e9dicos, argumentando que el juez de primera instancia se equivoc\u00f3 al concluir que la ley es inconstitucional.<\/p>\n<p>En documentos presentados ante el Tribunal de Apelaci\u00f3n, el Gobierno dice que la ley refleja una creencia razonable de que permitir el suicidio asistido podr\u00eda poner a las personas vulnerables en riesgo de ser coaccionadas o inclusos obligadas a poner fin a sus vidas.<\/p>\n<p>El Gobierno dice que la ley refleja el deseo del Parlamento de desalentar y prevenir el suicidio en todos los casos, y debe tener un m\u00e1ximo de legisladores, no los tribunales, para decidir si eso tiene que cambiar.<\/p>\n<p>El caso fue puesto en marcha por varios demandantes, entre ellos Gloria Taylor, quien gan\u00f3 una exenci\u00f3n constitucional de la ley, pero muri\u00f3 a principios de este mes, sin necesidad de recurrir al suicidio asistido.<\/p>\n<p>Ottawa se ampara en la decisi\u00f3n de la Corte Suprema de Canad\u00e1, de 1993, cuando hizo cumplir la ley en el caso sobre la ciudadana Sue Rodr\u00edguez.<\/p>\n<p>Sue Rodr\u00edguez (agosto 2, 1950-febrero 12, 1994) fue un defensora del suicidio asistido. Naci\u00f3 en Winnipeg, Manitoba, con el nombre dado de Sue Shipley, y creci\u00f3 en Thornhill, Ontario, un suburbio de Toronto. Su primer matrimonio fue de corta duraci\u00f3n.<\/p>\n<p>Rodr\u00edguez fue diagnosticada con esclerosis lateral amiotr\u00f3fica (ELA) a principios de 1991. Ella luch\u00f3 para tener un derecho legal al suicidio asistido, en virtud del C\u00f3digo Penal de Canad\u00e1.<\/p>\n<p>Sin embargo, la constituci\u00f3n recoge que el suicidio asistido es punible con una pena m\u00e1xima de 14 a\u00f1os de prisi\u00f3n. Rodr\u00edguez llev\u00f3 su caso ante la Corte Suprema de Canad\u00e1 hasta en dos ocasiones, pero al final perdi\u00f3 ambas batallas.<\/p>\n<p>En 1994, decidi\u00f3 quitarse la vida con la ayuda de un m\u00e9dico an\u00f3nimo. Svend Robinson, del Nuevo Partido Democr\u00e1tico MP que hab\u00eda hecho campa\u00f1a a su causa, tambi\u00e9n estuvo presente.<\/p>\n<p>Una pel\u00edcula de 1998 llamada \u201cAl final del d\u00eda\u201d cuenta su historia, con Wendy Crewson como protagonista.<\/p>\n","protected":false},"excerpt":{"rendered":"<p>En documentos presentados ante el Tribunal de Apelaci\u00f3n, el Gobierno dice que la ley refleja una creencia razonable de que permitir el suicidio asistido podr\u00eda poner a las personas vulnerables en riesgo de ser coaccionadas.<\/p>\n","protected":false},"author":1,"featured_media":420139,"comment_status":"open","ping_status":"open","sticky":false,"template":"","format":"standard","meta":{"footnotes":""},"categories":[21],"tags":[5466,5467,4782,1081,683,91],"class_list":["post-420136","post","type-post","status-publish","format-standard","has-post-thumbnail","hentry","category-canada","tag-asistido","tag-degrada","tag-federal","tag-gobierno","tag-suicidio","tag-vida"],"_links":{"self":[{"href":"https:\/\/diarioelpopular.com\/index.php\/wp-json\/wp\/v2\/posts\/420136","targetHints":{"allow":["GET"]}}],"collection":[{"href":"https:\/\/diarioelpopular.com\/index.php\/wp-json\/wp\/v2\/posts"}],"about":[{"href":"https:\/\/diarioelpopular.com\/index.php\/wp-json\/wp\/v2\/types\/post"}],"author":[{"embeddable":true,"href":"https:\/\/diarioelpopular.com\/index.php\/wp-json\/wp\/v2\/users\/1"}],"replies":[{"embeddable":true,"href":"https:\/\/diarioelpopular.com\/index.php\/wp-json\/wp\/v2\/comments?post=420136"}],"version-history":[{"count":0,"href":"https:\/\/diarioelpopular.com\/index.php\/wp-json\/wp\/v2\/posts\/420136\/revisions"}],"wp:featuredmedia":[{"embeddable":true,"href":"https:\/\/diarioelpopular.com\/index.php\/wp-json\/"}],"wp:attachment":[{"href":"https:\/\/diarioelpopular.com\/index.php\/wp-json\/wp\/v2\/media?parent=420136"}],"wp:term":[{"taxonomy":"category","embeddable":true,"href":"https:\/\/diarioelpopular.com\/index.php\/wp-json\/wp\/v2\/categories?post=420136"},{"taxonomy":"post_tag","embeddable":true,"href":"https:\/\/diarioelpopular.com\/index.php\/wp-json\/wp\/v2\/tags?post=420136"}],"curies":[{"name":"wp","href":"https:\/\/api.w.org\/{rel}","templated":true}]}}