{"id":421072,"date":"2012-10-28T21:39:02","date_gmt":"2012-10-29T01:39:02","guid":{"rendered":"http:\/\/diarioelpopular.com\/?p=421072"},"modified":"2012-10-28T21:39:02","modified_gmt":"2012-10-29T01:39:02","slug":"la-estatua-de-la-libertad-cumple-126-anos-reabriendo-al-publico-su-corona","status":"publish","type":"post","link":"https:\/\/diarioelpopular.com\/index.php\/2012\/10\/28\/la-estatua-de-la-libertad-cumple-126-anos-reabriendo-al-publico-su-corona\/","title":{"rendered":"La Estatua de la Libertad cumple 126 a\u00f1os reabriendo al p\u00fablico su corona"},"content":{"rendered":"<div id=\"attachment_421073\" style=\"width: 810px\" class=\"wp-caption aligncenter\"><a href=\"https:\/\/diarioelpopular.com\/wp-content\/uploads\/2012\/10\/20121028_634870571293159008w.jpg\"><img loading=\"lazy\" decoding=\"async\" aria-describedby=\"caption-attachment-421073\" class=\"size-full wp-image-421073\" title=\"20121028_634870571293159008w\" src=\"https:\/\/diarioelpopular.com\/wp-content\/uploads\/2012\/10\/20121028_634870571293159008w.jpg\" alt=\"\" width=\"800\" height=\"533\" \/><\/a><p id=\"caption-attachment-421073\" class=\"wp-caption-text\">NUEVA YORK (NY, EE.UU.).- Vista general de la Estatua de la Libertad este domingo 28 de octubre, en Nueva York (NY, EE.UU.). En el monumento, que cumple su aniversario 126, fue reabierta al p\u00fablico la corona tras un a\u00f1o cerrada por obras de restauraci\u00f3n.<\/p><\/div>\n<p>Marta Quint\u00edn<\/p>\n<div id=\"texto\">\n<div>\n<p><strong><em>Nueva York.-<\/em><\/strong> La Estatua de la Libertad celebr\u00f3 este domingo su 126 cumplea\u00f1os reabriendo su corona al p\u00fablico, tras haber permanecido cerrada durante un a\u00f1o por unas obras de restauraci\u00f3n para reforzar la seguridad de los visitantes y en las que se ha respetado al m\u00e1ximo la estructura original del monumento.<\/p>\n<p>&#8220;Estos trabajos de renovaci\u00f3n significan literal y figuradamente que el camino de la libertad est\u00e1 abierto a todo el mundo&#8221;, afirm\u00f3 el secretario de Interior de Estados Unidos, Ken Salazar, durante la ceremonia de reapertura de la estatua.<\/p>\n<p>La ceremonia inaugural se llev\u00f3 a cabo en medio de un fuerte y creciente viento y de los preparativos adoptados por las autoridades de la ciudad para afrontar la llegada del hurac\u00e1n &#8220;Sandy&#8221;, como la suspensi\u00f3n del transporte p\u00fablico o el cierre de las escuelas.<\/p>\n<p>La Estatua de la Libertad, realizada en cobre por el escultor franc\u00e9s Fr\u00e9d\u00e9ric Auguste Bartholdi, se inaugur\u00f3 el 28 de octubre de 1886, erguida sobre un fort\u00edn en forma de estrella y un pedestal de casi 47 metros de altura, desde el que estar\u00eda destinado a convertirse en el s\u00edmbolo avistado por los inmigrantes que llegaran en barco a Estados Unidos por el Oc\u00e9ano Atl\u00e1ntico.<\/p>\n<p>En sus 126 a\u00f1os de existencia, la Estatua, declarada monumento nacional en 1924, ha sido sometida a m\u00faltiples procesos de reforma, y el \u00faltimo se inici\u00f3 el a\u00f1o pasado, con el objetivo de &#8220;mejorar la seguridad de los visitantes&#8221;, seg\u00fan explic\u00f3 una de las arquitectas encargada de las obras, Anne Weber.<\/p>\n<p>Entre estas mejoras, cuyo coste ha ascendido a 30 millones de d\u00f3lares (algo m\u00e1s de 23 millones de euros), est\u00e1n una nueva escalera de granito, compuesta por 393 pelda\u00f1os m\u00e1s bajos, en vez de los 354 que hab\u00eda hasta ahora, para que resulte m\u00e1s f\u00e1cil subir; una remodelaci\u00f3n de los ba\u00f1os o un sistema de refrigeraci\u00f3n con el que se pretende paliar el calor que se acumula en el interior de la estatua.<\/p>\n<p>As\u00ed, en los meses de verano, dentro de esta estructura de casi 93 metros totales de altura se pueden alcanzar temperaturas superiores en diez grados cent\u00edgrados a las del exterior.<\/p>\n<p>Otra de las grandes renovaciones ha sido la de facilitar el acceso a los visitantes con discapacidades f\u00edsicas, ya que, a partir de ahora, las personas en silla de ruedas, que hasta el momento ten\u00edan que quedarse a nivel del suelo, podr\u00e1n ascender al observatorio situado en la cima del pedestal.<\/p>\n<p>Todas estas mejoras har\u00e1n posible que cada a\u00f1o puedan acceder a la corona de la Estatua hasta 26.000 visitantes m\u00e1s, que se suman a los 3,5 millones que ya acuden anualmente al monumento.<\/p>\n<p>Sin embargo, el reto de estas obras ha sido, seg\u00fan Weber, respetar en todo momento la estructura original ideada por el ingeniero Gustave Eiffel.<\/p>\n<p>&#8220;Hab\u00eda que conjugar las nuevas medidas de seguridad con el dise\u00f1o de Eiffel&#8221;, subray\u00f3 la arquitecta, quien se refiri\u00f3 asimismo a las dificultades que entra\u00f1a acometer las obras en la isla en la que se halla la Estatua, como por ejemplo, transportar hasta este emplazamiento 60 toneladas de cemento.<\/p>\n<p>Pese a todo, seg\u00fan apunt\u00f3 Weber, el proceso de renovaci\u00f3n no concluir\u00e1, previsiblemente, hasta principios de 2013, cuando todas las instalaciones de la Estatua queden abiertas.<\/p>\n<p>Por el momento, esta apertura parcial qued\u00f3 refrendada cuando Salazar y el superintendente de este monumento nacional y de la cercana isla de Ellis, que acoge un museo sobre la inmigraci\u00f3n, David Luchsinger, cortaron simb\u00f3licamente con unas enormes tijeras la cinta inaugural, tras escuchar el himno nacional de boca de la sargento de la Academia Militar de West Point Mary Kay Messenger.<\/p>\n<p>Una emotiva fiesta de cumplea\u00f1os para este s\u00edmbolo de la libertad y la democracia, &#8220;el que mejor define al pueblo estadounidense&#8221;, seg\u00fan declar\u00f3 Salazar, y que el 17 de junio de 1886 lleg\u00f3 al puerto de Nueva York, embalado en 214 cajas y a bordo de la fragata Is\u00e8re, como un obsequio del pueblo de Francia auspiciado por el pol\u00edtico Eduardo Laboulaye.<\/p>\n<p>Un regalo titulado &#8220;La libertad alumbrando al mundo&#8221; con el que se quer\u00eda conmemorar el centenario de la independencia estadounidense.<\/p>\n<p>Adem\u00e1s de reforzar los lazos entre este pa\u00eds y Francia, y que desde entonces da la bienvenida a los viajeros con su inconfundible antorcha y una corona estrellada que a partir de hoy est\u00e1 abierta para todo el que quiera contemplar el Nuevo Mundo desde las alturas.<\/p>\n<p>Eso s\u00ed, una vez que pase el hurac\u00e1n &#8220;Sandy&#8221;.<\/p>\n<\/div>\n<\/div>\n","protected":false},"excerpt":{"rendered":"<p>La Estatua de la Libertad celebr\u00f3 este domingo su 126 cumplea\u00f1os reabriendo su corona al p\u00fablico<\/p>\n","protected":false},"author":1,"featured_media":421073,"comment_status":"open","ping_status":"open","sticky":false,"template":"","format":"standard","meta":{"footnotes":""},"categories":[24],"tags":[629,5504,2715,3167,3972],"class_list":["post-421072","post","type-post","status-publish","format-standard","has-post-thumbnail","hentry","category-mundo","tag-aniversario","tag-estatua","tag-libertad","tag-nueva","tag-york"],"_links":{"self":[{"href":"https:\/\/diarioelpopular.com\/index.php\/wp-json\/wp\/v2\/posts\/421072","targetHints":{"allow":["GET"]}}],"collection":[{"href":"https:\/\/diarioelpopular.com\/index.php\/wp-json\/wp\/v2\/posts"}],"about":[{"href":"https:\/\/diarioelpopular.com\/index.php\/wp-json\/wp\/v2\/types\/post"}],"author":[{"embeddable":true,"href":"https:\/\/diarioelpopular.com\/index.php\/wp-json\/wp\/v2\/users\/1"}],"replies":[{"embeddable":true,"href":"https:\/\/diarioelpopular.com\/index.php\/wp-json\/wp\/v2\/comments?post=421072"}],"version-history":[{"count":0,"href":"https:\/\/diarioelpopular.com\/index.php\/wp-json\/wp\/v2\/posts\/421072\/revisions"}],"wp:featuredmedia":[{"embeddable":true,"href":"https:\/\/diarioelpopular.com\/index.php\/wp-json\/"}],"wp:attachment":[{"href":"https:\/\/diarioelpopular.com\/index.php\/wp-json\/wp\/v2\/media?parent=421072"}],"wp:term":[{"taxonomy":"category","embeddable":true,"href":"https:\/\/diarioelpopular.com\/index.php\/wp-json\/wp\/v2\/categories?post=421072"},{"taxonomy":"post_tag","embeddable":true,"href":"https:\/\/diarioelpopular.com\/index.php\/wp-json\/wp\/v2\/tags?post=421072"}],"curies":[{"name":"wp","href":"https:\/\/api.w.org\/{rel}","templated":true}]}}