{"id":421972,"date":"2012-10-30T20:25:24","date_gmt":"2012-10-31T00:25:24","guid":{"rendered":"http:\/\/diarioelpopular.com\/?p=421972"},"modified":"2013-06-17T18:30:46","modified_gmt":"2013-06-17T22:30:46","slug":"wiggins-gana-la-bicicleta-de-oro-2012","status":"publish","type":"post","link":"https:\/\/diarioelpopular.com\/index.php\/2012\/10\/30\/wiggins-gana-la-bicicleta-de-oro-2012\/","title":{"rendered":"Wiggins gana la Bicicleta de Oro 2012"},"content":{"rendered":"<div id=\"attachment_421973\" style=\"width: 662px\" class=\"wp-caption aligncenter\"><a href=\"https:\/\/diarioelpopular.com\/wp-content\/uploads\/2012\/10\/web.wiggins.jpg\"><img loading=\"lazy\" decoding=\"async\" aria-describedby=\"caption-attachment-421973\" class=\"size-full wp-image-421973\" title=\"web.wiggins\" src=\"https:\/\/diarioelpopular.com\/wp-content\/uploads\/2012\/10\/web.wiggins.jpg\" alt=\"\" width=\"652\" height=\"743\" \/><\/a><p id=\"caption-attachment-421973\" class=\"wp-caption-text\">El brit\u00e1nico Bradley Wiggins, vencedor del Tour de Francia y campe\u00f3n ol\u00edmpico contrarreloj ha sido elegido Bicicleta de Oro 2012, lo que le destaca como el mejor ciclista del a\u00f1o.<\/p><\/div>\n<p><strong><em>Madrid.-<\/em><\/strong> El brit\u00e1nico Bradley\u00a0Wiggins, vencedor del Tour de Francia y campe\u00f3n ol\u00edmpico contrarreloj ha sido elegido Bicicleta de Oro 2012, lo que le destaca como el mejor ciclista del a\u00f1o, por delante del belga Tom Boonen y del espa\u00f1ol Joaquim &#8220;Purito&#8221; Rodr\u00edguez.<\/p>\n<div id=\"texto\">\n<div>\n<p>Wiggins, tambi\u00e9n ganador esta temporada de la Par\u00eds-Niza, Tour de Romand\u00eda y Dauphin\u00e9 Liber\u00e9, sucede en el palmar\u00e9s al belga Philippe Gilbert, actual campe\u00f3n mundial.<\/p>\n<p>El premio, otorgado por la revista V\u00e9lo Magazine y votado por los periodistas, se ha decantado por\u00a0Wiggins\u00a0a pesar de la dura oposici\u00f3n que ha tenido en Boonen, el rey de las cl\u00e1sicas con el doblete en Par\u00eds-Roubaix y Tour de Flandes, y en Purito Rodr\u00edguez, segundo en el Giro, tercero en la Vuelta y ganador de la Flecha-Valona y el Giro de Lombard\u00eda.<\/p>\n<p><strong><em>.- Clasificaci\u00f3n de la Bicicleta de Oro 2012:<\/em><\/strong><\/p>\n<p>1. Bradley\u00a0Wiggins\u00a0(GBR)<\/p>\n<p>2. Tom Boonen (BEL)<\/p>\n<p>3. Joaquim Rodr\u00edguez (ESP)<\/p>\n<p>4. Philippe Gilbert (BEL)<\/p>\n<p>5. Peter Sagan (SVK).<\/p>\n<\/div>\n<\/div>\n","protected":false},"excerpt":{"rendered":"<p>El brit\u00e1nico Bradley Wiggins, vencedor del Tour de Francia y campe\u00f3n ol\u00edmpico contrarreloj ha sido elegido Bicicleta de Oro 2012<\/p>\n","protected":false},"author":1,"featured_media":421973,"comment_status":"open","ping_status":"open","sticky":false,"template":"","format":"standard","meta":{"footnotes":""},"categories":[28],"tags":[4018,1215,1130,4052],"class_list":["post-421972","post","type-post","status-publish","format-standard","has-post-thumbnail","hentry","category-deportes","tag-bicicleta","tag-ciclismo","tag-oro","tag-wiggins"],"_links":{"self":[{"href":"https:\/\/diarioelpopular.com\/index.php\/wp-json\/wp\/v2\/posts\/421972","targetHints":{"allow":["GET"]}}],"collection":[{"href":"https:\/\/diarioelpopular.com\/index.php\/wp-json\/wp\/v2\/posts"}],"about":[{"href":"https:\/\/diarioelpopular.com\/index.php\/wp-json\/wp\/v2\/types\/post"}],"author":[{"embeddable":true,"href":"https:\/\/diarioelpopular.com\/index.php\/wp-json\/wp\/v2\/users\/1"}],"replies":[{"embeddable":true,"href":"https:\/\/diarioelpopular.com\/index.php\/wp-json\/wp\/v2\/comments?post=421972"}],"version-history":[{"count":1,"href":"https:\/\/diarioelpopular.com\/index.php\/wp-json\/wp\/v2\/posts\/421972\/revisions"}],"predecessor-version":[{"id":451465,"href":"https:\/\/diarioelpopular.com\/index.php\/wp-json\/wp\/v2\/posts\/421972\/revisions\/451465"}],"wp:featuredmedia":[{"embeddable":true,"href":"https:\/\/diarioelpopular.com\/index.php\/wp-json\/"}],"wp:attachment":[{"href":"https:\/\/diarioelpopular.com\/index.php\/wp-json\/wp\/v2\/media?parent=421972"}],"wp:term":[{"taxonomy":"category","embeddable":true,"href":"https:\/\/diarioelpopular.com\/index.php\/wp-json\/wp\/v2\/categories?post=421972"},{"taxonomy":"post_tag","embeddable":true,"href":"https:\/\/diarioelpopular.com\/index.php\/wp-json\/wp\/v2\/tags?post=421972"}],"curies":[{"name":"wp","href":"https:\/\/api.w.org\/{rel}","templated":true}]}}