{"id":423251,"date":"2012-11-02T20:32:30","date_gmt":"2012-11-03T00:32:30","guid":{"rendered":"http:\/\/diarioelpopular.com\/?p=423251"},"modified":"2012-11-02T20:32:30","modified_gmt":"2012-11-03T00:32:30","slug":"los-lunes-al-sol-estara-en-festival-de-cine-de-la-ue-de-toronto","status":"publish","type":"post","link":"https:\/\/diarioelpopular.com\/index.php\/2012\/11\/02\/los-lunes-al-sol-estara-en-festival-de-cine-de-la-ue-de-toronto\/","title":{"rendered":"&#8220;Los lunes al sol&#8221; estar\u00e1 en Festival de Cine de la UE de Toronto"},"content":{"rendered":"<p><a href=\"https:\/\/diarioelpopular.com\/wp-content\/uploads\/2012\/11\/web.1.lunes_.jpg\"><img loading=\"lazy\" decoding=\"async\" class=\"aligncenter size-full wp-image-423587\" title=\"web.1.lunes\" src=\"https:\/\/diarioelpopular.com\/wp-content\/uploads\/2012\/11\/web.1.lunes_.jpg\" alt=\"\" width=\"700\" height=\"420\" \/><\/a>Toronto.- La pel\u00edcula &#8220;Los lunes al sol&#8221;, de Fernando Le\u00f3n de Aranoa, representar\u00e1 a Espa\u00f1a en el octavo Festival de Cine de la Uni\u00f3n Europea (EUFF) que se celebrar\u00e1 del 14 al 24 de noviembre en Toronto.<\/p>\n<div id=\"texto\">\n<div>\n<p>El festival, organizado por los consulados de la Uni\u00f3n Europea en Toronto, se iniciar\u00e1 con la proyecci\u00f3n de la pel\u00edcula chipriota &#8220;By Miracle&#8221; y terminar\u00e1 con el largometraje dan\u00e9s &#8220;Waltzing Regitze&#8221;.<\/p>\n<p>En total, el festival EUFF mostrar\u00e1 30 pel\u00edculas procedentes de 27 pa\u00edses europeos. Es la primera vez que la totalidad de los 27 pa\u00edses europeos estar\u00e1n presentes en EUFF.<\/p>\n<p>Otra novedad es que, por primera vez, el festival ser\u00e1 el escenario para el estreno en Canad\u00e1 de m\u00e1s de 10 pel\u00edculas europeas.<\/p>\n<p>Tambi\u00e9n este a\u00f1o, EUFF celebrar\u00e1 dos seminarios dirigidos por Nik Powell, vicepresidente de la Academia Europea de Cine y fundador junto con Richard Branson de Virgin Records.<\/p>\n<p>Powell ha producido pel\u00edculas como &#8220;Company of Wolves&#8221;, &#8220;Mona Lisa&#8221; y &#8220;The Crying Games&#8221;.<\/p>\n<p>&#8220;Los lunes al sol&#8221; gan\u00f3 en 2003 los galardones a la mejor pel\u00edcula, mejor director, mejor actor y mejor actor secundario de los Premios Goya.<\/p>\n<p>En los \u00faltimos a\u00f1os Toronto se ha convertido en una de las capitales de cine del mundo con la celebraci\u00f3n de m\u00e1s de 70 festivales al a\u00f1o, incluido el Festival Internacional de Cine de Toronto (TIFF), considerado como uno de los tres principales del mundo.<\/p>\n<p>EUFF, establecido en 2004, tiene como objetivo reflejar la diversidad e innovaci\u00f3n del cine europeo.<\/p>\n<\/div>\n<\/div>\n","protected":false},"excerpt":{"rendered":"<p>La pel\u00edcula &#8220;Los lunes al sol&#8221;, de Fernando Le\u00f3n de Aranoa, representar\u00e1 a Espa\u00f1a en el octavo Festival de Cine de la Uni\u00f3n Europea.<\/p>\n","protected":false},"author":1,"featured_media":423587,"comment_status":"open","ping_status":"open","sticky":false,"template":"","format":"standard","meta":{"footnotes":""},"categories":[21,80],"tags":[3001,2202,3010,5578,5579,5580,341],"class_list":["post-423251","post","type-post","status-publish","format-standard","has-post-thumbnail","hentry","category-canada","category-cine-2","tag-al","tag-cine-3","tag-los","tag-lunes","tag-peliculafestival","tag-sol","tag-ue"],"_links":{"self":[{"href":"https:\/\/diarioelpopular.com\/index.php\/wp-json\/wp\/v2\/posts\/423251","targetHints":{"allow":["GET"]}}],"collection":[{"href":"https:\/\/diarioelpopular.com\/index.php\/wp-json\/wp\/v2\/posts"}],"about":[{"href":"https:\/\/diarioelpopular.com\/index.php\/wp-json\/wp\/v2\/types\/post"}],"author":[{"embeddable":true,"href":"https:\/\/diarioelpopular.com\/index.php\/wp-json\/wp\/v2\/users\/1"}],"replies":[{"embeddable":true,"href":"https:\/\/diarioelpopular.com\/index.php\/wp-json\/wp\/v2\/comments?post=423251"}],"version-history":[{"count":0,"href":"https:\/\/diarioelpopular.com\/index.php\/wp-json\/wp\/v2\/posts\/423251\/revisions"}],"wp:featuredmedia":[{"embeddable":true,"href":"https:\/\/diarioelpopular.com\/index.php\/wp-json\/"}],"wp:attachment":[{"href":"https:\/\/diarioelpopular.com\/index.php\/wp-json\/wp\/v2\/media?parent=423251"}],"wp:term":[{"taxonomy":"category","embeddable":true,"href":"https:\/\/diarioelpopular.com\/index.php\/wp-json\/wp\/v2\/categories?post=423251"},{"taxonomy":"post_tag","embeddable":true,"href":"https:\/\/diarioelpopular.com\/index.php\/wp-json\/wp\/v2\/tags?post=423251"}],"curies":[{"name":"wp","href":"https:\/\/api.w.org\/{rel}","templated":true}]}}