{"id":423413,"date":"2012-11-02T20:43:01","date_gmt":"2012-11-03T00:43:01","guid":{"rendered":"http:\/\/diarioelpopular.com\/?p=423413"},"modified":"2012-11-02T20:43:01","modified_gmt":"2012-11-03T00:43:01","slug":"africa-necesita-confianza-para-aceptar-biotecnologia","status":"publish","type":"post","link":"https:\/\/diarioelpopular.com\/index.php\/2012\/11\/02\/africa-necesita-confianza-para-aceptar-biotecnologia\/","title":{"rendered":"\u00c1frica necesita confianza para aceptar biotecnolog\u00eda"},"content":{"rendered":"<div id=\"attachment_423414\" style=\"width: 710px\" class=\"wp-caption aligncenter\"><a href=\"https:\/\/diarioelpopular.com\/wp-content\/uploads\/2012\/11\/web.1.-profe.jpg\"><img loading=\"lazy\" decoding=\"async\" aria-describedby=\"caption-attachment-423414\" class=\"size-full wp-image-423414\" title=\"web.1.-profe\" src=\"https:\/\/diarioelpopular.com\/wp-content\/uploads\/2012\/11\/web.1.-profe.jpg\" alt=\"\" width=\"700\" height=\"420\" \/><\/a><p id=\"caption-attachment-423414\" class=\"wp-caption-text\">El profesor de la Escuela Kennedy de Harvard, Calestous Juma, dijo en la introducci\u00f3n del estudio que &quot;las estrategias a largo plazo para impulsar la agricultura africana tendr\u00e1n que incluir la aplicaci\u00f3n de la biotecnolog\u00eda&quot;.<\/p><\/div>\n<p>Toronto.- La falta de confianza es una de las principales razones para la lentitud en la introducci\u00f3n de los cultivos biotecnol\u00f3gicos en \u00c1frica, seg\u00fan un estudio canadiense dado a conocer en esta ciudad.<\/p>\n<div id=\"texto\">\n<div>\n<div id=\"attachment_423415\" style=\"width: 310px\" class=\"wp-caption alignleft\"><a href=\"https:\/\/diarioelpopular.com\/wp-content\/uploads\/2012\/11\/27518_web.jpeg\"><img loading=\"lazy\" decoding=\"async\" aria-describedby=\"caption-attachment-423415\" class=\"size-medium wp-image-423415\" title=\"27518_web\" src=\"https:\/\/diarioelpopular.com\/wp-content\/uploads\/2012\/11\/27518_web-300x300.jpg\" alt=\"\" width=\"300\" height=\"300\" \/><\/a><p id=\"caption-attachment-423415\" class=\"wp-caption-text\">El profesor de la Escuela Kennedy de Harvard, Calestous Juma.<\/p><\/div>\n<p>La investigaci\u00f3n, realizada durante los \u00faltimos cuatro a\u00f1os por el Centro Sandra Rotman y la Universidad de Toronto y publicada en la revista brit\u00e1nica Agriculture and Food Security, se\u00f1al\u00f3 que en \u00c1frica es m\u00e1s dif\u00edcil establecer confianza en cultivos biotecnol\u00f3gicos destinados al consumo humano.<\/p>\n<p>S\u00f3lo tres pa\u00edses africanos han comercializado cultivos modificados tecnol\u00f3gicamente, aunque otros pa\u00edses est\u00e1n investigando o a la espera de la aprobaci\u00f3n reguladora para su comercializaci\u00f3n.<\/p>\n<p>El profesor de la Escuela Kennedy de Harvard, Calestous Juma, dijo en la introducci\u00f3n del estudio que &#8220;las estrategias a largo plazo para impulsar la agricultura africana tendr\u00e1n que incluir la aplicaci\u00f3n de la biotecnolog\u00eda&#8221;.<\/p>\n<p>El estudio, financiado por la Fundaci\u00f3n Bill y Melinda Gates, se\u00f1al\u00f3 que la dificultad de establecer asociaciones p\u00fablico-privadas para el desarrollo de la biotecnolog\u00eda en \u00c1frica est\u00e1 relacionada con la precauci\u00f3n del p\u00fablico ante las actividades del sector privado y los cultivos modificados gen\u00e9ticamente.<\/p>\n<p>El investigador Obidimma Ezezika, uno de los autores de la investigaci\u00f3n afiliado al Centro Sandra Rotman de Toronto, se\u00f1al\u00f3 que &#8220;no s\u00f3lo los sectores p\u00fablico y privado tienen percepciones negativas el uno del otro, sino que las asociaciones p\u00fablico-privadas se enfrentan a un p\u00fablico cauteloso a prop\u00f3sito de los cultivos modificados gen\u00e9ticamente y de las actividades del sector privado en sus pa\u00edses&#8221;.<\/p>\n<p>Abdallah Daar, profesor de la Universidad de Toronto y director de \u00c9tica y Comercializaci\u00f3n del Centro Sandra Rotman, otro de los autores del estudio, tambi\u00e9n indic\u00f3 que &#8220;las lecciones que contiene el estudio son aplicables en muchos m\u00e1s campos que los de los cultivos modificados gen\u00e9ticamente&#8221;.<\/p>\n<\/div>\n<\/div>\n","protected":false},"excerpt":{"rendered":"<p>La falta de confianza es una de las principales razones para la lentitud en la introducci\u00f3n de los cultivos biotecnol\u00f3gicos en \u00c1frica.<\/p>\n","protected":false},"author":1,"featured_media":423414,"comment_status":"open","ping_status":"open","sticky":false,"template":"","format":"standard","meta":{"footnotes":""},"categories":[21,24],"tags":[1152,5581,5582,3823,5583,5584,3659],"class_list":["post-423413","post","type-post","status-publish","format-standard","has-post-thumbnail","hentry","category-canada","category-mundo","tag-africa","tag-biotecnologia","tag-calestous","tag-confianza","tag-harvard","tag-juma","tag-profesor"],"_links":{"self":[{"href":"https:\/\/diarioelpopular.com\/index.php\/wp-json\/wp\/v2\/posts\/423413","targetHints":{"allow":["GET"]}}],"collection":[{"href":"https:\/\/diarioelpopular.com\/index.php\/wp-json\/wp\/v2\/posts"}],"about":[{"href":"https:\/\/diarioelpopular.com\/index.php\/wp-json\/wp\/v2\/types\/post"}],"author":[{"embeddable":true,"href":"https:\/\/diarioelpopular.com\/index.php\/wp-json\/wp\/v2\/users\/1"}],"replies":[{"embeddable":true,"href":"https:\/\/diarioelpopular.com\/index.php\/wp-json\/wp\/v2\/comments?post=423413"}],"version-history":[{"count":0,"href":"https:\/\/diarioelpopular.com\/index.php\/wp-json\/wp\/v2\/posts\/423413\/revisions"}],"wp:featuredmedia":[{"embeddable":true,"href":"https:\/\/diarioelpopular.com\/index.php\/wp-json\/"}],"wp:attachment":[{"href":"https:\/\/diarioelpopular.com\/index.php\/wp-json\/wp\/v2\/media?parent=423413"}],"wp:term":[{"taxonomy":"category","embeddable":true,"href":"https:\/\/diarioelpopular.com\/index.php\/wp-json\/wp\/v2\/categories?post=423413"},{"taxonomy":"post_tag","embeddable":true,"href":"https:\/\/diarioelpopular.com\/index.php\/wp-json\/wp\/v2\/tags?post=423413"}],"curies":[{"name":"wp","href":"https:\/\/api.w.org\/{rel}","templated":true}]}}