{"id":423614,"date":"2012-11-05T17:45:52","date_gmt":"2012-11-05T22:45:52","guid":{"rendered":"http:\/\/diarioelpopular.com\/?p=423614"},"modified":"2012-11-05T17:45:52","modified_gmt":"2012-11-05T22:45:52","slug":"fallece-leonardo-favio","status":"publish","type":"post","link":"https:\/\/diarioelpopular.com\/index.php\/2012\/11\/05\/fallece-leonardo-favio\/","title":{"rendered":"Fallece Leonardo Favio"},"content":{"rendered":"<div id=\"attachment_423615\" style=\"width: 810px\" class=\"wp-caption aligncenter\"><a href=\"https:\/\/diarioelpopular.com\/wp-content\/uploads\/2012\/11\/20121105_634877416114671283w.jpg\"><img loading=\"lazy\" decoding=\"async\" aria-describedby=\"caption-attachment-423615\" class=\"size-full wp-image-423615\" title=\"20121105_634877416114671283w\" src=\"https:\/\/diarioelpopular.com\/wp-content\/uploads\/2012\/11\/20121105_634877416114671283w.jpg\" alt=\"\" width=\"800\" height=\"593\" \/><\/a><p id=\"caption-attachment-423615\" class=\"wp-caption-text\">BUENOS AIRES (ARGENTINA).- Fotograf\u00eda de archivo del 21 de enero de 1994 del cineasta y cantautor argentino Leonardo Favio (c) recibiendo el premio a la mejor pel\u00edcula extranjera de habla hispana en la VIII edici\u00f3n de los premios Goya de Cine, por la pel\u00edcula argentina &quot;Gatica el mono&quot;, en Madrid (Espa\u00f1a). Junto a \u00e9l posan los actores espa\u00f1oles Mar\u00eda Luisa San Jos\u00e9 (i) y Jos\u00e9 Sacrist\u00e1n (d). Leonardo Favio, considerado uno de los m\u00e1s importantes realizadores del cine argentino, falleci\u00f3 a los 74 a\u00f1os este lunes 5 de noviembre de 2012, en un hospital de Buenos Aires, tras un agravamiento de una neumon\u00eda.<\/p><\/div>\n<p><strong><em>Buenos Aires.-<\/em><\/strong> Leonardo Favio, uno de los mayores exponentes de la cinematograf\u00eda argentina, muri\u00f3 este lunes en Buenos Aires a los 74 a\u00f1os, dejando un legado no s\u00f3lo de pel\u00edculas de vanguardia sino tambi\u00e9n una carrera como cantautor y una reconocida militancia en el peronismo.<\/p>\n<div id=\"texto\">\n<div>\n<p>El artista, quien en realidad se llamaba Fuad Jorge Jury, falleci\u00f3 por neumon\u00eda en un sanatorio de la capital argentina, donde permanec\u00eda ingresado desde agosto.<\/p>\n<p>Sus restos ser\u00e1n velados desde la noche de lunes en el Palacio de los dos Congresos de Argentina, confirmaron fuentes del Legislativo.<\/p>\n<p>&#8220;Fue un artista del sentimiento, de lo popular, pero capaz de filmar un cine bell\u00edsimo y sublime&#8221;, dijo el secretario de Cultura argentino, Jorge Coscia.<\/p>\n<p>El funcionario sostuvo que la filmograf\u00eda de Favio &#8220;va a ser indeleble en la historia argentina&#8221;, una obra que, sintetiz\u00f3, &#8220;tiene la paleta del alma argentina&#8221;.<\/p>\n<p>Declarado hace dos a\u00f1os por el Gobierno como &#8220;embajador de la cultura argentina&#8221;, Favio tiene en su haber una decena de pel\u00edculas, entre ellas &#8220;Nazareno Cruz y el Lobo&#8221;, de 1975.<\/p>\n<p>Nacido el 28 de mayo de 1938 en la provincia de Mendoza (oeste), Favio salt\u00f3 a la fama por sus baladas, con \u00e9xitos como &#8220;Fuiste m\u00eda un verano&#8221; (1968).<\/p>\n<p>&#8220;Ha fallecido Leonardo Favio, enorme cantante, compositor y director de cine. Querido amigo, descansa en paz&#8221;, dijo el cantante espa\u00f1ol Raphael a trav\u00e9s de la red social Twiiter.<\/p>\n<p>Favio tambi\u00e9n ha destacado por su militancia en el Partido Justicialista (peronismo), compromiso por el cual, tras el golpe de Estado de 1976, debi\u00f3 exiliarse y se estableci\u00f3 en Colombia.<\/p>\n<p>Regres\u00f3 a Argentina en 1987, cuando retom\u00f3 su carrera con &#8220;Gatica, El Mono&#8221;, estrenada en 1993, y cuyo actor protagonista, Edgardo Nieva, record\u00f3 a Favio como &#8220;un artista extraordinario&#8221; y un &#8220;animal de cine&#8221; que rechaz\u00f3 ir a Hollywood porque prefer\u00eda contar historias de su pa\u00eds.<\/p>\n<p>&#8220;Era un militante de la vida y era un militante peronista&#8221;, dijo el actor.<\/p>\n<p>Entre 1996 y 1999, Favio dirigi\u00f3 el documental &#8220;Per\u00f3n, sinfon\u00eda del sentimiento&#8221;, sobre la historia del peronismo y la vida del tres veces presidente argentino Juan Domingo Per\u00f3n (1895-1974).<\/p>\n<p>Coscia destac\u00f3 que el realizador &#8220;ha metaforizado las etapas del peronismo, de manera intuitiva&#8221; y que &#8220;nunca perdi\u00f3 conciencia de clase, ni el ser popular&#8221;.<\/p>\n<p>En un comunicado, la Secretar\u00eda de Derechos Humanos destac\u00f3 a Favio como &#8220;uno de los directores m\u00e1s importantes de la historia del cine nacional&#8221;, quien &#8220;durante toda su vida estuvo comprometido con la realidad de su pueblo&#8221;.<\/p>\n<p>Su \u00faltima pel\u00edcula, &#8220;Aniceto&#8221;, estrenada en 2008, es una nueva versi\u00f3n de su cinta &#8220;El romance del Aniceto y la Francisca&#8221; (1967).<\/p>\n<p>&#8220;Me muero de dolor. Creo que no quiero hacer m\u00e1s cine&#8221;, dijo la actriz Graciela Borges, quien trabaj\u00f3 bajo las \u00f3rdenes de Favio en &#8220;El dependiente&#8221;.<\/p>\n<p>&#8220;Me cri\u00e9 cantando las canciones de \u00e9l y luego descubr\u00ed su cine. Lo que m\u00e1s siento y lamento de esta p\u00e9rdida es \u00e9l como persona, su autenticidad y sinceridad&#8221;, dijo por su parte el actor Ricardo Dar\u00edn.<\/p>\n<p>La directora Paula de Luque sostuvo que &#8220;Favio es el gran maestro del cine de alta calidad, pero adem\u00e1s de un cine popular para todo el mundo&#8221;.<\/p>\n<p>&#8220;Y eso ten\u00eda que ver con su militancia por la causa popular. Los directores nos quedamos un poco hu\u00e9rfanos&#8221;, se\u00f1al\u00f3 la realizadora.<\/p>\n<p>Favio ten\u00eda en proyecto la realizaci\u00f3n del filme &#8220;Mantel de hule&#8221;, seg\u00fan revel\u00f3 Andr\u00e9s Echeveste, director de arte y amigo del fallecido cineasta, quien cont\u00f3 que el gui\u00f3n de la pel\u00edcula era &#8220;autobiogr\u00e1fico, sobre sus a\u00f1os del exilio&#8221;.<\/p>\n<p>&#8220;Este proyecto lo manten\u00eda despierto, contento y con ganas&#8221;, se\u00f1al\u00f3.<\/p>\n<\/div>\n<\/div>\n","protected":false},"excerpt":{"rendered":"<p>Leonardo Favio, uno de los mayores exponentes de la cinematograf\u00eda argentina, muri\u00f3 este lunes en Buenos Aires a los 74 a\u00f1os.<\/p>\n","protected":false},"author":1,"featured_media":423615,"comment_status":"open","ping_status":"open","sticky":false,"template":"","format":"standard","meta":{"footnotes":""},"categories":[80,23],"tags":[43,5599,2202,2841,5600,5601],"class_list":["post-423614","post","type-post","status-publish","format-standard","has-post-thumbnail","hentry","category-cine-2","category-latinoamerica","tag-argentina","tag-cantante","tag-cine-3","tag-fallece","tag-favio","tag-leonardo"],"_links":{"self":[{"href":"https:\/\/diarioelpopular.com\/index.php\/wp-json\/wp\/v2\/posts\/423614","targetHints":{"allow":["GET"]}}],"collection":[{"href":"https:\/\/diarioelpopular.com\/index.php\/wp-json\/wp\/v2\/posts"}],"about":[{"href":"https:\/\/diarioelpopular.com\/index.php\/wp-json\/wp\/v2\/types\/post"}],"author":[{"embeddable":true,"href":"https:\/\/diarioelpopular.com\/index.php\/wp-json\/wp\/v2\/users\/1"}],"replies":[{"embeddable":true,"href":"https:\/\/diarioelpopular.com\/index.php\/wp-json\/wp\/v2\/comments?post=423614"}],"version-history":[{"count":0,"href":"https:\/\/diarioelpopular.com\/index.php\/wp-json\/wp\/v2\/posts\/423614\/revisions"}],"wp:featuredmedia":[{"embeddable":true,"href":"https:\/\/diarioelpopular.com\/index.php\/wp-json\/"}],"wp:attachment":[{"href":"https:\/\/diarioelpopular.com\/index.php\/wp-json\/wp\/v2\/media?parent=423614"}],"wp:term":[{"taxonomy":"category","embeddable":true,"href":"https:\/\/diarioelpopular.com\/index.php\/wp-json\/wp\/v2\/categories?post=423614"},{"taxonomy":"post_tag","embeddable":true,"href":"https:\/\/diarioelpopular.com\/index.php\/wp-json\/wp\/v2\/tags?post=423614"}],"curies":[{"name":"wp","href":"https:\/\/api.w.org\/{rel}","templated":true}]}}