{"id":423800,"date":"2012-11-05T21:08:00","date_gmt":"2012-11-06T02:08:00","guid":{"rendered":"http:\/\/diarioelpopular.com\/?p=423800"},"modified":"2012-11-05T21:08:00","modified_gmt":"2012-11-06T02:08:00","slug":"la-zona-de-convergencia-intertropical-se-traslada-hacia-el-norte","status":"publish","type":"post","link":"https:\/\/diarioelpopular.com\/index.php\/2012\/11\/05\/la-zona-de-convergencia-intertropical-se-traslada-hacia-el-norte\/","title":{"rendered":"La zona de convergencia intertropical se traslada hacia el norte"},"content":{"rendered":"<div id=\"attachment_423801\" style=\"width: 649px\" class=\"wp-caption aligncenter\"><a href=\"https:\/\/diarioelpopular.com\/wp-content\/uploads\/2012\/11\/la-zona-de-convergencia-intertropical-lluvias.jpeg\"><img loading=\"lazy\" decoding=\"async\" aria-describedby=\"caption-attachment-423801\" class=\"size-full wp-image-423801\" title=\"la zona de convergencia intertropical lluvias\" src=\"https:\/\/diarioelpopular.com\/wp-content\/uploads\/2012\/11\/la-zona-de-convergencia-intertropical-lluvias.jpeg\" alt=\"\" width=\"639\" height=\"477\" \/><\/a><p id=\"caption-attachment-423801\" class=\"wp-caption-text\">&quot;La llamada zona de convergencia intertropical se ha ido moviendo aproximadamente 1,5 kil\u00f3metros por a\u00f1o hacia el norte&quot;, dijo a Efe en entrevista telef\u00f3nica el investigador peruano Francisco Ch\u00e1vez, del Instituto de Investigaci\u00f3n del Acuario de la Bah\u00eda Monterey, en California.<\/p><\/div>\n<p><strong><em>Washington.-<\/em><\/strong> El cintur\u00f3n de baja presi\u00f3n en torno a la Tierra donde se encuentran el aire c\u00e1lido y h\u00famedo de latitudes al norte y el sur se ha ido trasladando lentamente hacia el norte, seg\u00fan un art\u00edculo que publica este lunes la revista Proceedings of the National Academy of Sciences.<\/p>\n<div id=\"texto\">\n<div>\n<p>&#8220;La llamada zona de convergencia intertropical se ha ido moviendo aproximadamente 1,5 kil\u00f3metros por a\u00f1o hacia el norte&#8221;, dijo en entrevista telef\u00f3nica el investigador peruano Francisco Ch\u00e1vez, del Instituto de Investigaci\u00f3n del Acuario de la Bah\u00eda Monterey, en California.<\/p>\n<p>Ese traslado ha estado ocurriendo desde la llamada &#8220;peque\u00f1a edad de hielo&#8221; -un periodo fr\u00edo que abarc\u00f3 desde comienzos del siglo XIV hasta mediados del XIX- y ha estado aceler\u00e1ndose recientemente, seg\u00fan mediciones hechas en los \u00faltimos 15 a\u00f1os en la regi\u00f3n costera de Venezuela sobre el Caribe.<\/p>\n<p>&#8220;El cambio clim\u00e1tico ocurre&#8221;, a\u00f1adi\u00f3 Ch\u00e1vez, quien advirti\u00f3 que &#8220;no es sencillo determinar en qu\u00e9 grado es un proceso natural o en qu\u00e9 grado resulta del impacto de la actividad humana, del mismo modo que no es uniforme y no todos sus efectos son negativos en todas partes&#8221;.<\/p>\n<p>&#8220;Los estudios paleoclim\u00e1ticos, que extraen su informaci\u00f3n del hielo en las cumbres heladas o las capas polares, o en los sedimentos del fondo del mar, nos permiten reconstruir lo ocurrido en el pasado m\u00e1s o menos lejano&#8221;, a\u00f1adi\u00f3.<\/p>\n<p>Cuando el mundo ha pasado por fases m\u00e1s fr\u00edas las capas polares se han expandido, especialmente la del norte, y todos los centros de baja presi\u00f3n se reorganizaron.<\/p>\n<p>&#8220;Los estudios paleoclim\u00e1ticos nos permiten determinar que esa zona de convergencia estuvo m\u00e1s al sur que su zona normal actual, y lo opuesto se espera cuando el mundo se calienta&#8221;, agreg\u00f3 y sostuvo que &#8220;la zona se traslada al norte&#8221;.<\/p>\n<p>El movimiento de la zona de baja presi\u00f3n modifica la estructura de los vientos que crean el fen\u00f3meno de &#8216;afloramiento'&#8221;, continu\u00f3 Ch\u00e1vez.<\/p>\n<p>La capa superficial del mar es pobre en formas de vida, m\u00e1s abajo est\u00e1n capas en las cuales se descompone la materia org\u00e1nica y se transforma en fertilizante, y en el fondo donde no hay luz no se utiliza ese fertilizante.<\/p>\n<p>Seg\u00fan el investigador, el &#8220;afloramiento&#8221; promovido por los vientos lleva hacia la superficie las capas m\u00e1s profundas y fertiliza el oc\u00e9ano, aumenta la abundancia de algas que producen fotos\u00edntesis y otras formas de vida marina. Asimismo emergen de las aguas m\u00e1s fr\u00edas del fondo del oc\u00e9ano.<\/p>\n<p>&#8220;En las condiciones actuales, con el traslado de la zona de convergencia se contrarresta el afloramiento, baja la abundancia de peces como las sardinas&#8221;, dijo.<\/p>\n<p>Estos cambios siempre han ocurrido de manera lineal, declar\u00f3 Ch\u00e1vez, que asegur\u00f3 que &#8220;siempre en la misma direcci\u00f3n y de manera gradual&#8221;.<\/p>\n<p>&#8220;Pero los cambios en la vida marina han sido m\u00e1s espectaculares&#8221;, agreg\u00f3 y matiz\u00f3 que &#8220;por ejemplo, aunque el clima va cambiando, no se registran cambios en la vida marina por una d\u00e9cada y, de pronto, ocurre una disminuci\u00f3n repentina&#8221;.<\/p>\n<p>&#8220;Pensamos que el sistema ecol\u00f3gico reacciona de forma no lineal. Puede soportar cambios peque\u00f1os por un tiempo pero llega a un punto de vuelco y las cosas cambian abruptamente. Esto dificulta mucho el pron\u00f3stico&#8221;, concluy\u00f3.<\/p>\n<\/div>\n<\/div>\n","protected":false},"excerpt":{"rendered":"<p>El cintur\u00f3n de baja presi\u00f3n en torno a la Tierra donde se encuentran el aire c\u00e1lido y h\u00famedo de latitudes al norte y el sur se ha ido trasladando lentamente hacia el norte.<\/p>\n","protected":false},"author":1,"featured_media":423801,"comment_status":"open","ping_status":"open","sticky":false,"template":"","format":"standard","meta":{"footnotes":""},"categories":[24],"tags":[5612,5613,2815],"class_list":["post-423800","post","type-post","status-publish","format-standard","has-post-thumbnail","hentry","category-mundo","tag-convergencia","tag-intertropical","tag-norte"],"_links":{"self":[{"href":"https:\/\/diarioelpopular.com\/index.php\/wp-json\/wp\/v2\/posts\/423800","targetHints":{"allow":["GET"]}}],"collection":[{"href":"https:\/\/diarioelpopular.com\/index.php\/wp-json\/wp\/v2\/posts"}],"about":[{"href":"https:\/\/diarioelpopular.com\/index.php\/wp-json\/wp\/v2\/types\/post"}],"author":[{"embeddable":true,"href":"https:\/\/diarioelpopular.com\/index.php\/wp-json\/wp\/v2\/users\/1"}],"replies":[{"embeddable":true,"href":"https:\/\/diarioelpopular.com\/index.php\/wp-json\/wp\/v2\/comments?post=423800"}],"version-history":[{"count":0,"href":"https:\/\/diarioelpopular.com\/index.php\/wp-json\/wp\/v2\/posts\/423800\/revisions"}],"wp:featuredmedia":[{"embeddable":true,"href":"https:\/\/diarioelpopular.com\/index.php\/wp-json\/"}],"wp:attachment":[{"href":"https:\/\/diarioelpopular.com\/index.php\/wp-json\/wp\/v2\/media?parent=423800"}],"wp:term":[{"taxonomy":"category","embeddable":true,"href":"https:\/\/diarioelpopular.com\/index.php\/wp-json\/wp\/v2\/categories?post=423800"},{"taxonomy":"post_tag","embeddable":true,"href":"https:\/\/diarioelpopular.com\/index.php\/wp-json\/wp\/v2\/tags?post=423800"}],"curies":[{"name":"wp","href":"https:\/\/api.w.org\/{rel}","templated":true}]}}